{"id":3828,"date":"2016-09-13T10:37:33","date_gmt":"2016-09-13T09:37:33","guid":{"rendered":"http:\/\/hyperbate.fr\/castagne\/?p=3828"},"modified":"2025-01-25T23:56:51","modified_gmt":"2025-01-25T22:56:51","slug":"veilsousveillance","status":"publish","type":"post","link":"https:\/\/hyperbate.fr\/castagne\/2016\/09\/13\/veilsousveillance\/","title":{"rendered":"Veilsousveillance"},"content":{"rendered":"\n<p>Je d\u00e9couvre cette semaine&nbsp;le comique \u00ab\u00a0stand-up\u00a0\u00bb calme Fary Brito et je trouve tr\u00e8s juste <a href=\"https:\/\/www.youtube.com\/watch?v=raAlhnXEF8c\">son intervention dans l&rsquo;\u00e9mission On n&rsquo;est pas couch\u00e9<\/a>&nbsp;: <em>\u00ab\u00a0je suis contre les gens qui sont contre, parce qu&rsquo;\u00e0 cause de ces gens-l\u00e0 qui sont contre, nous on se&nbsp;retrouve \u00e0 d\u00e9fendre le&#8230; burkini ! (&#8230;) je m&rsquo;en fous du Burkini, c&rsquo;est moche, moi je me retrouve \u00e0 trouver des arguments pour des gens qui veulent se baigner eu duvet\u00a0\u00bb<\/em>. Mais comment se retenir de continuer \u00e0 en parler, consid\u00e9rant le festival permanent de d\u00e9clarations grandiloquentes ou mesquines, parano\u00efaques ou va-t-en-guerre (et souvent tout \u00e7a en m\u00eame temps) auquel on assiste depuis des mois ?<br>Continuons notre chronique, que je publie \u00e0 l&rsquo;heure m\u00eame o\u00f9 mes \u00e9tudiants en Cr\u00e9ation Litt\u00e9raire rencontrent en chair et en os Salman Rushdie, qui a r\u00e9cemment dit qu&rsquo;il <em>\u00ab\u00a0faut se moquer de la religion, car la religion est absurde avant tout\u00a0\u00bb<\/em>. Amen.<\/p>\n\n\n\n<p>La comp\u00e9tition pr\u00e9sidentielle&nbsp;pousse \u00e0 la surench\u00e8re, y compris&nbsp;des gens qui ne font habituellement pas de l&rsquo;autorit\u00e9 leur cheval de bataille :<\/p>\n\n\n<div class=\"wp-block-image size-full wp-image-3835\">\n<figure class=\"alignright\"><img decoding=\"async\" width=\"792\" height=\"483\" src=\"files\/2016\/09\/koufarisme.jpg\" alt=\"Ouille ! Cette semaine, Nathalie Kosciusko-Morizet lance une p\u00e9tition contre les courants radicaux de l'Islam politique, au premier rang desquels le &quot;Koufarisme&quot;, qui n'existe pas, d'autant que &quot;kouffar&quot; est le pluriel de &quot;K\u00e2fir&quot;, qui signifie &quot;infid\u00e8le&quot;, ou &quot;m\u00e9cr\u00e9ant&quot; (voir moi r\u00e9cent article au sujet de ce mot).. \" class=\"wp-image-3835\" srcset=\"https:\/\/hyperbate.fr\/castagne\/files\/2016\/09\/koufarisme.jpg 792w, https:\/\/hyperbate.fr\/castagne\/files\/2016\/09\/koufarisme-300x183.jpg 300w, https:\/\/hyperbate.fr\/castagne\/files\/2016\/09\/koufarisme-768x468.jpg 768w, https:\/\/hyperbate.fr\/castagne\/files\/2016\/09\/koufarisme-624x381.jpg 624w\" sizes=\"(max-width: 792px) 100vw, 792px\" \/><figcaption class=\"wp-element-caption\">Ouille ! Cette semaine, Nathalie Kosciusko-Morizet lance une p\u00e9tition contre les courants radicaux de l&rsquo;Islam politique, au premier rang desquels le \u00ab\u00a0Koufarisme\u00a0\u00bb, qui n&rsquo;existe pas, d&rsquo;autant que \u00ab\u00a0kouffar\u00a0\u00bb est le pluriel de \u00ab\u00a0K\u00e2fir\u00a0\u00bb, qui signifie \u00ab\u00a0infid\u00e8le\u00a0\u00bb, ou \u00ab\u00a0m\u00e9cr\u00e9ant\u00a0\u00bb (<a href=\"https:\/\/hyperbate.fr\/castagne\/2016\/05\/16\/on-se-traite-de-kouffars\/\" target=\"_blank\" rel=\"noopener\">voir moi r\u00e9cent article au sujet de ce mot<\/a>).\u00a0Est-ce qu&rsquo;elle veut dire qu&rsquo;elle condamne les musulmans non-croyants\u00a0!?!<\/figcaption><\/figure>\n<\/div>\n\n\n<p>J&rsquo;imagine que beaucoup de personnalit\u00e9s politiques sont persuad\u00e9es (et sans doute&nbsp;\u00e0 juste titre, il faut le d\u00e9plorer) qu&rsquo;en cette p\u00e9riode d&rsquo;incertitudes et de peur, tout discours qui se veut rassurant&nbsp;sera non seulement inaudible, mais insupportable, jug\u00e9 \u00e9pidermiquement indigne des enjeux du temps qui r\u00e9clament, apparemment, une r\u00e9duction volontaire des libert\u00e9s et du niveau intellectuel g\u00e9n\u00e9ral.<\/p>\n\n\n\n<p>Ainsi, le fait que le pape Fran\u00e7ois ait r\u00e9pondu au massacre du&nbsp;cur\u00e9 \u00e0 Saint-\u00c9tienne-du-Rouvray&nbsp;en expliquant que le monde \u00e9tait bien en guerre mais qu&rsquo;il ne s&rsquo;agissait pas d&rsquo;une guerre de religion, mais d&rsquo;une question d&rsquo;int\u00e9r\u00eats financiers, a profond\u00e9ment d\u00e9\u00e7u nombre de catholiques, jusqu&rsquo;\u00e0 un journaliste polonais qui traite son commandeur des croyants de d\u00e9bile, et au&nbsp;bodybuilder et candidat&nbsp;ultra-catholique aux \u00e9lections pr\u00e9sidentielles Marian Kowalski, qui s&rsquo;est senti ulc\u00e9r\u00e9 en voyant l\u2019\u00e9v\u00eaque de Rome laver les pieds de quelques migrants syriens<sup><a href=\"#footnote_1_3828\" id=\"identifier_1_3828\" class=\"footnote-link footnote-identifier-link\" title=\"Si vous n&rsquo;&ecirc;tes pas familier du catholicisme et des &Eacute;vangiles le lavement des pieds&nbsp;(notamment les pieds d&rsquo;&eacute;trangers, de voyageurs ou de pauvres), est un&nbsp;rituel&nbsp;banal pour les papes.\">1<\/a><\/sup>.<br>Tous ces&nbsp;bons chr\u00e9tiens attendaient un discours offensif, un discours d&rsquo;affrontement, pas un pape qui se demande si quand un chr\u00e9tien bat son \u00e9pouse cela rel\u00e8ve de la \u00ab\u00a0violence chr\u00e9tienne\u00a0\u00bb. J&rsquo;ai bien ri en lisant le chapeau de cet article trouv\u00e9 sur <em>Causeur<\/em> (mais dont je ne peux lire beaucoup plus que cet aper\u00e7u) qui reproche au souverain pontife d&rsquo;\u00eatre pontifiant, et de ne pas \u00eatre r\u00e9confortant&#8230; \u00e0 force de se montrer l\u00e9nifiant (c&rsquo;est \u00e0 dire apaisant).<\/p>\n\n\n<div class=\"wp-block-image wp-image-3843 size-full\">\n<figure class=\"alignright\"><img decoding=\"async\" width=\"676\" height=\"718\" src=\"files\/2016\/09\/pontifexpontifiant.jpg\" alt=\"pontifexpontifiant\" class=\"wp-image-3843\" srcset=\"https:\/\/hyperbate.fr\/castagne\/files\/2016\/09\/pontifexpontifiant.jpg 676w, https:\/\/hyperbate.fr\/castagne\/files\/2016\/09\/pontifexpontifiant-282x300.jpg 282w, https:\/\/hyperbate.fr\/castagne\/files\/2016\/09\/pontifexpontifiant-624x663.jpg 624w\" sizes=\"(max-width: 676px) 100vw, 676px\" \/><figcaption class=\"wp-element-caption\">Le souverain pontife qui pontifie, \u00e7a semble plut\u00f4t dans l&rsquo;ordre des choses ! C&rsquo;est m\u00eame son m\u00e9tier. Mais c&rsquo;est quoi cette femme voil\u00e9e qui a \u00e9crit \u00ab\u00a0I Love Jesus\u00a0\u00bb sur son dos ?<\/figcaption><\/figure>\n<\/div>\n\n\n<p>Une tendance nouvelle \u00e9merge : filmer des altercations li\u00e9es au port du hijab (et d\u00e9riv\u00e9s) dans l&rsquo;espace public. Je propose d&rsquo;appeler cette nouvelle forme de <a href=\"https:\/\/fr.wikipedia.org\/wiki\/Sousveillance\">sousveillance<\/a> la <em>veilsousveillance<\/em>.<br>C&rsquo;est ce qu&rsquo;ont fait deux femmes que le chef d&rsquo;un restaurant de Tremblay-en-France <a href=\"http:\/\/france3-regions.francetvinfo.fr\/paris-ile-de-france\/seine-saint-denis\/tremblay-en-france-une-video-cree-la-polemique-sur-le-net-1073517.html\">refusait de servir<\/a> au motif qu&rsquo;elles \u00e9taient musulmanes et que <em>\u00ab\u00a0tous les musulmans sont des terroristes\u00a0\u00bb<\/em>. C&rsquo;est &nbsp;aussi ce qui est arriv\u00e9 l&rsquo;an pass\u00e9 (mais l&rsquo;affaire, class\u00e9e sans suite par la justice, refait surface cette semaine devant l&rsquo;ordre des m\u00e9decins) <a href=\"http:\/\/www.ledauphine.com\/faits-divers\/2016\/09\/03\/une-medecin-iseroise-jugee-pour-une-altercation-avec-une-patiente-voilee\">dans les Vosges<\/a>, o\u00f9 la rempla\u00e7ante d&rsquo;un m\u00e9decin a expliqu\u00e9 <em>\u00ab\u00a0ne plus vouloir de femmes voil\u00e9es dans son cabinet\u00a0\u00bb<\/em>&nbsp;et m\u00eame <em>\u00ab\u00a0en France\u00a0\u00bb<\/em> et a affirm\u00e9 que&nbsp;le port du voile constitue un&nbsp;<em>\u00ab\u00a0acte de pros\u00e9lytisme\u00a0\u00bb<\/em>&nbsp;et est <em>\u00ab\u00a0ill\u00e9gal\u00a0\u00bb<\/em>. Ce qui est int\u00e9ressant dans cette affaire, c&rsquo;est que la patiente, venue consulter \u00e0 cause de son hypertension, a eu le droit a une consultation et \u00e0 une ordonnance, la m\u00e9decin n&rsquo;a absolument pas refus\u00e9 de faire son m\u00e9tier, mais la patiente a \u00e9t\u00e9 m\u00e9contente de son traitement, jugeant l&rsquo;auscultation b\u00e2cl\u00e9e, et refusant le m\u00e9dicament prescrit, qu&rsquo;elle tol\u00e8re mal, reprochant \u00e0 la docteure d&rsquo;avoir <em>\u00ab\u00a0b\u00e2cl\u00e9 en deux minutes\u00a0\u00bb<\/em>&nbsp;son fils lors d&rsquo;une consultation pass\u00e9e, et,&nbsp;pour finir,&nbsp;en refusant de payer la consultation, tandis que la praticienne qui se trouvait en face d&rsquo;elle d\u00e9chirait l&rsquo;ordonnance. Toute la partie de l&rsquo;altercation pendant laquelle le m\u00e9decin explique son rejet des musulmans a \u00e9t\u00e9 film\u00e9, avec son accord. Outre l&rsquo;islamophobie (au sens strict : peur de l&rsquo;Islam) ordinaire, ce qui se manifeste ici est aussi la modification des rapports entre le m\u00e9decin et le patient : le patient sait ce qu&rsquo;il veut, sait comment on doit le soigner, sait quel m\u00e9dicament il ne veut pas, et conteste l&rsquo;autorit\u00e9 autrefois indiscut\u00e9e&nbsp;du praticien, jusqu&rsquo;\u00e0 le faire sortir de ses gonds et, pour finir, exprimer le fond de sa pens\u00e9e jusqu&rsquo;\u00e0 risquer d&rsquo;\u00eatre radi\u00e9 de l&rsquo;ordre des m\u00e9decins pour une consultation \u00e0 vingt-trois euros.<\/p>\n\n\n\n<p>Tout \u00e7a me fait penser \u00e0 un signe mineur de la fin des temps dans l&rsquo;eschatologie islamique : Les objets parleront aux hommes afin de les informer de ce qui s&rsquo;est produit en leur absence<sup><a href=\"#footnote_2_3828\" id=\"identifier_2_3828\" class=\"footnote-link footnote-identifier-link\" title=\"Si je ne craignais pas une fatwa, j&rsquo;&eacute;crirais une histoire de voyage dans le temps dans laquelle le proph&egrave;te est projet&eacute; quelques jours&nbsp;&agrave; notre &eacute;poque, observant sans comprendre le monde tel qu&rsquo;il est 1400 ans apr&egrave;s sa naissance, et en ramenant des visions de signes annonciateurs de la fin des temps : L&rsquo;usure (les banques, quoi) se propagera &ndash; Le vin sera licite et sera largement consomm&eacute; &ndash; Les forces de police seront multipli&eacute;es (promesse de campagne) &ndash; Les vieux se feront jeunes &ndash; le salut ne sera adress&eacute; qu&rsquo;&agrave; ceux qu&rsquo;on conna&icirc;t &ndash; Les bergers construiront des maisons de plus en plus hautes (Duba&iuml;) &ndash; Les d&eacute;serts seront construits &ndash; Les femmes seront habill&eacute;es mais nues &ndash; Les saisons seront trompeuses,&hellip;\">2<\/a><\/sup>.<\/p>\n\n\n<div class=\"wp-block-image size-full wp-image-3856\">\n<figure class=\"alignright\"><img decoding=\"async\" width=\"792\" height=\"227\" src=\"files\/2016\/09\/medecin_restaurant.jpg\" alt=\"Prochaine \u00e9tape : apprendre \u00e0 filmer dans la largeur et pas dans la hauteur.\" class=\"wp-image-3856\" srcset=\"https:\/\/hyperbate.fr\/castagne\/files\/2016\/09\/medecin_restaurant.jpg 792w, https:\/\/hyperbate.fr\/castagne\/files\/2016\/09\/medecin_restaurant-300x86.jpg 300w, https:\/\/hyperbate.fr\/castagne\/files\/2016\/09\/medecin_restaurant-768x220.jpg 768w, https:\/\/hyperbate.fr\/castagne\/files\/2016\/09\/medecin_restaurant-624x179.jpg 624w\" sizes=\"(max-width: 792px) 100vw, 792px\" \/><figcaption class=\"wp-element-caption\">Prochaine \u00e9tape : apprendre \u00e0 filmer dans la largeur et pas dans la hauteur, car \u00e7a donne une petite image avec des marges, sinon.<\/figcaption><\/figure>\n<\/div>\n\n\n<p>On&nbsp;reproche au hijab d&rsquo;\u00eatre un v\u00eatement sexiste, un signe de soumission et en m\u00eame temps un instrument de pros\u00e9lytisme. Tout \u00e7a&nbsp;n&rsquo;est pas n\u00e9cessairement faux, mais j&rsquo;ai d\u00e9fendu cette semaine l&rsquo;id\u00e9e que l&rsquo;on pouvait dire \u00e0 peu pr\u00e8s la m\u00eame chose d&rsquo;un v\u00eatement tel que la cravate. Tout d&rsquo;abord, la cravate est un v\u00eatement plut\u00f4t sexiste : certes des femmes en portent, notamment avec certains uniformes (et \u00e7a prend sans doute un sens dans le rapport sexu\u00e9 \u00e0 la domination), mais en g\u00e9n\u00e9ral, c&rsquo;est un ornement vestimentaire masculin qui est, je cite <a href=\"http:\/\/www.lexpress.fr\/actualite\/societe\/sexualite\/la-cravate-est-un-objet-eminemment-sexuel_1201349.html\">un article de l&rsquo;Express<\/a>, <em>\u00ab\u00a0un&nbsp;accessoire \u00e0 la symbolique phallique, qui (&#8230;)&nbsp;a longtemps tenu lieu de caract\u00e8re sexuel secondaire. Les plus chatoyantes rappellent la queue d&rsquo;un paon ou d&rsquo;un faisan. Cet appendice inutile et g\u00eanant tend \u00e0 montrer le niveau hi\u00e9rarchique de celui qui le porte\u00a0\u00bb<\/em> (l&rsquo;ouvrier ne porte pas de cravate, le risque d&rsquo;accident b\u00eate \u00e9tant certain).&nbsp;La plupart des gens qui portent des cravates ne le font pas pour une raison&nbsp;personnelle, pour le plaisir, mais y sont contraints, et s&rsquo;en d\u00e9barrassent m\u00eame avec plaisir lorsqu&rsquo;ils rentrent du bureau.<br>Il est difficile de savoir quelle est la signification exacte du port de la cravate, car il en existe sans doute plusieurs<sup><a href=\"#footnote_3_3828\" id=\"identifier_3_3828\" class=\"footnote-link footnote-identifier-link\" title=\"Lorsque Piet Mondrian peignait en costume et avec une cravate soigneusement&nbsp;nou&eacute;e autour du&nbsp;cou, c&rsquo;&eacute;tait clairement pour faire son punk, en signifiant que son travail abstrait g&eacute;om&eacute;trique &eacute;tait en rupture avec la tradition cradingue des Beaux-Arts. Les cravates fines que portent certains musiciens ont sans aucun doute un sens diff&eacute;rent de celle des cadres ou des banquiers, etc.\">3<\/a><\/sup>. \u00c0 l&rsquo;origine, c&rsquo;\u00e9tait un signe d&rsquo;engagement sentimental, les hussards croates qui ont donn\u00e9 leur nom \u00e0 l&rsquo;objet le portaient pour signaler qu&rsquo;ils avaient une \u00e9pouse ou une fianc\u00e9e au pays&nbsp;\u2014 c&rsquo;est une repr\u00e9sentation de la \u00ab\u00a0corde au cou\u00a0\u00bb.<br>Je ne peux pas interdire aux gens de porter une cravate, je connais d&rsquo;ailleurs des gens qui en portent avec plaisir, c&rsquo;est leur choix et je le respecte. Mais je sais aussi que certaines personnes sont forc\u00e9es d&rsquo;en porter. Dans certains environnements professionnels, les personnes qui refusent de porter des cravates sont mal vus, et n&rsquo;ont tout simplement pas le choix. \u00c0 l&rsquo;Assembl\u00e9e nationale, les 422 hommes \u00e9lus par le peuple pour voter ses lois et d\u00e9cider de leur propre salaire se voient refuser l&rsquo;entr\u00e9e dans l&rsquo;h\u00e9micycle par des huissiers s&rsquo;ils ne sont pas v\u00eatus correctement, c&rsquo;est \u00e0 dire s&rsquo;ils ne portent pas de cravate. Les services de l&rsquo;Assembl\u00e9e disposent de tout un stock de cravates \u00e0 nouer au cou des \u00e9tourdis.<br>Cette soumission \u00e0 un code vestimentaire cens\u00e9 signifier le respect des valeurs r\u00e9publicaines est volontaire, ou presque, puisque ce sont les d\u00e9put\u00e9s eux-m\u00eames qui valident r\u00e9guli\u00e8rement ce r\u00e8glement. Mais il n&rsquo;en est certainement pas de m\u00eame dans tous les bureaux de la D\u00e9fense, o\u00f9 la cravate et autres signes all\u00e9geance au monde du travail constituent des obligations.<\/p>\n\n\n<div class=\"wp-block-image size-full wp-image-3863\">\n<figure class=\"alignright\"><img decoding=\"async\" width=\"792\" height=\"606\" src=\"files\/2016\/09\/bourgeois_de_calais.jpg\" alt=\"A\" class=\"wp-image-3863\" srcset=\"https:\/\/hyperbate.fr\/castagne\/files\/2016\/09\/bourgeois_de_calais.jpg 792w, https:\/\/hyperbate.fr\/castagne\/files\/2016\/09\/bourgeois_de_calais-300x230.jpg 300w, https:\/\/hyperbate.fr\/castagne\/files\/2016\/09\/bourgeois_de_calais-768x588.jpg 768w, https:\/\/hyperbate.fr\/castagne\/files\/2016\/09\/bourgeois_de_calais-624x477.jpg 624w\" sizes=\"(max-width: 792px) 100vw, 792px\" \/><figcaption class=\"wp-element-caption\">En 1347, apr\u00e8s onze mois de si\u00e8ge, le roi Henri III d&rsquo;Angleterre re\u00e7oit les clefs de la ville de Calais, apport\u00e9es, comme il l&rsquo;a exig\u00e9, par les six plus importants bourgeois de la ville, qui portent tous une corde au cou en signe de soumission : ils offrent leur vie pour sauver leur cit\u00e9 (l&rsquo;histoire a longtemps retenu un sacrifice, mais des t\u00e9moignages semblent laisser penser que ce sacrifice \u00e9tait juste symbolique).<\/figcaption><\/figure>\n<\/div>\n\n\n<p>Je&nbsp;sais que cette comparaison entre le hijab et la cravate ne pourra que choquer&nbsp;certains. Effectivement, il n&rsquo;y a pas, derri\u00e8re la cravate, de groupes de pression religieux qui font progresser ce v\u00eatement \u00e0 coup de scandales ou de pol\u00e9miques. Mais je pense de mon c\u00f4t\u00e9 que dans beaucoup de pays du monde&nbsp;\u2014 pas en France, certes, le hijab est un v\u00eatement certes fortement cod\u00e9, impos\u00e9 par la soci\u00e9t\u00e9, mais qui n&rsquo;est pas plus r\u00e9fl\u00e9chi ou th\u00e9oris\u00e9 par celles qui le portent que ne l&rsquo;est la cravate de par chez nous.<br>Oublions la cravate. Oublions le tissu.<br>En France, en 2016, les musulmans, les juifs, et un certain nombre de personnes originaires d&rsquo;Afrique subsaharienne (quelle que soit leur religion) pratiquent une mutilation rituelle sur des gar\u00e7ons, g\u00e9n\u00e9ralement apr\u00e8s leur premi\u00e8re semaine d&rsquo;existence, o\u00f9 plus tard dans le cadre d&rsquo;une conversion. Dans l&rsquo;immense majorit\u00e9 des cas, cette mutilation traditionnelle n&rsquo;est pas pratiqu\u00e9e sur des personnes consentantes, elle est tout simplement impos\u00e9e \u00e0 des nourrissons. Les justifications \u00e0 cette op\u00e9ration sont diverses : alliance avec Dieu, appartenance communautaire, appartenance \u00e0 la gent masculine ou encore hygi\u00e8ne (sans la moindre base scientifique). M\u00eame si cela semble rare, cette op\u00e9ration peut mal se passer, la mutilation peut s&rsquo;accompagner d&rsquo;h\u00e9morragies, d&rsquo;infections, de n\u00e9crose, et d&rsquo;accidents divers. Il semble que pour le nourrisson, la douleur soit intense. Si la sexualit\u00e9 des hommes circoncis, une fois adultes, n&rsquo;est apparemment pas affect\u00e9e, ce n&rsquo;est pas toujours l&rsquo;avis de leurs partenaires, dont certaines se plaignent d&rsquo;avoir des difficult\u00e9s \u00e0 atteindre l&rsquo;orgasme ou constatent plus de douleurs li\u00e9es aux rapports sexuels<sup><a href=\"#footnote_4_3828\" id=\"identifier_4_3828\" class=\"footnote-link footnote-identifier-link\" title=\"Lire : Male circumcision and sexual function in men and women,&nbsp;2011,&nbsp;par&nbsp;Morten Frisch1, Morten Lindholm1 et Morten Gr&oslash;nb&aelig;k, mais aussi The Foreskin: Why Is It Such A Secret In North America?, par Spoony Quine (2015), qui explique sa d&eacute;couverte de la sexualit&eacute; avec un homme &laquo;&nbsp;intact&nbsp;&raquo; : &laquo;&nbsp;This frictionless appendage made me realize that sex doesn&rsquo;t have to be painful or cause hazardous inflammation&nbsp;&raquo;.\">4<\/a><\/sup>.<br>La r\u00e9publique est tr\u00e8s \u00e0 cheval sur des pratiques ostentatoires mais r\u00e9versibles, comme le fait de porter ou non un truc sur la t\u00eate, et refuse fermement une mutilation (incomparablement plus grave il est vrai) comme l&rsquo;excision, mais ne dit rien sur la circoncision sans justification m\u00e9dicale, qui est pourtant th\u00e9oriquement ill\u00e9gale en France autant que&nbsp;selon une r\u00e9cente d\u00e9cision du conseil de l&rsquo;Europe, puisqu&rsquo;elle constitue une violation de l&rsquo;int\u00e9grit\u00e9 physique de l&rsquo;enfant.&nbsp;L&rsquo;actuel premier ministre Manuel Valls, lorsqu&rsquo;il \u00e9tait ministre de l&rsquo;Int\u00e9rieur (et des cultes) avait fortement pris position en d\u00e9fense de la circoncision et de l&rsquo;abattage rituel Casher (ou Halal, c&rsquo;est le m\u00eame) :<\/p>\n\n\n\n<blockquote class=\"wp-block-quote is-layout-flow wp-block-quote-is-layout-flow\">\n<p>La France, r\u00e9publique la\u00efque, s\u2019est dot\u00e9e d\u2019un cadre juridique clair, qui garantit le libre exercice des pratiques religieuses. Il est donc hors de question de revenir sur l\u2019abattage rituel et les pratiques traditionnelles. Je l\u2019ai dit, je le r\u00e9p\u00e8te : les Juifs de France peuvent porter leur kippa avec fiert\u00e9. Ils peuvent manger casher et proc\u00e9der \u00e0 la circoncision. Le d\u00e9bat sur la \u00bb remise en cause \u00bb de la circoncision rel\u00e8ve de la m\u00e9connaissance la plus totale de ce que sont l\u2019identit\u00e9 et la culture juive. Une telle remise en cause est idiote et indigne. En France, la libert\u00e9 de pratique vaut pour toutes les religions dans le cadre pr\u00e9vu par la la\u00efcit\u00e9. Un cadre qui impose notamment l\u2019absence de signes religieux dans les \u00e9coles publiques et les services publics<sup><a href=\"#footnote_5_3828\" id=\"identifier_5_3828\" class=\"footnote-link footnote-identifier-link\" title=\"Dans : Information Juive, Octobre 2012.\">5<\/a><\/sup>.<\/p>\n<\/blockquote>\n\n\n\n<p>&#8230;On ne comptera donc pas sur l&rsquo;actuel premier ministre pour mettre en cause cette pratique archa\u00efque<sup><a href=\"#footnote_6_3828\" id=\"identifier_6_3828\" class=\"footnote-link footnote-identifier-link\" title=\"Une autre mutilation pratiqu&eacute;e sur les nouveaux n&eacute;s n&rsquo;est pas souvent mise en question, et est quant &agrave; elle r&eacute;cente : l&rsquo;ablation de caract&egrave;res sexuels ambigus (Intersexuation). Ici, la peur de l&rsquo;ambiguit&eacute; sexuelle pousse le chirurgien &agrave; assigner autoritairement une identit&eacute; sexuelle &agrave; un enfant, non pas avec une connaissance de l&rsquo;identit&eacute; sexuelle qui pr&eacute;domine dans son organisme, s&rsquo;il y en a une, mais sur un crit&egrave;re esth&eacute;tique, en privil&eacute;giant ce qui sera le plus discret. Th&eacute;oriquement destin&eacute; &agrave; &eacute;pargner &agrave; l&rsquo;enfant des troubles psyshologiques, cette pratique peut en causer d&rsquo;autres et sert surtout &agrave; rassurer la soci&eacute;t&eacute; enti&egrave;re sur la fronti&egrave;re imperm&eacute;able qui s&eacute;pare le masculin du f&eacute;minin.\">6<\/a><\/sup>. Ni sur grand monde d&rsquo;autre, les juifs comme les musulmans me semblent attach\u00e9s \u00e0 la circoncision, qui fait partie de leur identit\u00e9 collective, de leur histoire, et surtout, de leur biographie individuelle : difficile de vouloir que ses propres enfants soient exclus d&rsquo;une tradition imm\u00e9moriale, difficile d&rsquo;admettre qu&rsquo;on a subi une violence pour rien, et pire que tout, difficile d&rsquo;admettre qu&rsquo;on a inflig\u00e9 \u00e0 sa propre prog\u00e9niture une souffrance inutile.<br>Tout \u00e7a se comprend tr\u00e8s bien, mais il serait tout de m\u00eame normal que, comme les tatouages ou les piercings, la d\u00e9cision d&rsquo;attenter \u00e0 sa propre int\u00e9grit\u00e9 physique soit prise par les int\u00e9ress\u00e9s en connaissance de cause. Mais je sais bien que ce n&rsquo;est pas facile, d&rsquo;autant que plus la personne est \u00e2g\u00e9e lors de sa circoncision et plus les complications m\u00e9dicales ou la souffrance psychologique sont nombreuses.<\/p>\n\n\n<div class=\"wp-block-image wp-image-3865 size-full\">\n<figure class=\"alignright\"><img decoding=\"async\" width=\"792\" height=\"654\" src=\"files\/2016\/09\/circoncision.jpg\" alt=\"circoncision\" class=\"wp-image-3865\" srcset=\"https:\/\/hyperbate.fr\/castagne\/files\/2016\/09\/circoncision.jpg 792w, https:\/\/hyperbate.fr\/castagne\/files\/2016\/09\/circoncision-300x248.jpg 300w, https:\/\/hyperbate.fr\/castagne\/files\/2016\/09\/circoncision-768x634.jpg 768w, https:\/\/hyperbate.fr\/castagne\/files\/2016\/09\/circoncision-624x515.jpg 624w\" sizes=\"(max-width: 792px) 100vw, 792px\" \/><figcaption class=\"wp-element-caption\">\u00c9tant donn\u00e9 l&rsquo;escamotage de son corps apr\u00e8s son d\u00e9c\u00e8s (canular dont les cons\u00e9quences se font sentir deux mille ans plus tard !), il n&rsquo;existe qu&rsquo;une relique de J\u00e9sus : son pr\u00e9puce. Enfin ses pr\u00e9puces, car quatorze institutions religieuses ont affirm\u00e9 en d\u00e9tenir un. On se demande si le brith milah a \u00e9t\u00e9 r\u00e9alis\u00e9 par sections successives, jusqu&rsquo;\u00e0 obtenir quatorze pr\u00e9puces, si le morceau de chair repoussait magiquement ou s&rsquo;il a \u00e9t\u00e9 d\u00e9bit\u00e9 apr\u00e8s coup.<br>Lorsque les premiers chr\u00e9tiens ont commenc\u00e9 \u00e0 accueillir des non-juifs parmi eux, ces derniers ont \u00e9t\u00e9 dispens\u00e9s de la circoncision, qui les effrayait \u00e0 juste titre. Puis la non-circoncision est devenue un moyen de distinguer les chr\u00e9tiens des juifs, quoiqu&rsquo;elle\u00a0se pratique encore chez certains chr\u00e9tiens, chez les Coptes d&rsquo;\u00c9gypte et d&rsquo;\u00c9thiopie, notamment, mais aussi aux \u00c9tats-Unis, o\u00f9 l&rsquo;op\u00e9ration est pratiqu\u00e9e de mani\u00e8re relativement g\u00e9n\u00e9rale, sans justification religieuse.<\/figcaption><\/figure>\n<\/div>\n\n\n<p>Le&nbsp;m\u00eame Manuel Valls a en revanche commis un vibrant plaidoyer<sup><a href=\"#footnote_7_3828\" id=\"identifier_7_3828\" class=\"footnote-link footnote-identifier-link\" title=\"Colomiers, le 28 ao&ucirc;t 2016.\">7<\/a><\/sup>&nbsp;pour la libert\u00e9 de ne pas mettre de fichu sur ses cheveux, voire de se promener&nbsp;le sein nu :&nbsp;<em>\u00ab\u00a0Marianne a le sein nu parce qu&rsquo;elle nourrit le peuple&nbsp;! Elle n&rsquo;est pas voil\u00e9e parce qu&rsquo;elle est libre\u00a0\u00bb<\/em>. On remarque que le sein est ici au singulier, et c&rsquo;est malin : les algorithmes pudibonds d&rsquo;analyse d&rsquo;image de Facebook d\u00e9tectent&nbsp;efficacement&nbsp;la pr\u00e9sence de poitrines nues lorsque deux seins sont pr\u00e9sents, mais ne per\u00e7oivent pas ce motif&nbsp;lorsqu&rsquo;un seul t\u00e9tin est pr\u00e9sent. Ainsi, un sein unique reste compatible avec les valeurs de&nbsp;Facebook. Mais est-ce compatible avec les valeurs de la R\u00e9publique ? La question est moins \u00e9vidente, puisque montrer sa poitrine dans l&rsquo;espace public peut-\u00eatre&nbsp;(mais dans le cas des femmes seulement)&nbsp;puni comme \u00ab\u00a0exhibition sexuelle\u00a0\u00bb et valoir \u00e0 la contrevenante une inscription au fichier des d\u00e9linquants sexuels, ainsi que c&rsquo;est arriv\u00e9 \u00e0&nbsp;\u00c9lo\u00efse Bouton, \u00e0 l&rsquo;\u00e9poque membre des Femen,&nbsp;qui avait fait grand peur au cur\u00e9 de l&rsquo;\u00c9glise de la Madeleine en lui montrant sa poitrine d\u00e9couverte et tagu\u00e9e de slogans&nbsp;(et accessoirement en simulant un sanglant avortement \u00e0 l&rsquo;aide d&rsquo;abats d&rsquo;animaux).<br>Pas si claire, cette histoire de poitrine de la R\u00e9publique.<\/p>\n\n\n\n<p>Sur la pr\u00e9sence&nbsp;du voile dans l&rsquo;espace public, en tout cas, j&rsquo;ai eu cette semaine une \u00e9piphanie, il me semble avoir compris&nbsp;les&nbsp;grandes diff\u00e9rences de perception du ph\u00e9nom\u00e8ne selon les individus. En discutant, j&rsquo;ai r\u00e9alis\u00e9 que pour les gens qui ont aujourd&rsquo;hui vingt, voire vingt-cinq ans, le hijab a toujours exist\u00e9. Tandis que pour les vieux comme moi, et a fortiori plus \u00e2g\u00e9s et moins urbains, le voile est une nouveaut\u00e9. Ce sera peut-\u00eatre difficile \u00e0 imaginer pour les plus jeunes, mais avant les ann\u00e9es 1990, voire m\u00eame 2000, le hijab n&rsquo;existait pas en France. Les femmes musulmanes d&rsquo;\u00e2ge m\u00fbr&nbsp;se mettaient souvent un fichu sur la t\u00eate, mais c&rsquo;\u00e9tait \u00e0 peu pr\u00e8s le m\u00eame que celui de leurs voisines&nbsp;d&rsquo;origine&nbsp;portugaise, italienne, yougoslave ou paysanne des campagnes fran\u00e7aises, et ce v\u00eatement&nbsp;n&rsquo;\u00e9tait pas identifi\u00e9 comme religieux ni,&nbsp;a fortiori, comme pros\u00e9lyte. C&rsquo;\u00e9tait un truc de femme \u00e2g\u00e9e<sup><a href=\"#footnote_8_3828\" id=\"identifier_8_3828\" class=\"footnote-link footnote-identifier-link\" title=\"Une amie marocaine me dit que dans son pays, le hijab est r&eacute;cent aussi, et que pour elle, le tournant date d&rsquo;il y a exactement quinze ans, avec l&rsquo;effondrement des tours jumelles du World Trade Center, qui a plong&eacute; les musulmans de nombreux pays du monde&nbsp;dans un sentiment de fragilit&eacute;. Jusque lors, le hijab &eacute;tait un v&ecirc;tement port&eacute; par certaines femmes particuli&egrave;rement pieuses, et pouvait &ecirc;tre compar&eacute; au voile des religieuses catholiques. Apr&egrave;s le 9\/11, c&rsquo;est devenu un signe d&rsquo;affirmation d&rsquo;un&nbsp;attachement &agrave; la religion, et peu &agrave; peu, une injonction &agrave; affirmer son appartenance religieuse.\">8<\/a><\/sup>.&nbsp;Cette apparition assez brusque d&rsquo;un v\u00eatement qui rend visible toute une population pourtant d\u00e9j\u00e0 pr\u00e9sente, a clairement \u00e9t\u00e9 v\u00e9cue comme une invasion visuelle par beaucoup de gens en France, expliquant les tensions qui agitent tant le pays en ce moment.<\/p>\n<ol class=\"footnotes\"><li id=\"footnote_1_3828\" class=\"footnote\">Si vous n&rsquo;\u00eates pas familier du catholicisme et des \u00c9vangiles le lavement des pieds&nbsp;(notamment les pieds d&rsquo;\u00e9trangers, de voyageurs ou de pauvres), est un&nbsp;rituel&nbsp;banal pour les papes.<span class=\"footnote-back-link-wrapper\"> [<a href=\"#identifier_1_3828\" class=\"footnote-link footnote-back-link\">&#8617;<\/a>]<\/span><\/li><li id=\"footnote_2_3828\" class=\"footnote\">Si je ne craignais pas une fatwa, j&rsquo;\u00e9crirais une histoire de voyage dans le temps dans laquelle le proph\u00e8te est projet\u00e9 quelques jours&nbsp;\u00e0 notre \u00e9poque, observant sans comprendre le monde tel qu&rsquo;il est 1400 ans apr\u00e8s sa naissance, et en ramenant des visions de signes annonciateurs de la fin des temps : L&rsquo;usure (les banques, quoi) se propagera &#8211; Le vin sera licite et sera largement consomm\u00e9 &#8211; Les forces de police seront multipli\u00e9es (promesse de campagne) &#8211; Les vieux se feront jeunes &#8211; le salut ne sera adress\u00e9 qu&rsquo;\u00e0 ceux qu&rsquo;on conna\u00eet &#8211; Les bergers construiront des maisons de plus en plus hautes (Duba\u00ef) &#8211; Les d\u00e9serts seront construits &#8211; Les femmes seront habill\u00e9es mais nues &#8211; Les saisons seront trompeuses,&#8230; <span class=\"footnote-back-link-wrapper\"> [<a href=\"#identifier_2_3828\" class=\"footnote-link footnote-back-link\">&#8617;<\/a>]<\/span><\/li><li id=\"footnote_3_3828\" class=\"footnote\">Lorsque Piet Mondrian peignait en costume et avec une cravate soigneusement&nbsp;nou\u00e9e autour du&nbsp;cou, c&rsquo;\u00e9tait clairement pour faire son punk, en signifiant que son travail abstrait g\u00e9om\u00e9trique \u00e9tait en rupture avec la tradition cradingue des Beaux-Arts. Les cravates fines que portent certains musiciens ont sans aucun doute un sens diff\u00e9rent de celle des cadres ou des banquiers, etc.<span class=\"footnote-back-link-wrapper\"> [<a href=\"#identifier_3_3828\" class=\"footnote-link footnote-back-link\">&#8617;<\/a>]<\/span><\/li><li id=\"footnote_4_3828\" class=\"footnote\">Lire : <a href=\"http:\/\/ije.oxfordjournals.org\/content\/early\/2011\/06\/13\/ije.dyr104.abstract\"><em>Male circumcision and sexual function in men and women<\/em><\/a>,&nbsp;2011,&nbsp;par&nbsp;Morten Frisch1, Morten Lindholm1 et Morten Gr\u00f8nb\u00e6k, mais aussi <em><a href=\"https:\/\/madsciencewriter.blogspot.com\/2013\/05\/the-foreskin-why-is-it-such-secret-in.html\"><br>The Foreskin: Why Is It Such A Secret In North America?<\/a><\/em>, par Spoony Quine (2015), qui explique sa d\u00e9couverte de la sexualit\u00e9 avec un homme \u00ab\u00a0intact\u00a0\u00bb : <em>\u00ab\u00a0This frictionless appendage made me realize that sex doesn\u2019t have to be painful or cause hazardous inflammation\u00a0\u00bb<\/em>.<span class=\"footnote-back-link-wrapper\"> [<a href=\"#identifier_4_3828\" class=\"footnote-link footnote-back-link\">&#8617;<\/a>]<\/span><\/li><li id=\"footnote_5_3828\" class=\"footnote\">Dans : <em><a href=\"http:\/\/www.consistoiredefrance.fr\/communiques\/129.manuel-valls--la-france-a-une-part-juive-incontestable\" target=\"_blank\" rel=\"noopener\">Information Juive<\/a><\/em>, Octobre 2012.<span class=\"footnote-back-link-wrapper\"> [<a href=\"#identifier_5_3828\" class=\"footnote-link footnote-back-link\">&#8617;<\/a>]<\/span><\/li><li id=\"footnote_6_3828\" class=\"footnote\">Une autre mutilation pratiqu\u00e9e sur les nouveaux n\u00e9s n&rsquo;est pas souvent mise en question, et est quant \u00e0 elle r\u00e9cente : l&rsquo;ablation de caract\u00e8res sexuels ambigus (Intersexuation). Ici, la peur de l&rsquo;ambiguit\u00e9 sexuelle pousse le chirurgien \u00e0 assigner autoritairement une identit\u00e9 sexuelle \u00e0 un enfant, non pas avec une connaissance de l&rsquo;identit\u00e9 sexuelle qui pr\u00e9domine dans son organisme, s&rsquo;il y en a une, mais sur un crit\u00e8re esth\u00e9tique, en privil\u00e9giant ce qui sera le plus discret. Th\u00e9oriquement destin\u00e9 \u00e0 \u00e9pargner \u00e0 l&rsquo;enfant des troubles psyshologiques, cette pratique peut en causer d&rsquo;autres et sert surtout \u00e0 rassurer la soci\u00e9t\u00e9 enti\u00e8re sur la fronti\u00e8re imperm\u00e9able qui s\u00e9pare le masculin du f\u00e9minin.<span class=\"footnote-back-link-wrapper\"> [<a href=\"#identifier_6_3828\" class=\"footnote-link footnote-back-link\">&#8617;<\/a>]<\/span><\/li><li id=\"footnote_7_3828\" class=\"footnote\">Colomiers, le 28 ao\u00fbt 2016.<span class=\"footnote-back-link-wrapper\"> [<a href=\"#identifier_7_3828\" class=\"footnote-link footnote-back-link\">&#8617;<\/a>]<\/span><\/li><li id=\"footnote_8_3828\" class=\"footnote\">Une amie marocaine me dit que dans son pays, le hijab est r\u00e9cent aussi, et que pour elle, le tournant date d&rsquo;il y a exactement quinze ans, avec l&rsquo;effondrement des tours jumelles du World Trade Center, qui a plong\u00e9 les musulmans de nombreux pays du monde&nbsp;dans un sentiment de fragilit\u00e9. Jusque lors, le hijab \u00e9tait un v\u00eatement port\u00e9 par certaines femmes particuli\u00e8rement pieuses, et pouvait \u00eatre compar\u00e9 au voile des religieuses catholiques. Apr\u00e8s le 9\/11, c&rsquo;est devenu un signe d&rsquo;affirmation d&rsquo;un&nbsp;attachement \u00e0 la religion, et peu \u00e0 peu, une injonction \u00e0 affirmer son appartenance religieuse.<span class=\"footnote-back-link-wrapper\"> [<a href=\"#identifier_8_3828\" class=\"footnote-link footnote-back-link\">&#8617;<\/a>]<\/span><\/li><\/ol>","protected":false},"excerpt":{"rendered":"<p>Je d\u00e9couvre cette semaine&nbsp;le comique \u00ab\u00a0stand-up\u00a0\u00bb calme Fary Brito et je trouve tr\u00e8s juste son intervention dans l&rsquo;\u00e9mission On n&rsquo;est pas couch\u00e9&nbsp;: \u00ab\u00a0je suis contre les gens qui sont contre, parce qu&rsquo;\u00e0 cause de ces gens-l\u00e0 qui sont contre, nous on se&nbsp;retrouve \u00e0 d\u00e9fendre le&#8230; burkini ! (&#8230;) je m&rsquo;en fous du Burkini, c&rsquo;est moche, [&hellip;]<\/p>\n","protected":false},"author":1,"featured_media":0,"comment_status":"open","ping_status":"open","sticky":false,"template":"","format":"standard","meta":{"footnotes":""},"categories":[5,6],"tags":[],"class_list":["post-3828","post","type-post","status-publish","format-standard","hentry","category-identites","category-religion"],"_links":{"self":[{"href":"https:\/\/hyperbate.fr\/castagne\/wp-json\/wp\/v2\/posts\/3828","targetHints":{"allow":["GET"]}}],"collection":[{"href":"https:\/\/hyperbate.fr\/castagne\/wp-json\/wp\/v2\/posts"}],"about":[{"href":"https:\/\/hyperbate.fr\/castagne\/wp-json\/wp\/v2\/types\/post"}],"author":[{"embeddable":true,"href":"https:\/\/hyperbate.fr\/castagne\/wp-json\/wp\/v2\/users\/1"}],"replies":[{"embeddable":true,"href":"https:\/\/hyperbate.fr\/castagne\/wp-json\/wp\/v2\/comments?post=3828"}],"version-history":[{"count":3,"href":"https:\/\/hyperbate.fr\/castagne\/wp-json\/wp\/v2\/posts\/3828\/revisions"}],"predecessor-version":[{"id":12524,"href":"https:\/\/hyperbate.fr\/castagne\/wp-json\/wp\/v2\/posts\/3828\/revisions\/12524"}],"wp:attachment":[{"href":"https:\/\/hyperbate.fr\/castagne\/wp-json\/wp\/v2\/media?parent=3828"}],"wp:term":[{"taxonomy":"category","embeddable":true,"href":"https:\/\/hyperbate.fr\/castagne\/wp-json\/wp\/v2\/categories?post=3828"},{"taxonomy":"post_tag","embeddable":true,"href":"https:\/\/hyperbate.fr\/castagne\/wp-json\/wp\/v2\/tags?post=3828"}],"curies":[{"name":"wp","href":"https:\/\/api.w.org\/{rel}","templated":true}]}}