{"id":3408,"date":"2016-05-16T12:18:42","date_gmt":"2016-05-16T11:18:42","guid":{"rendered":"http:\/\/hyperbate.fr\/castagne\/?p=3408"},"modified":"2017-02-20T12:14:04","modified_gmt":"2017-02-20T11:14:04","slug":"on-se-traite-de-kouffars","status":"publish","type":"post","link":"https:\/\/hyperbate.fr\/castagne\/2016\/05\/16\/on-se-traite-de-kouffars\/","title":{"rendered":"Trait\u00e9s de kouffars"},"content":{"rendered":"<p>Encore une semaine bien remplie de vide, avec la pol\u00e9mique sur le concert de \u00ab\u00a0black M\u00a0\u00bb<sup><a href=\"#footnote_1_3408\" id=\"identifier_1_3408\" class=\"footnote-link footnote-identifier-link\" title=\"Le pseudonyme complet de Black M est Black Mesrimes, o&ugrave; &laquo;&nbsp;Mesrimes&nbsp;&raquo; est un jeu de mot entre &laquo;&nbsp;mes rimes&nbsp;&raquo; et le nom de&nbsp;Jacques Mesrine, form&eacute; au meurtre par l&rsquo;arm&eacute;e fran&ccedil;aise lors de la guerre d&rsquo;Alg&eacute;rie (et m&eacute;daill&eacute; pour avoir, plus souvent qu&rsquo;&agrave; son tour, &eacute;t&eacute; charg&eacute; de l&rsquo;ex&eacute;cution sommaire de prisonniers alg&eacute;riens) et incompr&eacute;hensiblement adul&eacute; pour son &oelig;uvre de braqueur ensuite.\">1<\/a><\/sup>\u00a0\u00e0 Verdun, avec le retour de la pol\u00e9mique sur <em>Sexion d&rsquo;assaut<\/em><sup><a href=\"#footnote_2_3408\" id=\"identifier_2_3408\" class=\"footnote-link footnote-identifier-link\" title=\"Sexion d&rsquo;assaut est le Groupe de rap favori de Marion Mar&eacute;chal Le Pen, bien qu&rsquo;elle ait pris position contre le concert de Black M &agrave; Verdun. Le nom n&rsquo;est pourtant pas un hommage aux Sturmabteilung (la section d&rsquo;assaut d&rsquo;Ernst R&ouml;hm, &laquo;&nbsp;purg&eacute;e&nbsp;&raquo; par les nazis qu&rsquo;ils avaient amen&eacute; au pouvoir&nbsp;lors de la &laquo;&nbsp;Nuit des longs couteaux&nbsp;&raquo;, au pr&eacute;texte notamment de l&rsquo;homosexualit&eacute; de R&ouml;hm), mais a vraisemblablement &eacute;t&eacute; choisi car il contient le mot &laquo;&nbsp;sex&nbsp;&raquo;. Au moins deux des anciens membres de ce groupe (Ma&icirc;tre Gims et Black M) sont d&eacute;sormais c&eacute;l&egrave;bres pour avoir d&eacute;montr&eacute; que le rap &eacute;tait soluble dans la vari&eacute;t&eacute; et sont les Fr&eacute;d&eacute;ric Fran&ccedil;ois et les Fran&ccedil;ois Val&eacute;ry d&rsquo;aujourd&rsquo;hui.&nbsp;Ils confirment aussi le caract&egrave;re fondamentalement r&eacute;actionnaire&nbsp;d&rsquo;une bonne partie du hip hop mainstream, avec leur sexisme assum&eacute;&nbsp;et&nbsp;leur homophobie visc&eacute;rale. Notons cependant que sur ce dernier point, ces chansonniers ont d&eacute;cid&eacute; de se taire, par pragmatisme hypocrite : &laquo;&nbsp;on nous a fait beaucoup de r&eacute;flexions et on s&rsquo;est dit qu&rsquo;il &eacute;tait mieux de ne plus trop en parler parce que &ccedil;a pouvait nous porter pr&eacute;judice (&hellip;) On ne peut pas se permettre de dire ouvertement que pour nous, le fait d&rsquo;&ecirc;tre homosexuel est une d&eacute;viance intol&eacute;rable&nbsp;&raquo;. Je ne comprends pas toujours les paroles de leurs chansons, mais elles ne sont pas toujours bienveillantes, effectivement. Je cite : &laquo;&nbsp;j&rsquo;crois qu&rsquo;il est grand temps que les p&eacute;d&eacute;s p&eacute;rissent \/&nbsp;Coupe leur p&eacute;nis \/&nbsp;Laisse-les morts, retrouv&eacute;s sur le p&eacute;riph&eacute;rique&nbsp;&raquo;&nbsp;(On t&rsquo;a humili&eacute;, 2010).\">2<\/a><\/sup>, et bien entendu, avec la pol\u00e9mique sur la pol\u00e9mique. Pour ma part, consid\u00e9rant que la bataille de Verdun est un des plus abominables sommets de la path\u00e9tique absurdit\u00e9 humaine, il me semble que convoquer des rappeurs m\u00e9diocres, \u00e0 la mentalit\u00e9 merdique mais au grand succ\u00e8s public constitue un hommage tout \u00e0 fait pertinent. Mais je ne suis pas pr\u00eat \u00e0 me battre pour d\u00e9fendre cette\u00a0conviction, je dois admettre que je m&rsquo;en fiche\u00a0un peu<sup><a href=\"#footnote_3_3408\" id=\"identifier_3_3408\" class=\"footnote-link footnote-identifier-link\" title=\"Notons que Robert M&eacute;nard, maire de B&eacute;ziers, s&rsquo;est f&eacute;licit&eacute; de l&rsquo;abandon du projet de concert en ces termes :\nConcert #BlackM &agrave; #Verdun annul&eacute;! L&rsquo;union sacr&eacute;e en 2016, comme en 14-18, &ccedil;a paye !. Or l&rsquo;union sacr&eacute;e en France et son &eacute;quivalent allemand le Burgfrieden d&eacute;crivent le renoncement au pacifisme, et le d&eacute;but d&rsquo;une guerre qui a fait vingt millions de morts quoique personne n&rsquo;ait, &agrave; ce jour, r&eacute;ussi &agrave; expliquer de mani&egrave;re satisfaisante ce qui a pu la justifier. La r&eacute;f&eacute;rence est passablement consternante.\">3<\/a><\/sup>.<br \/>\nCe qui m&rsquo;a int\u00e9ress\u00e9 en revanche c&rsquo;est l&rsquo;irruption du mot \u00ab\u00a0kouffars\u00a0\u00bb\u00a0(parfois orhographi\u00e9 avec\u00a0un \u00ab\u00a0c\u00a0\u00bb, et avec un nombre variable de\u00a0\u00ab\u00a0f\u00a0\u00bb). En auditrice attentive du groupe <em>Sexion d&rsquo;assault<\/em>, Marion Mar\u00e9chal Le Pen a remarqu\u00e9 ce mot et explique son sens dans le communiqu\u00e9 officiel qu&rsquo;elle a publi\u00e9 pour protester contre le concert programm\u00e9 \u00e0 Verdun :<\/p>\n<blockquote><p><em>(&#8230;) Dans la chanson \u00ab\u00a0D\u00e9sol\u00e9\u00a0\u00bb, ce m\u00eame \u00ab\u00a0Black M\u00a0\u00bb qualifie la France de \u00ab\u00a0pays de kouffars\u00a0\u00bb, terme tr\u00e8s p\u00e9joratif signifiant \u00ab\u00a0m\u00e9cr\u00e9ant\u00a0\u00bb, utilis\u00e9 dans la propagande anti-occidentale de Daesh.<\/em><\/p><\/blockquote>\n<p><em>Kouffar<\/em> est effectivement le pluriel de <em>K\u00e2fir<\/em>, qui signifie \u00ab\u00a0m\u00e9cr\u00e9ant\u00a0\u00bb, \u00ab\u00a0infid\u00e8le\u00a0\u00bb, et qui d\u00e9crit\u00a0de mani\u00e8re p\u00e9jorative (mais pas sp\u00e9cialement par Daesh) les non-musulmans, du point de vue des musulmans.\u00a0C&rsquo;est un mot plus d\u00e9pr\u00e9ciatif que \u00ab\u00a0goy\u00a0\u00bb pour les juifs, je pense, car il ne d\u00e9crit pas une simple alt\u00e9rit\u00e9, mais conf\u00e8re un statut d&rsquo;ennemi \u00e0 celui qui se voit qualifier ainsi. Le <em>k\u00e2fir<\/em> n&rsquo;est pas seulement l&rsquo;autre, c&rsquo;est aussi souvent celui qui choisit sciemment de rester dans l&rsquo;erreur<sup><a href=\"#footnote_4_3408\" id=\"identifier_4_3408\" class=\"footnote-link footnote-identifier-link\" title=\"Dans l&rsquo;interview o&ugrave; ils s&rsquo;exprimaient sur l&rsquo;homophobie, les membres de Sexion d&rsquo;assaut avaient aussi fait part de leur vision de la religion :&nbsp;&laquo;&nbsp;Pareil pour les autres religions, on ne les attaque pas parce qu&rsquo;on respecte quand m&ecirc;me un minimum les autres et qu&rsquo;on ne peut pas les forcer &agrave; &ecirc;tre dans le vrai et musulmans comme nous&nbsp;&raquo;. Ils sont tol&eacute;rants, parce qu&rsquo;ils n&rsquo;attaquent pas ceux qui, contrairement &agrave; eux, ignorent l&rsquo;unique v&eacute;rit&eacute;.\">4<\/a><\/sup>.\u00a0Le mot aurait donn\u00e9 son nom\u00a0au\u00a0cafard.\u00a0Je suis \u00e9tonn\u00e9 qu&rsquo;un tel substantif\u00a0soit utilis\u00e9 de mani\u00e8re p\u00e9jorative par un groupe dont la plupart des membres ont des parents originaires d&rsquo;Afrique subsaharienne, car pendant des si\u00e8cles, le mot k\u00e2fir a aussi servi \u00e0 d\u00e9crire les noirs.<\/p>\n<div id=\"attachment_3461\" style=\"width: 445px\" class=\"wp-caption aligncenter\"><img decoding=\"async\" aria-describedby=\"caption-attachment-3461\" class=\"wp-image-3461 size-full\" src=\"files\/2016\/05\/Slaves_Zadib_Yemen_13th_century_BNF_Paris.jpg\" alt=\"Sc\u00e8ne de march\u00e9 aux esclaves, dans le manuscrit illustr\u00e9 Har\u00eer\u00ee Schefer, XIIIe si\u00e8cle\" width=\"435\" height=\"528\" align=\"center\" srcset=\"https:\/\/hyperbate.fr\/castagne\/files\/2016\/05\/Slaves_Zadib_Yemen_13th_century_BNF_Paris.jpg 435w, https:\/\/hyperbate.fr\/castagne\/files\/2016\/05\/Slaves_Zadib_Yemen_13th_century_BNF_Paris-247x300.jpg 247w\" sizes=\"(max-width: 435px) 100vw, 435px\" \/><p id=\"caption-attachment-3461\" class=\"wp-caption-text\">Sc\u00e8ne de march\u00e9 aux esclaves, dans le manuscrit illustr\u00e9 <em>Har\u00eer\u00ee Schefer<\/em>, XIIIe si\u00e8cle<\/p><\/div>\n<p>Entendons-nous : l&rsquo;Islam, et c&rsquo;est d&rsquo;une modernit\u00e9 \u00e9poustouflante, a fermement th\u00e9oris\u00e9 l&rsquo;anti-racisme, par des sourates tr\u00e8s claires sur la diversit\u00e9 de l&rsquo;apparence des humains, ainsi qu&rsquo;avec l&rsquo;histoire du premier muezzin,\u00a0Bilal, esclave affranchi, choy\u00e9 et d\u00e9fendu par le proph\u00e8te pour qui ce qui doit primer\u00a0n&rsquo;est pas la couleur de la peau d&rsquo;une personne, mais\u00a0la sinc\u00e9rit\u00e9 et l&rsquo;\u00e9tendue de sa pi\u00e9t\u00e9<sup><a href=\"#footnote_5_3408\" id=\"identifier_5_3408\" class=\"footnote-link footnote-identifier-link\" title=\"Et m&ecirc;me, le proph&egrave;te n&rsquo;h&eacute;site pas &agrave; dire qu&rsquo;un esclave noir peut commander &agrave; des musulmans, comme dans ce hadith tenu pour authentique et issu du recueil de Boukh&acirc;r&icirc; : &laquo;&nbsp;&Eacute;coutez et ob&eacute;issez, m&ecirc;me si on d&eacute;signe pour vous commander un esclave abyssin, dont la t&ecirc;te ressemble &agrave; un raisin sec&nbsp;&raquo;.\">5<\/a><\/sup>.\u00a0C&rsquo;est malheureusement pourtant aussi en se servant\u00a0de la religion qu&rsquo;a \u00e9t\u00e9 th\u00e9oris\u00e9e\u00a0la traite n\u00e9gri\u00e8re par les Arabes, entre le VIIIe et le XXe si\u00e8cle<sup><a href=\"#footnote_6_3408\" id=\"identifier_6_3408\" class=\"footnote-link footnote-identifier-link\" title=\"Voire m&ecirc;me le XXIe si&egrave;cle, puisque des formes plus ou moins directes d&rsquo;esclavage persistent en Mauritanie, au Soudan, mais aussi dans plusieurs monarchies du Golfe.\">6<\/a><\/sup>, qui a entra\u00een\u00e9 la d\u00e9portation de\u00a0dix \u00e0\u00a0quinze millions d&rsquo;Africains subsahariens, et inspir\u00e9 la cr\u00e9ation du\u00a0syst\u00e8me de traite raciste initi\u00e9 \u00e0 la Renaissance par les pays europ\u00e9ens. Une raison invoqu\u00e9e\u00a0par les esclavagistes arabes pour l\u00e9gitimer\u00a0leur commerce\u00a0des noirs a \u00e9t\u00e9 le fait\u00a0que ces derniers sont, selon la tradition, les descendants de Cham, le fils maudit par No\u00e9\/Nouh<sup><a href=\"#footnote_7_3408\" id=\"identifier_7_3408\" class=\"footnote-link footnote-identifier-link\" title=\"Cham a &eacute;t&eacute;&nbsp;maudit par No&eacute; pour avoir vu son antipathique imb&eacute;cile&nbsp;de p&egrave;re nu dans un foss&eacute;, compl&egrave;tement saoul. Notons que Cham est cens&eacute; &ecirc;tre l&rsquo;anc&ecirc;tre de tous les noirs, mais qu&rsquo;il est aussi le p&egrave;re de Canaan, et donc l&rsquo;anc&ecirc;tre mythologique des canan&eacute;ens, c&rsquo;est &agrave; dire aujourd&rsquo;hui, des Palestiniens.\nUne anecdote pour finir : j&rsquo;ai racont&eacute; cette histoire sur France 24, RFI et la Cha&icirc;ne Histoire. Chaque fois, la s&eacute;quence a &eacute;t&eacute; coup&eacute;e au montage : apparemment, la traite arabe ou la critique du patriarche-&agrave;-l-arche sont des sujets m&eacute;diatiquement tabous.\">7<\/a><\/sup>, ce qui leur conf\u00e9rait une inf\u00e9riorit\u00e9 fondamentale et justifiait qu&rsquo;ils soient ainsi priv\u00e9s de libert\u00e9. D\u00e8s le d\u00e9but de la traite arabe, le mot \u00ab\u00a0abid\u00a0\u00bb (esclave) est d&rsquo;ailleurs devenu synonyme de \u00ab\u00a0noir\u00a0\u00bb.<br \/>\nLa seconde excuse donn\u00e9e \u00e0 la traite n\u00e9gri\u00e8re \u00e9tait que les noirs\u00a0\u00e9taient des m\u00e9cr\u00e9ants, des <em>Kouffars<\/em>.\u00a0On trouve une trace de ce fait dans un mot qui est encore utilis\u00e9 aujourd&rsquo;hui dans le Sud et dans l&rsquo;Est de l&rsquo;Afrique : <em><a href=\"https:\/\/fr.wikipedia.org\/wiki\/Cafres\" target=\"_blank\">cafre\/<\/a>caf\u00a0<\/em>\u00e0\u00a0La R\u00e9union, ou\u00a0<em>Kaffer\/kaffir<\/em>\u00a0en Afrique du Sud, o\u00f9 le mot est \u00e9quivalent au <em>nigger<\/em>\u00a0des am\u00e9ricain et peut, de la m\u00eame mani\u00e8re d&rsquo;ailleurs, \u00eatre repris \u00e0 leur compte par les int\u00e9ress\u00e9s.<\/p>\n<p>Moralit\u00e9 : euh&#8230;<\/p>\n<ol class=\"footnotes\"><li id=\"footnote_1_3408\" class=\"footnote\">Le pseudonyme complet de Black M est Black Mesrimes, o\u00f9 \u00ab\u00a0Mesrimes\u00a0\u00bb est un jeu de mot entre \u00ab\u00a0mes rimes\u00a0\u00bb et le nom de\u00a0Jacques Mesrine, form\u00e9 au meurtre par l&rsquo;arm\u00e9e fran\u00e7aise lors de la guerre d&rsquo;Alg\u00e9rie (et m\u00e9daill\u00e9 pour avoir, plus souvent qu&rsquo;\u00e0 son tour, \u00e9t\u00e9 charg\u00e9 de l&rsquo;ex\u00e9cution sommaire de prisonniers alg\u00e9riens) et incompr\u00e9hensiblement adul\u00e9 pour son \u0153uvre de braqueur ensuite.<span class=\"footnote-back-link-wrapper\"> [<a href=\"#identifier_1_3408\" class=\"footnote-link footnote-back-link\">&#8617;<\/a>]<\/span><\/li><li id=\"footnote_2_3408\" class=\"footnote\"><em>Sexion d&rsquo;assaut<\/em> est le Groupe de rap favori de Marion Mar\u00e9chal Le Pen, bien qu&rsquo;elle ait pris position contre le concert de Black M \u00e0 Verdun. Le nom n&rsquo;est pourtant pas un hommage aux <em>Sturmabteilung<\/em> (la section d&rsquo;assaut d&rsquo;Ernst R\u00f6hm, \u00ab\u00a0purg\u00e9e\u00a0\u00bb par les nazis qu&rsquo;ils avaient amen\u00e9 au pouvoir\u00a0lors de la \u00ab\u00a0Nuit des longs couteaux\u00a0\u00bb, au pr\u00e9texte notamment de l&rsquo;homosexualit\u00e9 de R\u00f6hm), mais a vraisemblablement \u00e9t\u00e9 choisi car il contient le mot \u00ab\u00a0sex\u00a0\u00bb. Au moins deux des anciens membres de ce groupe (Ma\u00eetre Gims et Black M) sont d\u00e9sormais c\u00e9l\u00e8bres pour avoir d\u00e9montr\u00e9 que le rap \u00e9tait soluble dans la vari\u00e9t\u00e9 et sont les Fr\u00e9d\u00e9ric Fran\u00e7ois et les Fran\u00e7ois Val\u00e9ry d&rsquo;aujourd&rsquo;hui.\u00a0Ils confirment aussi le caract\u00e8re fondamentalement r\u00e9actionnaire\u00a0d&rsquo;une bonne partie du hip hop mainstream, avec leur sexisme assum\u00e9\u00a0et\u00a0leur homophobie visc\u00e9rale. Notons cependant que sur ce dernier point, ces chansonniers ont d\u00e9cid\u00e9 de se taire, par pragmatisme hypocrite : <em>\u00ab\u00a0on nous a fait beaucoup de r\u00e9flexions et on s&rsquo;est dit qu&rsquo;il \u00e9tait mieux de ne plus trop en parler parce que \u00e7a pouvait nous porter pr\u00e9judice (&#8230;) On ne peut pas se permettre de dire ouvertement que pour nous, le fait d&rsquo;\u00eatre homosexuel est une d\u00e9viance intol\u00e9rable\u00a0\u00bb<\/em>. Je ne comprends pas toujours les paroles de leurs chansons, mais elles ne sont pas toujours bienveillantes, effectivement. Je cite : <em>\u00ab\u00a0j&rsquo;crois qu&rsquo;il est grand temps que les p\u00e9d\u00e9s p\u00e9rissent \/\u00a0Coupe leur p\u00e9nis \/\u00a0Laisse-les morts, retrouv\u00e9s sur le p\u00e9riph\u00e9rique\u00a0\u00bb<\/em>\u00a0(<em>On t&rsquo;a humili\u00e9<\/em>, 2010).<span class=\"footnote-back-link-wrapper\"> [<a href=\"#identifier_2_3408\" class=\"footnote-link footnote-back-link\">&#8617;<\/a>]<\/span><\/li><li id=\"footnote_3_3408\" class=\"footnote\">Notons que Robert M\u00e9nard, maire de B\u00e9ziers, s&rsquo;est f\u00e9licit\u00e9 de l&rsquo;abandon du projet de concert <a href=\"https:\/\/twitter.com\/RobertMenardFR\/status\/731063194337316864\" target=\"_blank\">en ces termes<\/a> :<br \/>\n<em>Concert #BlackM \u00e0 #Verdun annul\u00e9! L&rsquo;union sacr\u00e9e en 2016, comme en 14-18, \u00e7a paye !<\/em>. Or <em>l&rsquo;union sacr\u00e9e<\/em> en France et son \u00e9quivalent allemand le <em>Burgfrieden<\/em> d\u00e9crivent le renoncement au pacifisme, et le d\u00e9but d&rsquo;une guerre qui a fait vingt millions de morts quoique personne n&rsquo;ait, \u00e0 ce jour, r\u00e9ussi \u00e0 expliquer de mani\u00e8re satisfaisante ce qui a pu la justifier. La r\u00e9f\u00e9rence est passablement consternante.<span class=\"footnote-back-link-wrapper\"> [<a href=\"#identifier_3_3408\" class=\"footnote-link footnote-back-link\">&#8617;<\/a>]<\/span><\/li><li id=\"footnote_4_3408\" class=\"footnote\">Dans l&rsquo;interview o\u00f9 ils s&rsquo;exprimaient sur l&rsquo;homophobie, les membres de Sexion d&rsquo;assaut avaient aussi fait part de leur vision de la religion :\u00a0<em>\u00ab\u00a0Pareil pour les autres religions, on ne les attaque pas parce qu&rsquo;on respecte quand m\u00eame un minimum les autres et qu&rsquo;on ne peut pas les forcer \u00e0 \u00eatre dans le vrai et musulmans comme nous\u00a0\u00bb<\/em>. Ils sont tol\u00e9rants, parce qu&rsquo;ils n&rsquo;attaquent pas ceux qui, contrairement \u00e0 eux, ignorent l&rsquo;unique v\u00e9rit\u00e9.<span class=\"footnote-back-link-wrapper\"> [<a href=\"#identifier_4_3408\" class=\"footnote-link footnote-back-link\">&#8617;<\/a>]<\/span><\/li><li id=\"footnote_5_3408\" class=\"footnote\">Et m\u00eame, le proph\u00e8te n&rsquo;h\u00e9site pas \u00e0 dire qu&rsquo;un esclave noir peut commander \u00e0 des musulmans, comme dans ce hadith tenu pour authentique et issu du recueil de Boukh\u00e2r\u00ee : <em>\u00ab\u00a0\u00c9coutez et ob\u00e9issez, m\u00eame si on d\u00e9signe pour vous commander un esclave abyssin, dont la t\u00eate ressemble \u00e0 un raisin sec\u00a0\u00bb<\/em>.<span class=\"footnote-back-link-wrapper\"> [<a href=\"#identifier_5_3408\" class=\"footnote-link footnote-back-link\">&#8617;<\/a>]<\/span><\/li><li id=\"footnote_6_3408\" class=\"footnote\">Voire m\u00eame le XXIe si\u00e8cle, puisque des formes plus ou moins directes d&rsquo;esclavage persistent en Mauritanie, au Soudan, mais aussi dans plusieurs monarchies du Golfe. <span class=\"footnote-back-link-wrapper\"> [<a href=\"#identifier_6_3408\" class=\"footnote-link footnote-back-link\">&#8617;<\/a>]<\/span><\/li><li id=\"footnote_7_3408\" class=\"footnote\">Cham a \u00e9t\u00e9\u00a0maudit par No\u00e9 pour avoir vu son antipathique imb\u00e9cile\u00a0de p\u00e8re nu dans un foss\u00e9, compl\u00e8tement saoul. Notons que Cham est cens\u00e9 \u00eatre l\u2019anc\u00eatre de tous les noirs, mais qu&rsquo;il est aussi le p\u00e8re de Canaan, et donc l&rsquo;anc\u00eatre mythologique des canan\u00e9ens, c&rsquo;est \u00e0 dire aujourd&rsquo;hui, des Palestiniens.<br \/>\nUne anecdote pour finir : j&rsquo;ai racont\u00e9 cette histoire sur France 24, RFI et la Cha\u00eene Histoire. Chaque fois, la s\u00e9quence a \u00e9t\u00e9 coup\u00e9e au montage : apparemment, la traite arabe ou la critique du patriarche-\u00e0-l-arche sont des sujets m\u00e9diatiquement tabous.<span class=\"footnote-back-link-wrapper\"> [<a href=\"#identifier_7_3408\" class=\"footnote-link footnote-back-link\">&#8617;<\/a>]<\/span><\/li><\/ol>","protected":false},"excerpt":{"rendered":"<p>Encore une semaine bien remplie de vide, avec la pol\u00e9mique sur le concert de \u00ab\u00a0black M\u00a0\u00bb1\u00a0\u00e0 Verdun, avec le retour de la pol\u00e9mique sur Sexion d&rsquo;assaut2, et bien entendu, avec la pol\u00e9mique sur la pol\u00e9mique. Pour ma part, consid\u00e9rant que la bataille de Verdun est un des plus abominables sommets de la path\u00e9tique absurdit\u00e9 humaine, [&hellip;]<\/p>\n","protected":false},"author":1,"featured_media":0,"comment_status":"open","ping_status":"open","sticky":false,"template":"","format":"standard","meta":{"footnotes":""},"categories":[5,6],"tags":[],"class_list":["post-3408","post","type-post","status-publish","format-standard","hentry","category-identites","category-religion"],"_links":{"self":[{"href":"https:\/\/hyperbate.fr\/castagne\/wp-json\/wp\/v2\/posts\/3408","targetHints":{"allow":["GET"]}}],"collection":[{"href":"https:\/\/hyperbate.fr\/castagne\/wp-json\/wp\/v2\/posts"}],"about":[{"href":"https:\/\/hyperbate.fr\/castagne\/wp-json\/wp\/v2\/types\/post"}],"author":[{"embeddable":true,"href":"https:\/\/hyperbate.fr\/castagne\/wp-json\/wp\/v2\/users\/1"}],"replies":[{"embeddable":true,"href":"https:\/\/hyperbate.fr\/castagne\/wp-json\/wp\/v2\/comments?post=3408"}],"version-history":[{"count":4,"href":"https:\/\/hyperbate.fr\/castagne\/wp-json\/wp\/v2\/posts\/3408\/revisions"}],"predecessor-version":[{"id":3471,"href":"https:\/\/hyperbate.fr\/castagne\/wp-json\/wp\/v2\/posts\/3408\/revisions\/3471"}],"wp:attachment":[{"href":"https:\/\/hyperbate.fr\/castagne\/wp-json\/wp\/v2\/media?parent=3408"}],"wp:term":[{"taxonomy":"category","embeddable":true,"href":"https:\/\/hyperbate.fr\/castagne\/wp-json\/wp\/v2\/categories?post=3408"},{"taxonomy":"post_tag","embeddable":true,"href":"https:\/\/hyperbate.fr\/castagne\/wp-json\/wp\/v2\/tags?post=3408"}],"curies":[{"name":"wp","href":"https:\/\/api.w.org\/{rel}","templated":true}]}}