{"id":3168,"date":"2016-03-09T22:37:13","date_gmt":"2016-03-09T21:37:13","guid":{"rendered":"http:\/\/hyperbate.fr\/castagne\/?p=3168"},"modified":"2016-03-09T22:49:42","modified_gmt":"2016-03-09T21:49:42","slug":"daccord","status":"publish","type":"post","link":"https:\/\/hyperbate.fr\/castagne\/2016\/03\/09\/daccord\/","title":{"rendered":"d&rsquo;accord ?"},"content":{"rendered":"<blockquote>\n<p style=\"text-align: right;\">\u00ab\u00a0Si t&rsquo;es pas d&rsquo;accord, c&rsquo;est le m\u00eame prix\u00a0\u00bb<\/p>\n<\/blockquote>\n<p>Sans originalit\u00e9, je fais partie du million et quelque de personnes qui ont sign\u00e9 <a href=\"https:\/\/www.change.org\/p\/loi-travail-non-merci-myriamelkhomri-loitravailnonmerci\" target=\"_blank\">la p\u00e9tition<\/a> contre le projet de r\u00e9forme du code du travail (surnomm\u00e9e <em>Loi El Khomri<\/em>).<br \/>\nPourtant, je vois bien que beaucoup des dispositions critiqu\u00e9es existent d\u00e9j\u00e0 dans le code du travail, et je dois aussi avouer que malgr\u00e9 ma m\u00e9fiance envers le mot \u00ab\u00a0r\u00e9forme\u00a0\u00bb \u2014 devenu synonyme de recul social \u2014, je suis certain qu&rsquo;une mise\u00a0\u00e0 plat des r\u00e8gles du monde du travail est \u00e0 faire. Mais pas celle-l\u00e0, pas comme \u00e7a, et pas maintenant.<br \/>\nCe qui me frappe en lisant les diverses propositions de l&rsquo;avant-projet, c&rsquo;est le recours r\u00e9gulier \u00e0 la notion d&rsquo;accord (mot pr\u00e9sent au moins deux cent fois dans le projet de loi) : telle ou telle chose est rendue possible, si il y a un accord. Mais la structure propos\u00e9e est toujours la m\u00eame : Apr\u00e8s un accord, telle ou telle disposition favorable aux salari\u00e9s pourra \u00eatre supprim\u00e9e.<br \/>\nLes accords dont il est question n&rsquo;impliquent\u00a0pas que les parties concern\u00e9es\u00a0(le salari\u00e9 et l&#8217;employeur) s&rsquo;accordent, elles signifient qu&rsquo;une instance syndicale s&rsquo;est mise d&rsquo;accord, sur leur dos, avec l&rsquo;entreprise. Et le r\u00e9sultat est \u00e0 prendre o\u00f9 \u00e0 laisser, comme avec l&rsquo;article 13 du projet de loi qui explique qu&rsquo;un salari\u00e9 a totalement le droit de ne pas \u00eatre d&rsquo;accord\u00a0avec l&rsquo;accord qui modifie\u00a0son contrat,\u00a0mais\u00a0que cela constitue\u00a0aussit\u00f4t pour l&#8217;employeur une l\u00e9gitime\u00a0<em>\u00ab\u00a0cause\u00a0r\u00e9elle et s\u00e9rieuse\u00a0\u00bb<\/em> qui permettra de d\u00e9cider d&rsquo;un licenciement\u00a0pour <em>\u00ab\u00a0motif personnel\u00a0\u00bb<\/em>\u00a0(mais pas encore pour <em>\u00ab\u00a0faute grave\u00a0\u00bb<\/em>, heureusement).<br \/>\nL&rsquo;accord est un peu unilat\u00e9ral, donc, et la souplesse, un peu raide.<\/p>\n<div id=\"attachment_3200\" style=\"width: 613px\" class=\"wp-caption alignnone\"><a href=\"https:\/\/twitter.com\/Jean_no\/status\/704587709088710657\" target=\"_blank\"><img decoding=\"async\" aria-describedby=\"caption-attachment-3200\" class=\"wp-image-3200 size-full\" src=\"files\/2016\/03\/el_khomrirepos.png\" alt=\"el_khomrirepos\" width=\"603\" height=\"336\" srcset=\"https:\/\/hyperbate.fr\/castagne\/files\/2016\/03\/el_khomrirepos.png 603w, https:\/\/hyperbate.fr\/castagne\/files\/2016\/03\/el_khomrirepos-300x167.png 300w\" sizes=\"(max-width: 603px) 100vw, 603px\" \/><\/a><p id=\"caption-attachment-3200\" class=\"wp-caption-text\">oui, je me suis un peu moqu\u00e9<\/p><\/div>\n<p>Imposer ces hypocrites possibilit\u00e9s de n\u00e9gociation\u00a0au moment o\u00f9 le ch\u00f4mage monte (merci \u00e0 l&rsquo;endettement sarkozyste comme\u00a0au d\u00e9sendettement hollandiste) et o\u00f9 les gens se trouvent aux abois, effray\u00e9s par la peur de perdre le peu qu&rsquo;ils ont, est\u00a0aussi probe\u00a0que\u00a0d&rsquo;attendre que quelqu&rsquo;un se noie pour lui dicter ses conditions. Surtout si on est un peu suspect d&rsquo;avoir jet\u00e9 \u00e0 l&rsquo;eau la personne. Je ne pense pas que le gouvernement Valls ait un plan machiav\u00e9lique en t\u00eate, et j&rsquo;ai peur qu&rsquo;il croie v\u00e9ritablement faire baisser le ch\u00f4mage, mais son\u00a0manque de vision de l&rsquo;avenir est triste\u00a0: comment pourrait-on r\u00e9duire le ch\u00f4mage en permettant aux entreprises d&rsquo;augmenter le nombre d&rsquo;heures travaill\u00e9es par les employ\u00e9s ? Le march\u00e9 de l&#8217;emploi ne va jamais s&rsquo;am\u00e9liorer : l&rsquo;automatisation ne cessera jamais de progresser, la distribution des revenus et des biens ne pourra \u00eatre ce qu&rsquo;elle est<sup><a href=\"#footnote_1_3168\" id=\"identifier_1_3168\" class=\"footnote-link footnote-identifier-link\" title=\"Sournoisement, l&rsquo;accaparement des terres et des richesses au profit d&rsquo;un petit nombre progresse : La moiti&eacute; des terres en Europe est contr&ocirc;l&eacute;e par 3% de gros propri&eacute;taires&nbsp;(Bastamag) ; &nbsp;Qui poss&egrave;de la terre ? (T&eacute;moignage chr&eacute;tien) ; Les 1% les plus fortun&eacute;s poss&eacute;deront bient&ocirc;t la moiti&eacute; de la richesse mondiale (Le Monde) ; &nbsp;Des riches toujours plus riches et des pauvres encore plus&hellip; pauvres (Le Figaro).\">1<\/a><\/sup> que de mani\u00e8re toujours plus artificielle. L&rsquo;\u00e9conomie de ce monde n&rsquo;est plus vraiment soutenable, l&rsquo;avantage de l&rsquo;infime nombre favoris\u00e9\u00a0ne tient que sur\u00a0des mythes : l&rsquo;abondance de ressources qui ne le sont pas, la raret\u00e9 de choses abondantes, les\u00a0promesses\u00a0hasardeuses\u00a0de\u00a0futur<sup><a href=\"#footnote_2_3168\" id=\"identifier_2_3168\" class=\"footnote-link footnote-identifier-link\" title=\"Lire La privatisation de l&rsquo;hyperstition, chez Gr&eacute;gory Chatonsky.\">2<\/a><\/sup>, et la pr\u00e9tention que nous avons de ma\u00eetriser notre\u00a0environnement. Et bien s\u00fbr, les peurs soigneusement entretenues, qui finissent par s&rsquo;auto-alimenter\u00a0: terrorisme, violence gratuite, ch\u00f4mage.\u00a0Pas besoin de parano\u00efa complotiste pour se dire que les gens qui sont en position d&rsquo;avoir un peu de pouvoir sur\u00a0ce monde sont\u00a0rares \u00e0 \u00eatre spontan\u00e9ment enclins \u00e0\u00a0le partager. Ils pr\u00e9f\u00e9reront voir s&rsquo;installer la mis\u00e8re, le fascisme, la guerre, ou les trois ensemble.<\/p>\n<p>Les enjeux de l&rsquo;\u00e9poque sont immenses, les anciennes recettes ne fonctionneront plus, nous ne devrions pas en \u00eatre \u00e0 compter s&rsquo;il faut que ceux qui travaillent aient le droit de travailler une heure de plus ou de moins, nous devrions essayer de changer de perspective, de mettre \u00e0 plat notre\u00a0fonctionnement pour cr\u00e9er une prosp\u00e9rit\u00e9 \u00e9conomique partag\u00e9e et une richesse croissante dans les domaines du savoir et de la cr\u00e9ation.<br \/>\nEnfin je r\u00eave tout haut, bien s\u00fbr.<\/p>\n<ol class=\"footnotes\"><li id=\"footnote_1_3168\" class=\"footnote\">Sournoisement, l&rsquo;accaparement des terres et des richesses au profit d&rsquo;un petit nombre progresse : <em><a href=\"http:\/\/www.bastamag.net\/Concentration-fonciere-3-des-plus\" target=\"_blank\">La moiti\u00e9 des terres en Europe est contr\u00f4l\u00e9e par 3% de gros propri\u00e9taires<\/a><\/em>\u00a0(Bastamag) ; \u00a0<em><a href=\"http:\/\/temoignagechretien.fr\/articles\/societe-politique\/qui-possede-la-terre\" target=\"_blank\">Qui poss\u00e8de la terre ?<\/a><\/em> (T\u00e9moignage chr\u00e9tien) ; <em><a href=\"http:\/\/www.lemonde.fr\/economie\/article\/2015\/01\/19\/les-1-les-plus-riches-possederont-bientot-la-moitie-de-la-richesse-mondiale_4558585_3234.html\" target=\"_blank\">Les 1% les plus fortun\u00e9s poss\u00e9deront bient\u00f4t la moiti\u00e9 de la richesse mondiale<\/a><\/em> (Le Monde) ; \u00a0<em><a href=\"http:\/\/www.lefigaro.fr\/conjoncture\/2013\/09\/13\/20002-20130913ARTFIG00256-des-riches-toujours-plus-riches-et-des-pauvres-encore-plus-pauvres.php\" target=\"_blank\">Des riches toujours plus riches et des pauvres encore plus&#8230; pauvres<\/a><\/em> (Le Figaro).<span class=\"footnote-back-link-wrapper\"> [<a href=\"#identifier_1_3168\" class=\"footnote-link footnote-back-link\">&#8617;<\/a>]<\/span><\/li><li id=\"footnote_2_3168\" class=\"footnote\">Lire <em><a href=\"http:\/\/chatonsky.net\/flux\/?p=5764\" target=\"_blank\">La privatisation de l&rsquo;hyperstition<\/a><\/em>, chez Gr\u00e9gory Chatonsky.<span class=\"footnote-back-link-wrapper\"> [<a href=\"#identifier_2_3168\" class=\"footnote-link footnote-back-link\">&#8617;<\/a>]<\/span><\/li><\/ol>","protected":false},"excerpt":{"rendered":"<p>\u00ab\u00a0Si t&rsquo;es pas d&rsquo;accord, c&rsquo;est le m\u00eame prix\u00a0\u00bb Sans originalit\u00e9, je fais partie du million et quelque de personnes qui ont sign\u00e9 la p\u00e9tition contre le projet de r\u00e9forme du code du travail (surnomm\u00e9e Loi El Khomri). Pourtant, je vois bien que beaucoup des dispositions critiqu\u00e9es existent d\u00e9j\u00e0 dans le code du travail, et je [&hellip;]<\/p>\n","protected":false},"author":1,"featured_media":0,"comment_status":"open","ping_status":"open","sticky":false,"template":"","format":"standard","meta":{"footnotes":""},"categories":[1],"tags":[],"class_list":["post-3168","post","type-post","status-publish","format-standard","hentry","category-non-classe"],"_links":{"self":[{"href":"https:\/\/hyperbate.fr\/castagne\/wp-json\/wp\/v2\/posts\/3168","targetHints":{"allow":["GET"]}}],"collection":[{"href":"https:\/\/hyperbate.fr\/castagne\/wp-json\/wp\/v2\/posts"}],"about":[{"href":"https:\/\/hyperbate.fr\/castagne\/wp-json\/wp\/v2\/types\/post"}],"author":[{"embeddable":true,"href":"https:\/\/hyperbate.fr\/castagne\/wp-json\/wp\/v2\/users\/1"}],"replies":[{"embeddable":true,"href":"https:\/\/hyperbate.fr\/castagne\/wp-json\/wp\/v2\/comments?post=3168"}],"version-history":[{"count":3,"href":"https:\/\/hyperbate.fr\/castagne\/wp-json\/wp\/v2\/posts\/3168\/revisions"}],"predecessor-version":[{"id":3207,"href":"https:\/\/hyperbate.fr\/castagne\/wp-json\/wp\/v2\/posts\/3168\/revisions\/3207"}],"wp:attachment":[{"href":"https:\/\/hyperbate.fr\/castagne\/wp-json\/wp\/v2\/media?parent=3168"}],"wp:term":[{"taxonomy":"category","embeddable":true,"href":"https:\/\/hyperbate.fr\/castagne\/wp-json\/wp\/v2\/categories?post=3168"},{"taxonomy":"post_tag","embeddable":true,"href":"https:\/\/hyperbate.fr\/castagne\/wp-json\/wp\/v2\/tags?post=3168"}],"curies":[{"name":"wp","href":"https:\/\/api.w.org\/{rel}","templated":true}]}}