{"id":3083,"date":"2015-12-27T14:46:59","date_gmt":"2015-12-27T13:46:59","guid":{"rendered":"http:\/\/hyperbate.fr\/castagne\/?p=3083"},"modified":"2015-12-28T20:01:48","modified_gmt":"2015-12-28T19:01:48","slug":"largent-du-cafe","status":"publish","type":"post","link":"https:\/\/hyperbate.fr\/castagne\/2015\/12\/27\/largent-du-cafe\/","title":{"rendered":"L&rsquo;argent du caf\u00e9"},"content":{"rendered":"<p>Lorsque l&rsquo;on a un peu bu, il est d\u00e9conseill\u00e9 de tweeter, de r\u00e9diger un statut Facebook ou d&rsquo;envoyer un e-mail. Mais il faut que le romancier et essayiste Thomas Clerc sache que, lorsqu&rsquo;on a un peu bu, il faut aussi \u00e9viter d&rsquo;envoyer sa tribune de la semaine \u00e0 Lib\u00e9ration.<br \/>\nSon article du 25 d\u00e9cembre 2015, intitul\u00e9 <em><a href=\"http:\/\/www.liberation.fr\/debats\/2015\/12\/25\/attentats-que-starbucks-paie-l-addition_1422906\" target=\"_blank\">Attentats : que Starbucks paie l&rsquo;addition<\/a><\/em>, est presque dr\u00f4le, mais aussi un peu triste.<\/p>\n<div id=\"attachment_3101\" style=\"width: 1034px\" class=\"wp-caption aligncenter\"><img decoding=\"async\" aria-describedby=\"caption-attachment-3101\" class=\"size-full wp-image-3101\" src=\"files\/2015\/12\/starbucks_stlazare_halloween.jpg\" alt=\"Le Starbucks de la gare Saint-Lazare, d\u00e9cor\u00e9 pour Halloween.\" width=\"1024\" height=\"768\" srcset=\"https:\/\/hyperbate.fr\/castagne\/files\/2015\/12\/starbucks_stlazare_halloween.jpg 1024w, https:\/\/hyperbate.fr\/castagne\/files\/2015\/12\/starbucks_stlazare_halloween-300x225.jpg 300w, https:\/\/hyperbate.fr\/castagne\/files\/2015\/12\/starbucks_stlazare_halloween-768x576.jpg 768w, https:\/\/hyperbate.fr\/castagne\/files\/2015\/12\/starbucks_stlazare_halloween-624x468.jpg 624w\" sizes=\"(max-width: 1024px) 100vw, 1024px\" \/><p id=\"caption-attachment-3101\" class=\"wp-caption-text\">Le Starbucks de la gare Saint-Lazare, d\u00e9cor\u00e9 pour Halloween.<\/p><\/div>\n<p>Sans doute lecteur en diagonale du <em>No Logo<\/em> de Naomi Klein, l&rsquo;auteur met d&rsquo;abord en parall\u00e8le la tradition parisienne des caf\u00e9s et des restaurants, effectivement victime directe des attentats du 13 novembre dernier, et celle des cha\u00eenes qui standardisent la restauration et la physionomie des villes : <em>Starbucks<\/em>,\u00a0<em>McDonald&rsquo;s<\/em> ou encore <em>Costa<\/em>. On peut r\u00e9fl\u00e9chir \u00e0 la mani\u00e8re dont des multinationales font perdre leur caract\u00e8re propre aux lieux, et aux questions d&rsquo;identification\u00a0que cela pose : sans doute qu&rsquo;il est moins d\u00e9paysant qu&rsquo;il y a trente ans de passer de Los Angeles \u00e0 Paris et de Milan \u00e0 Duba\u00ef. Je ne saurais le dire, je voyage peu, mais d&rsquo;autres qui voyagent le disent. Ce n&rsquo;est pas de \u00e7a que l&rsquo;auteur parle, il commence d&rsquo;ailleurs par s&rsquo;en prendre au public des <em>Starbucks<\/em> :<\/p>\n<blockquote><p>Prenons Starbucks, qui fait pousser des boutiques \u00e0 la vitesse d\u2019une acn\u00e9 juv\u00e9nile, et qu\u2019appr\u00e9cient du reste des jeunes qui ne sont pas les m\u00eames que ceux qu\u2019on a massacr\u00e9s. Est-ce qu\u2019Emmanuel Todd va nous expliquer quelle est la sociologie des pratiquants de Starbucks ? Moi, je ne m\u2019appuie pas, contrairement \u00e0 lui, sur des chiffres ; ce sont des sensations qui me dirigent. Et j\u2019ai remarqu\u00e9 que les gens qui fr\u00e9quentaient les Starbucks \u00e9taient d\u2019une intelligence inf\u00e9rieure \u00e0 la moyenne.<\/p><\/blockquote>\n<p>Hmmm&#8230; On commence donc par l&rsquo;insulte : les gens qui fr\u00e9quente <em>Starbucks<\/em> sont moins intelligents que la moyenne ! Ce genre de chose est un peu difficile \u00e0 estimer scientifiquement (l&rsquo;auteur nous explique d&rsquo;ailleurs qu&rsquo;il m\u00e9prise les chiffres), mais il faudrait\u00a0tout de m\u00eame fournir quelques\u00a0arguments.<br \/>\nJe peux en offrir\u00a0un \u00e0 l&rsquo;auteur du papier : parfois, parce que c&rsquo;est commode, parce que c&rsquo;est ce qu&rsquo;il reste pour s&rsquo;asseoir dans ma gare, parce qu&rsquo;il y a des prises pour le chargeur de ma tablette, parce que le wifi est correct, parce j&rsquo;y trouve le go\u00fbt du caf\u00e9 moins al\u00e9atoire qu&rsquo;ailleurs<sup><a href=\"#footnote_1_3083\" id=\"identifier_1_3083\" class=\"footnote-link footnote-identifier-link\" title=\"C&rsquo;est toute la puissance des cha&icirc;nes standardis&eacute;es : nous connaissons le&nbsp;rapport qualit&eacute;\/prix de leurs produits et de leur service.\">1<\/a><\/sup>, il m&rsquo;arrive d&rsquo;aller dans un caf\u00e9\u00a0<em>Starbucks<\/em>.<br \/>\nOr \u00e0 chaque fois, en cherchant sur l&rsquo;\u00e9criteau combien va me co\u00fbter mon expresso, je me dis qu&rsquo;il est un peu cher et je me trouve idiot d&rsquo;avoir fait le queue l\u00e0.<br \/>\nMais bon, le prix des produits n&rsquo;est pas l&rsquo;argument donn\u00e9 par l&rsquo;auteur pour juger de l\u2019imb\u00e9cillit\u00e9 de la client\u00e8le. Ce qui lui fait dire qu&rsquo;il faut \u00eatre b\u00eate pour entrer dans un <em>Starbucks Coffee<\/em>, c&rsquo;est que la soci\u00e9t\u00e9 <em>Starbucks<\/em> ne paie pas d&rsquo;imp\u00f4ts sur les soci\u00e9t\u00e9s.<br \/>\nLes gens\u00a0ne sont pas toujours avertis du statut fiscal des enseignes o\u00f9 ils consomment, et Thomas Clerc le suppose lui-m\u00eame<\/p>\n<blockquote><p>(&#8230;)\u00a0lorsque j\u2019endosse mon r\u00f4le de performeur occasionnel, c\u2019est-\u00e0-dire lorsque je demande aux gens attabl\u00e9s aux terrasses d\u2019un Starbucks s\u2019ils savent que Starbucks les l\u00e8se, que Starbucks tue le caf\u00e9 d\u2019en face ou que Starbucks d\u00e9figure la rue Montorgueil qui \u00e9tait autrefois une rue typique et qui est \u00e0 pr\u00e9sent une rue pittoresque-mondialis\u00e9e, aucun des nombreux consommateurs ne semble s\u2019int\u00e9resser \u00e0 ce que je leur raconte.<\/p><\/blockquote>\n<p>Je suis peut-\u00eatre idiot moi-m\u00eame mais j&rsquo;avoue que quand un \u00ab\u00a0performeur occasionnel\u00a0\u00bb vient m&rsquo;expliquer que je d\u00e9figure la rue Montorgueuil et l\u00e8se les imp\u00f4ts en m&rsquo;asseyant dans un <em>Starbucks<\/em>, j&rsquo;ai tendance \u00e0 \u00eatre un peu sur mes gardes, \u00e0 v\u00e9rifier s&rsquo;il n&rsquo;a pas un couteau dans les mains et s&rsquo;il faut que je lui r\u00e9ponde poliment, s&rsquo;il faut que je m&rsquo;appr\u00eate \u00e0 me d\u00e9fendre d&rsquo;un fou-furieux ou s&rsquo;il faut que je m&rsquo;enfuie.<br \/>\nL&rsquo;auteur invoque ensuite Sartre<sup><a href=\"#footnote_2_3083\" id=\"identifier_2_3083\" class=\"footnote-link footnote-identifier-link\" title=\"Mais la citation s&rsquo;av&eacute;rera &ecirc;tre de Louis-Ferdinand C&eacute;line !\">2<\/a><\/sup> pour qualifier\u00a0les gens qui ne font pas le lien entre boire un caf\u00e9 et financer Daesh de gens\u00a0\u00absans importance collective\u00bb. Car, dit-il, <em>\u00abBoire un caf\u00e9, ce n\u2019est pas juste boire un caf\u00e9\u00bb<\/em>, et le nerf de la guerre, c&rsquo;est l&rsquo;argent :<\/p>\n<blockquote><p>Pourquoi risquons-nous (ce \u00abnous\u00bb ne me pose aucun probl\u00e8me) de perdre la bataille contre le terrorisme ?\u00a0Parce que le nerf de la guerre, c\u2019est l\u2019argent. En France, l\u2019Etat n\u2019a plus d\u2019argent, depuis la politique n\u00e9olib\u00e9rale des ann\u00e9es\u00a080 qui s\u2019est ing\u00e9ni\u00e9e, sans grande r\u00e9sistance de la part des Fran\u00e7ais, \u00e0 corroder tout le tissu social. L\u2019Etat fran\u00e7ais ne peut pas concurrencer Daech, parce que Daech est financ\u00e9 par de richissimes Saoudiens, et parce que ses ressources propres sont taries par des soci\u00e9t\u00e9s richissimes comme Starbucks &#8211; c\u2019est curieux ils arborent les m\u00eames couleurs vertes et blanches.<\/p><\/blockquote>\n<p>Certes, boire un caf\u00e9, ce n&rsquo;est pas juste boire un caf\u00e9 : c&rsquo;est aussi profiter du labeur notoirement mal pay\u00e9 de gens qui habitent tous tr\u00e8s loin de la rue Montorgueuil.\u00a0Je me souviens de F\u00e9lix Houphou\u00ebt-Boigny, le p\u00e8re de l&rsquo;ind\u00e9pendance de la C\u00f4te d&rsquo;Ivoire, qui faisait du caf\u00e9 un symbole fort des iniquit\u00e9s nord-sud, en rappelant qu&rsquo;on buvait une tasse de caf\u00e9 \u00e0 Paris pour plus cher que ce que ses producteurs africains vendaient cinq\u00a0kilos de grains.<br \/>\nMais ce n&rsquo;est toujours pas de \u00e7a qu&rsquo;il est question, l&rsquo;auteur de l&rsquo;article effectue un calcul complexe : puisque <em>Starbucks<\/em> ne paie pas d&rsquo;imp\u00f4ts sur les soci\u00e9t\u00e9s, l&rsquo;\u00c9tat fran\u00e7ais est pauvre et ne peut donc se battre contre Daesh.<br \/>\nJe ne suis pas sp\u00e9cialiste mais il me semble assez \u00e9vident que l&rsquo;organisation des attentats du 13 novembre n&rsquo;a pas co\u00fbt\u00e9 tr\u00e8s cher, et que le budget militaire de la France, quatri\u00e8me pays au classement mondial des d\u00e9penses militaires<sup><a href=\"#footnote_3_3083\" id=\"identifier_3_3083\" class=\"footnote-link footnote-identifier-link\" title=\"cf. Wikip&eacute;dia.\">3<\/a><\/sup> est plus riche que Daesh.<br \/>\nJe pense aussi qu&rsquo;il est faux de dire que <em>Starbucks<\/em> ne paie pas d&rsquo;imp\u00f4ts : cette soci\u00e9t\u00e9 reverse sans aucun doute\u00a0\u00e0 la France\u00a0des millions d&rsquo;euros de TVA chaque ann\u00e9e<sup><a href=\"#footnote_4_3083\" id=\"identifier_4_3083\" class=\"footnote-link footnote-identifier-link\" title=\"Certes, comme on me le fait remarquer, cette TVA n&rsquo;est pas offerte par Starbucks mais collect&eacute;e par Starbucks, puisque c&rsquo;est le client qui la paie. Mais il existe des soci&eacute;t&eacute;s&nbsp;qui trichent sur le versement de la TVA, en ne l&rsquo;appliquant pas aux produits qu&rsquo;ils vendent afin de pouvoir gagner plus d&rsquo;argent tout en ayant les m&ecirc;mes tarifs que la concurrence &mdash; certes, cela ne peut s&rsquo;appliquer qu&rsquo;&agrave; peu de produits.\">4<\/a><\/sup>. Et ce n&rsquo;est pas tout : je doute que <em>Starbucks<\/em> enfreigne la loi. Que cette soci\u00e9t\u00e9 d\u00e9tourne ou contourne la loi, recoure \u00e0 tous les dispositifs l\u00e9gaux (je pense \u00e0\u00a0la\u00a0\u00ab\u00a0franchise\u00a0\u00bb, qui permet \u00e0 une enseigne internationale\u00a0d&rsquo;\u00eatre soumise au droit sur les PME) pour payer le moins d&rsquo;imp\u00f4ts possible, profite de son statut de multinationale pour placer l&rsquo;argent l\u00e0 o\u00f9 \u00e7a lui co\u00fbtera le moins cher, c&rsquo;est probable, et sans doute moralement condamnable. Mais ce n&rsquo;est pas ill\u00e9gal, \u00e7a s&rsquo;appelle l&rsquo;optimisation fiscale, et \u00e7a n&rsquo;est ni mieux ni pire que\u00a0les gens de\u00a0soci\u00e9t\u00e9s bizarres qui m&rsquo;appellent pour me proposer d&rsquo;\u00e9chapper \u00e0 l&rsquo;imp\u00f4t sur le revenu en installant des panneaux solaires inefficaces\u00a0sur mon toit<sup><a href=\"#footnote_5_3083\" id=\"identifier_5_3083\" class=\"footnote-link footnote-identifier-link\" title=\"Allez savoir, c&rsquo;est peut-&ecirc;tre aussi pour &eacute;chapper &agrave; l&rsquo;imp&ocirc;t que le milliardaire franco-isra&eacute;lien Patrick Drahi vit en Suisse. Ce discret et int&eacute;ressant personnage est le propri&eacute;taire&hellip; du quotidien Lib&eacute;ration.\">5<\/a><\/sup>.<br \/>\nC&rsquo;est pourquoi, dans sa d\u00e9monstration, l&rsquo;auteur de l&rsquo;article a tort d&rsquo;imaginer que la question de la fiscalit\u00e9 de <em>Starbucks<\/em>\u00a0peut se r\u00e9gler en appliquant la loi :<\/p>\n<blockquote><p>(&#8230;)\u00a0il faut dire \u00e0 M. Olivier de Mendez, directeur g\u00e9n\u00e9ral de Starbucks France : \u00abMaintenant vous payez vos imp\u00f4ts ou nous fermons vos\u00a0\u00e9choppes.\u00bb Bref, il faut faire un travail d\u2019homme politique :\u00a0y a-t-il encore ce genre\u00a0d\u2019homme-femme en France ? Au lieu de perdre son temps \u00e0 vouloir d\u00e9choir de la nationalit\u00e9 fran\u00e7aise des gens qui se moquent bien de ce que signifie une nationalit\u00e9, on peut au moins exiger des rentr\u00e9es d\u2019argent, juste appliquer la loi. Pr\u00e9senter l\u2019addition \u00e0 Starbucks. A combien s\u2019\u00e9l\u00e8vent les sommes impay\u00e9es ? L\u2019argent servira \u00e0 \u00e9quiper les services de renseignement, qui manquent d\u2019hommes et de mat\u00e9riel. La police est oblig\u00e9e de mentir sur ses failles \u00e9normes, notamment dues \u00e0 son sous-\u00e9quipement. Surveiller des terroristes a son prix ; ne pouvoir le faire est hors de prix.<\/p><\/blockquote>\n<p>Il est probable que la loi soit appliqu\u00e9e, et si elle ne l&rsquo;est pas, si <em>Starbucks<\/em> est dans l&rsquo;ill\u00e9galit\u00e9, eh bien la solution est l&rsquo;application de la loi et des r\u00e8glements par les services fiscaux, et en aucun cas\u00a0<em>\u00ab\u00a0faire un travail d&rsquo;homme politique\u00a0\u00bb<\/em> (!?). Le <em>\u00ab\u00a0travail d&rsquo;homme\u00a0\u00bb<\/em> (ou de femme, si on me demande mon avis) politique consiste \u00e0 faire les lois, pas \u00e0 les faire appliquer.<\/p>\n<p>Pour finir, il est assez \u00e9tonnant de penser que la lutte contre Daesh ne soit qu&rsquo;une question de budget. Certes, il y a beaucoup d&rsquo;argent dans la guerre, comme\u00a0dans la communication qui l&rsquo;entoure, mais l&rsquo;argent de Daesh\u00a0suffit-il\u00a0pour \u00ab\u00a0radicaliser\u00a0\u00bb des jeunes gens qui ont grandi \u00e0 Juvisy-sur-Orge ou \u00e0 Molenbeek ? M\u00eame si tous les jeunes gens qui partent en Syrie ne sont pas issus de milieux d\u00e9favoris\u00e9s, ceux qui ont assassin\u00e9, chez nous, l&rsquo;\u00e9taient souvent.<br \/>\nEt je remarque que <em>Starbucks<\/em> ou <em>Macdonald&rsquo;s<\/em>, quoi qu&rsquo;on pense de ces enseignes<sup><a href=\"#footnote_6_3083\" id=\"identifier_6_3083\" class=\"footnote-link footnote-identifier-link\" title=\"L&rsquo;odeur d&rsquo;un restaurant Macdonald&rsquo;s me donne des hauts-le-c&oelig;ur, personnellement.\">6<\/a><\/sup>, ont au moins pour vertu de donner des emplois \u00e0 des jeunes des cit\u00e9s<sup><a href=\"#footnote_7_3083\" id=\"identifier_7_3083\" class=\"footnote-link footnote-identifier-link\" title=\"On remarque que le succ&egrave;s des enseignes multinationales ne vient pas que de leur c&ocirc;t&eacute; &laquo;&nbsp;familier&nbsp;&raquo;, il vient aussi du fait qu&rsquo;elles ont l&rsquo;air de s&rsquo;adresser &agrave; tous les publics, on ne s&rsquo;y fait pas prendre de haut selon son origine, ni en tant que client ni en tant qu&rsquo;employ&eacute;. Que par ailleurs les produits soient m&eacute;diocres, la strat&eacute;gie fourbe (tout le monde est exploit&eacute; &mdash; client ou employ&eacute; &mdash;, au profit d&rsquo;une marque), etc., ne dispense pas de s&rsquo;interroger sur ce point.\">7<\/a><\/sup>. Et donner de l&#8217;emploi aux jeunes des cit\u00e9s, ou tout simplement leur dire qu&rsquo;il existe des emplois qui ne leur sont pas inaccessibles, ne semble pas \u00eatre la destination prioritaire de l&rsquo;argent collect\u00e9 par les imp\u00f4ts.<\/p>\n<ol class=\"footnotes\"><li id=\"footnote_1_3083\" class=\"footnote\">C&rsquo;est toute la puissance des cha\u00eenes standardis\u00e9es : nous connaissons le\u00a0rapport qualit\u00e9\/prix de leurs produits et de leur service.<span class=\"footnote-back-link-wrapper\"> [<a href=\"#identifier_1_3083\" class=\"footnote-link footnote-back-link\">&#8617;<\/a>]<\/span><\/li><li id=\"footnote_2_3083\" class=\"footnote\">Mais la citation s&rsquo;av\u00e9rera \u00eatre de Louis-Ferdinand C\u00e9line !<span class=\"footnote-back-link-wrapper\"> [<a href=\"#identifier_2_3083\" class=\"footnote-link footnote-back-link\">&#8617;<\/a>]<\/span><\/li><li id=\"footnote_3_3083\" class=\"footnote\">cf. <a href=\"https:\/\/fr.wikipedia.org\/wiki\/Liste_des_pays_par_d%C3%A9penses_militaires\" target=\"_blank\">Wikip\u00e9dia<\/a>.<span class=\"footnote-back-link-wrapper\"> [<a href=\"#identifier_3_3083\" class=\"footnote-link footnote-back-link\">&#8617;<\/a>]<\/span><\/li><li id=\"footnote_4_3083\" class=\"footnote\">Certes, comme on me le fait remarquer, cette TVA n&rsquo;est pas offerte par <em>Starbucks<\/em> mais collect\u00e9e par <em>Starbucks<\/em>, puisque c&rsquo;est le client qui la paie. Mais il existe des soci\u00e9t\u00e9s\u00a0qui trichent sur le versement de la TVA, en ne l&rsquo;appliquant pas aux produits qu&rsquo;ils vendent afin de pouvoir gagner plus d&rsquo;argent tout en ayant les m\u00eames tarifs que la concurrence \u2014 certes, cela ne peut s&rsquo;appliquer qu&rsquo;\u00e0 peu de produits.<span class=\"footnote-back-link-wrapper\"> [<a href=\"#identifier_4_3083\" class=\"footnote-link footnote-back-link\">&#8617;<\/a>]<\/span><\/li><li id=\"footnote_5_3083\" class=\"footnote\">Allez savoir, c&rsquo;est peut-\u00eatre aussi pour \u00e9chapper \u00e0 l&rsquo;imp\u00f4t que le milliardaire franco-isra\u00e9lien Patrick Drahi vit en Suisse. Ce discret et int\u00e9ressant personnage est le propri\u00e9taire&#8230; du quotidien Lib\u00e9ration.<span class=\"footnote-back-link-wrapper\"> [<a href=\"#identifier_5_3083\" class=\"footnote-link footnote-back-link\">&#8617;<\/a>]<\/span><\/li><li id=\"footnote_6_3083\" class=\"footnote\">L&rsquo;odeur d&rsquo;un restaurant <em>Macdonald&rsquo;s<\/em> me donne des hauts-le-c\u0153ur, personnellement.<span class=\"footnote-back-link-wrapper\"> [<a href=\"#identifier_6_3083\" class=\"footnote-link footnote-back-link\">&#8617;<\/a>]<\/span><\/li><li id=\"footnote_7_3083\" class=\"footnote\">On remarque que le succ\u00e8s des enseignes multinationales ne vient pas que de leur c\u00f4t\u00e9 \u00ab\u00a0familier\u00a0\u00bb, il vient aussi du fait qu&rsquo;elles ont l&rsquo;air de s&rsquo;adresser \u00e0 tous les publics, on ne s&rsquo;y fait pas prendre de haut selon son origine, ni en tant que client ni en tant qu&#8217;employ\u00e9. Que par ailleurs les produits soient m\u00e9diocres, la strat\u00e9gie fourbe (tout le monde est exploit\u00e9 \u2014 client ou employ\u00e9 \u2014, au profit d&rsquo;une marque), etc., ne dispense pas de s&rsquo;interroger sur ce point.<span class=\"footnote-back-link-wrapper\"> [<a href=\"#identifier_7_3083\" class=\"footnote-link footnote-back-link\">&#8617;<\/a>]<\/span><\/li><\/ol>","protected":false},"excerpt":{"rendered":"<p>Lorsque l&rsquo;on a un peu bu, il est d\u00e9conseill\u00e9 de tweeter, de r\u00e9diger un statut Facebook ou d&rsquo;envoyer un e-mail. Mais il faut que le romancier et essayiste Thomas Clerc sache que, lorsqu&rsquo;on a un peu bu, il faut aussi \u00e9viter d&rsquo;envoyer sa tribune de la semaine \u00e0 Lib\u00e9ration. Son article du 25 d\u00e9cembre 2015, [&hellip;]<\/p>\n","protected":false},"author":1,"featured_media":0,"comment_status":"open","ping_status":"open","sticky":false,"template":"","format":"standard","meta":{"footnotes":""},"categories":[1],"tags":[],"class_list":["post-3083","post","type-post","status-publish","format-standard","hentry","category-non-classe"],"_links":{"self":[{"href":"https:\/\/hyperbate.fr\/castagne\/wp-json\/wp\/v2\/posts\/3083","targetHints":{"allow":["GET"]}}],"collection":[{"href":"https:\/\/hyperbate.fr\/castagne\/wp-json\/wp\/v2\/posts"}],"about":[{"href":"https:\/\/hyperbate.fr\/castagne\/wp-json\/wp\/v2\/types\/post"}],"author":[{"embeddable":true,"href":"https:\/\/hyperbate.fr\/castagne\/wp-json\/wp\/v2\/users\/1"}],"replies":[{"embeddable":true,"href":"https:\/\/hyperbate.fr\/castagne\/wp-json\/wp\/v2\/comments?post=3083"}],"version-history":[{"count":3,"href":"https:\/\/hyperbate.fr\/castagne\/wp-json\/wp\/v2\/posts\/3083\/revisions"}],"predecessor-version":[{"id":3108,"href":"https:\/\/hyperbate.fr\/castagne\/wp-json\/wp\/v2\/posts\/3083\/revisions\/3108"}],"wp:attachment":[{"href":"https:\/\/hyperbate.fr\/castagne\/wp-json\/wp\/v2\/media?parent=3083"}],"wp:term":[{"taxonomy":"category","embeddable":true,"href":"https:\/\/hyperbate.fr\/castagne\/wp-json\/wp\/v2\/categories?post=3083"},{"taxonomy":"post_tag","embeddable":true,"href":"https:\/\/hyperbate.fr\/castagne\/wp-json\/wp\/v2\/tags?post=3083"}],"curies":[{"name":"wp","href":"https:\/\/api.w.org\/{rel}","templated":true}]}}