{"id":286,"date":"2013-04-11T12:43:34","date_gmt":"2013-04-11T11:43:34","guid":{"rendered":"http:\/\/hyperbate.fr\/castagne\/?p=286"},"modified":"2013-04-11T12:43:34","modified_gmt":"2013-04-11T11:43:34","slug":"loto-entrepreneur","status":"publish","type":"post","link":"https:\/\/hyperbate.fr\/castagne\/2013\/04\/11\/loto-entrepreneur\/","title":{"rendered":"Loto entrepreneur"},"content":{"rendered":"<p><small><em>(billet ennuyeux et technique sur un sujet qui concerne peu de gens. Et en plus il n&rsquo;y a pas d&rsquo;images)<\/em><\/small><\/p>\n<p>Je dis souvent que <strong>je ne suis pas de gauche<\/strong>, mais<strong> encore moins de droite<\/strong>. Parfois je dis que je suis anarchiste, parce que je r\u00eave d&rsquo;un syst\u00e8me politique bas\u00e9 sur la raison, la coop\u00e9ration et la libert\u00e9 individuelle. Mais je ne suis pas engag\u00e9, pas dogmatique, je sais que le syst\u00e8me politique se fait sans moi et que jamais je ne ferai partie de ceux qui l&rsquo;organisent.\u00a0Ce que je d\u00e9teste dans la foi, en politique, c&rsquo;est quand les traditions d&rsquo;une \u00ab\u00a0famille\u00a0\u00bb bloquent la r\u00e9flexion de ses membres ou m\u00e8nent ces derniers \u00e0 prendre de mauvaises d\u00e9cisions pour faire plaisir \u00e0 leur camp. Je pense que beaucoup d&rsquo;\u00e9lus UMP ont d\u00e9fil\u00e9 contre le \u00ab\u00a0<a title=\"Article pour tous\" href=\"https:\/\/hyperbate.fr\/castagne\/2013\/04\/10\/article-pour-tous\/\">mariage pour tous<\/a>\u00a0\u00bb sans grande conviction, mais l&rsquo;ont fait parce qu&rsquo;\u00e0 un certain moment, ils se sont dit que c&rsquo;\u00e9tait l&rsquo;opinion dominante chez leurs sympathisants et leurs coll\u00e8gues, et que c&rsquo;est en tout cas ce qu&rsquo;on attendait d&rsquo;eux. Ils se sont alors invent\u00e9 des excuses (comme la GPA, qui n&rsquo;est pourtant pas \u00e0 l&rsquo;ordre du jour dans cette loi) pour revenir sur les d\u00e9clarations tol\u00e9rantes qu&rsquo;ils avaient pu avoir \u00e0 ce sujet dans le pass\u00e9<sup><a href=\"#footnote_1_286\" id=\"identifier_1_286\" class=\"footnote-link footnote-identifier-link\" title=\"L&rsquo;exp&eacute;rience de Robbers Cave (1954), par Muzafer Sherif, et l&rsquo;exp&eacute;rience de Solomon Asch (1954) &nbsp;ont montr&eacute; comment se constituaient les groupes, les antagonismes, le consensus, et c&rsquo;est assez effrayant : choisir d&rsquo;appartenir &agrave; un groupe, c&rsquo;est choisir d&rsquo;abaisser sa capacit&eacute; au discernement et d&rsquo;accepter de devenir l&rsquo;ennemi du groupe oppos&eacute;.\">1<\/a><\/sup>&#8230; La gauche traditionnelle est capable de belles b\u00eatises par dogmatisme, aussi. Hier, Sylvia Pinel, ministre de l&rsquo;artisanat, du commerce et du tourisme<sup><a href=\"#footnote_2_286\" id=\"identifier_2_286\" class=\"footnote-link footnote-identifier-link\" title=\"La ministre Sylvia Pinel, issue de l&rsquo;entourage du radical de gauche Jean-Michel Baylet, est n&eacute;e l&rsquo;ann&eacute;e de la sortie de&nbsp;Star Wars&nbsp;et a &eacute;t&eacute;, &agrave; trente ans, la plus jeune d&eacute;put&eacute;e de France. Je ne vois rien sur son&nbsp;curiculum vitae&nbsp;qui se rapporte &agrave; l&rsquo;artisanat, au commerce ou au tourisme, dont elle a &eacute;t&eacute; bombard&eacute;e ministre. Elle est, malgr&eacute; son jeune &acirc;ge, une politicienne professionnelle.\">2<\/a><\/sup>, a <a href=\"http:\/\/www.latribune.fr\/actualites\/economie\/france\/20130411trib000758848\/auto-entreprise-le-rapport-commande-par-sylvia-pinel-deja-aux-oubliettes.html\" target=\"_blank\">annonc\u00e9 que le r\u00e9gime auto-entrepreneur allait \u00eatre limit\u00e9 dans le temps<\/a>\u00a0pour ceux dont c&rsquo;est l&rsquo;activit\u00e9 principale, disposition qui avait \u00e9t\u00e9 plus ou moins annonc\u00e9 par le Parti Socialiste au cours de la campagne pr\u00e9sidentielle. Un rapport de l&rsquo;Inspection des affaires sociales et de l&rsquo;inspection des finances recommandait pourtant le contraire, mais il ne sera pas pris en compte. La raison profonde de cet enterrement du statut auto-entrepreneur\u00a0\u2014 qui est \u00e0 ma connaissance l&rsquo;unique bonne chose qui soit sortie du quinquennat de Nicolas Sarkozy\u00a0\u2014 est culturelle : le Parti Socialiste est un parti pour lequel il existe deux types d&rsquo;entreprises, les grosses administrations publiques, et les gros groupes priv\u00e9s. On ne mord pas la main qui vous nourrit ni celle qui vote pour vous : les fonctionnaires votent plut\u00f4t \u00e0 gauche (ou sont consid\u00e9r\u00e9s comme votant \u00e0 gauche), et les gros groupes priv\u00e9s, eux, d\u00e9tiennent les cordons de la bourse (un gros parti a besoin de beaucoup d&rsquo;argent), corrompent les maires et contr\u00f4lent la plupart des m\u00e9dias priv\u00e9s. Et puis qui dit grosses entreprises priv\u00e9es dit aussi syndicats puissants et donc fort engagement \u00e0 gauche des salari\u00e9s. Enfin \u00e7a c&rsquo;\u00e9tait \u00e0 l&rsquo;\u00e9poque o\u00f9 les grands groupes embauchaient en France, bien s\u00fbr. Les petits entrepreneurs, eux, n&rsquo;existent pas dans le tableau de la France de la gauche traditionnelle. Si la droite traditionnelle s\u00e9duit souvent les petits entrepreneurs et les commer\u00e7ants, c&rsquo;est qu&rsquo;il existe une frange (sans doute assez r\u00e9duite) de cette famille politique qui prend en compte leur existence. La gauche n&rsquo;aime pas les petits entrepreneurs, qui sont jug\u00e9s fondamentalement r\u00e9actionnaires :<\/p>\n<blockquote><p>Les classes moyennes (<i>Mittelst\u00e4nde<\/i>), le petit industriel, le petit commer\u00e7ant, l\u2019artisan, le paysan, ne combattent la bourgeoisie que pour sauvegarder leur existence de classes moyennes menac\u00e9es. Elles, ne sont pas r\u00e9volutionnaires par cons\u00e9quent, mais conservatrices. Bien plus, elles sont r\u00e9actionnaires. Elles tentent de faire r\u00e9trograder la roue de l\u2019histoire. On si elles sont r\u00e9volutionnaires, c\u2019est en tant qu elles discernent qu\u2019elles sont condamn\u00e9es \u00e0 se fondre dans le prol\u00e9tariat. Elles ne d\u00e9fendent pas alors leurs int\u00e9r\u00eats pr\u00e9sents, mais leurs int\u00e9r\u00eats futurs. Elles quittent leur propre point de vue pour se placer an point de vue du prol\u00e9tariat<sup><a href=\"#footnote_3_286\" id=\"identifier_3_286\" class=\"footnote-link footnote-identifier-link\" title=\"Karl Marx\/Friedrich Engels, le manifeste du parti communiste, traduction de Charles Andler.\">3<\/a><\/sup>.<\/p><\/blockquote>\n<p>Peut-\u00eatre que cette opinion \u00e9tait fond\u00e9e, \u00e0 l&rsquo;\u00e9poque de la R\u00e9volution industrielle, et peut-\u00eatre l&rsquo;est-elle toujours (m\u00eame si j&rsquo;ai beaucoup de mal avec l&rsquo;id\u00e9e d&rsquo;un syst\u00e8me qui, si on pousse sa logique, r\u00e9clame plus d&rsquo;exploitation et moins d&rsquo;ind\u00e9pendance et de responsabilit\u00e9s chez les travailleurs pour que ces derniers aient aient envie de r\u00e9volution&#8230;), mais il faut malgr\u00e9 tout que la gauche change un peu de point de vue, car en 2013, ce qui fait exister un pays comme la France, ce ne sont ni les grands bourgeois qui investissent dans la finance, ni les ouvriers, qui n&rsquo;ont plus de travail, ce sont les petites entreprises de services, les artisans, les commer\u00e7ants, les paysans.<br \/>\nEt maltraiter ces gens n&rsquo;est pas un tr\u00e8s bon calcul.<\/p>\n<p>En tant qu&rsquo;auto-entrepreneur (car je cotise sous ce r\u00e9gime), j&rsquo;ai v\u00e9cu comme un bol d&rsquo;air ce dispositif qui permet de gagner l\u00e9galement et simplement un peu d&rsquo;argent. Sans raconter ma vie, j&rsquo;ai des revenus de plusieurs nature : des salaires r\u00e9guliers, des salaires ponctuels, des droits d&rsquo;auteur et des honoraires en tant que travailleur ind\u00e9pendant. Comme travailleur ind\u00e9pendant, mes revenus sont g\u00e9n\u00e9ralement modestes, et tr\u00e8s irr\u00e9guliers. Pendant pr\u00e8s de quinze ans, j&rsquo;ai eu le statut \u00ab\u00a0Urssaf r\u00e9gime g\u00e9n\u00e9ral\u00a0\u00bb, et tous mes amis me conseillaient de changer pour le statut \u00ab\u00a0Maison des artistes\u00a0\u00bb ou pour le statut \u00ab\u00a0Agessa\u00a0\u00bb, plus adapt\u00e9s \u00e0 mon activit\u00e9, et un tout petit peu moins chers en pratique puisqu&rsquo;il ne fallait pas payer la taxe professionnelle, si je ne dis pas de b\u00eatises. Le probl\u00e8me de tous ces statuts (Urssaf, Maison des artistes, Agessa), c&rsquo;est qu&rsquo;ils r\u00e9clament une comptabilit\u00e9 s\u00e9rieuse, puisque l&rsquo;on doit payer ses charges sociales au moins un an et demie apr\u00e8s avoir per\u00e7u les revenus.<br \/>\nOr le principe de l&rsquo;auto-entrepreneur, c&rsquo;est que tous les trois mois, on d\u00e9clare ce qu&rsquo;on a gagn\u00e9 et on paie aussit\u00f4t les charges qui correspondent, et qui sont calcul\u00e9es de mani\u00e8re automatique. On ne peut pas payer plus que ce que l&rsquo;on a gagn\u00e9, chose qui\u00a0\u2014 les gens qui ne sont que salari\u00e9s n&rsquo;y croient pas\u00a0\u2014 peut arriver. La b\u00eatise et la complexit\u00e9 de l&rsquo;administration peut d&rsquo;ailleurs aboutir \u00e0 d&rsquo;autres absurdit\u00e9s : pendant plusieurs ann\u00e9es j&rsquo;ai cotis\u00e9 \u00e0 la s\u00e9curit\u00e9 sociale comme salari\u00e9 et comme ind\u00e9pendant, mais sans \u00eatre couvert par cette assurance&#8230;<\/p>\n<p>On peut discuter du d\u00e9tail concernant le statut auto-entrepreneur : est-ce que les taux sont bien calcul\u00e9s ? Ils ont \u00e9t\u00e9 relev\u00e9s et s&rsquo;il s&rsquo;av\u00e8re que les auto-entrepreneurs cotisent moins que les salari\u00e9s de Total ou EDF, on peut les relever encore.<br \/>\n<span style=\"line-height: 1.714285714; font-size: 1rem;\"><a href=\"http:\/\/www.scribd.com\/fullscreen\/135314431\">Le rapport remis \u00e0 la ministre<\/a>, qui propose quelques ajustements du statut afin d&rsquo;\u00e9viter les possibles fraudes ou d\u00e9tournement, \u00e9tablit :<\/span><\/p>\n<ul>\n<li><span style=\"line-height: 1.714285714; font-size: 1rem;\">que le statut autoentrepreneur ne suscite pas de concurrence d\u00e9loyale mais permet de faire exister des micro-march\u00e9s d\u00e9laiss\u00e9s par d&rsquo;autres acteurs \u00e9conomiques.<\/span><\/li>\n<li><span style=\"line-height: 1.714285714; font-size: 1rem;\">que ce statut est plus juste que d&rsquo;autres car il ne permet pas d&rsquo;exon\u00e9rations de charges et met tout le monde \u00e0 la m\u00eame enseigne.<\/span><\/li>\n<li><span style=\"line-height: 1.714285714; font-size: 1rem;\">que rien ne prouve que ce statut puisse \u00eatre utilis\u00e9 pour cr\u00e9er de l&#8217;emploi salari\u00e9 d\u00e9guis\u00e9 et pr\u00e9caire, situation envisageable et qui faisait partie des craintes suscit\u00e9es par ce nouveau statut, mais pas forc\u00e9ment difficile \u00e0 r\u00e9guler il me semble.<\/span><\/li>\n<li><span style=\"line-height: 1.714285714; font-size: 1rem;\">que les faibles obligations comptables li\u00e9es au syst\u00e8me ne suscitent pas plus de fraudes que les autres statuts et permettent m\u00eame de r\u00e9gulariser des activit\u00e9s autrefois exerc\u00e9es hors syst\u00e8me, au noir.<\/span><\/li>\n<\/ul>\n<p>Mais voil\u00e0, apparemment il ne sera pas tenu compte de ces observations pour une raison id\u00e9ologique, parce que l&rsquo;entrepreneur n&rsquo;est pas de gauche, parce qu&rsquo;il faut \u00eatre patron ou salari\u00e9, parce qu&rsquo;il n&rsquo;est pas bien vu d&rsquo;\u00eatre autre chose que ma\u00eetre ou esclave.<br \/>\nLe but profond de la tracasserie administrative est, \u00e0 mon avis, d&#8217;emp\u00eacher les sardines d&rsquo;\u00e9chapper \u00e0 la gueule des cachalots. Je me comprends<sup><a href=\"#footnote_4_286\" id=\"identifier_4_286\" class=\"footnote-link footnote-identifier-link\" title=\"Autre affaire qui m&eacute;rite discussion : le nouvel accord dans les m&eacute;tiers du cin&eacute;ma qui, &agrave; la mani&egrave;re du corporatisme syndical am&eacute;ricain, impose des salaires pr&eacute;cis pour les techniciens et imposent une composition pr&eacute;cise pour les &eacute;quipes de tournage. Il faudrait voir le d&eacute;tail de l&rsquo;accord, mais le fait qu&rsquo;il ait &eacute;t&eacute; impos&eacute; par quatre grands groupes (Path&eacute;, Gaumont, MK2, UGC) laisse penser qu&rsquo;il est plut&ocirc;t destin&eacute; &agrave; appliquer &agrave; tout le secteur le fonctionnement d&rsquo;une poign&eacute;e puissante mais pas forc&eacute;ment repr&eacute;sentative de ses acteurs.\">4<\/a><\/sup>.<\/p>\n<p>La force du statut auto-entrepreneur ce n&rsquo;est pas le taux de cotisations qui est appliqu\u00e9 (un peu moins de 25% dans mon cas), c&rsquo;est la simplicit\u00e9 du syst\u00e8me, qu&rsquo;il faudrait appliquer \u00e0 tous les autres statuts d&rsquo;entreprise individuelle. S&rsquo;il m&rsquo;arrivait \u00e0 nouveau de gagner plus comme ind\u00e9pendant que comme salari\u00e9, je ne pense pas que j&rsquo;aurais le courage de reprendre un statut \u00ab\u00a0\u00e0 l&rsquo;ancienne\u00a0\u00bb, ne serait-ce que parce que la transition d&rsquo;un statut \u00e0 un autre est toujours\u00a0extr\u00eamement\u00a0p\u00e9nible, mal g\u00e9r\u00e9e par l&rsquo;administration mais, c&rsquo;est une constante, toujours aux d\u00e9pens de l&rsquo;affili\u00e9.<\/p>\n<p>Voil\u00e0, c&rsquo;\u00e9tait mon billet de droite du jour. Il est presque un peu technique, ce qui est bizarre venant de moi qui, g\u00e9n\u00e9ralement, ne comprends pas bien les questions li\u00e9es \u00e0 la comptabilit\u00e9, \u00e0 l&rsquo;argent, aux statuts et aux r\u00e8glements.<\/p>\n<ol class=\"footnotes\"><li id=\"footnote_1_286\" class=\"footnote\">L&rsquo;exp\u00e9rience de <a href=\"http:\/\/en.wikipedia.org\/wiki\/Robbers_Cave_Experiment#The_Robbers_Cave_Experiment\" target=\"_blank\">Robbers Cave<\/a> (1954), par Muzafer Sherif, et l&rsquo;exp\u00e9rience de <a href=\"http:\/\/fr.wikipedia.org\/wiki\/Exp%C3%A9rience_de_Asch\" target=\"_blank\">Solomon Asch<\/a> (1954) \u00a0ont montr\u00e9 comment se constituaient les groupes, les antagonismes, le consensus, et c&rsquo;est assez effrayant : choisir d&rsquo;appartenir \u00e0 un groupe, c&rsquo;est choisir d&rsquo;abaisser sa capacit\u00e9 au discernement et d&rsquo;accepter de devenir l&rsquo;ennemi du groupe oppos\u00e9.<span class=\"footnote-back-link-wrapper\"> [<a href=\"#identifier_1_286\" class=\"footnote-link footnote-back-link\">&#8617;<\/a>]<\/span><\/li><li id=\"footnote_2_286\" class=\"footnote\">La ministre Sylvia Pinel, issue de l&rsquo;entourage du radical de gauche Jean-Michel Baylet, est n\u00e9e l&rsquo;ann\u00e9e de la sortie de\u00a0<em>Star Wars<\/em>\u00a0et a \u00e9t\u00e9, \u00e0 trente ans, la plus jeune d\u00e9put\u00e9e de France. Je ne vois rien sur son\u00a0<em>curiculum vitae<\/em>\u00a0qui se rapporte \u00e0 l&rsquo;artisanat, au commerce ou au tourisme, dont elle a \u00e9t\u00e9 bombard\u00e9e ministre. Elle est, malgr\u00e9 son jeune \u00e2ge, une politicienne professionnelle.<span class=\"footnote-back-link-wrapper\"> [<a href=\"#identifier_2_286\" class=\"footnote-link footnote-back-link\">&#8617;<\/a>]<\/span><\/li><li id=\"footnote_3_286\" class=\"footnote\">Karl Marx\/Friedrich Engels, <em><a href=\"http:\/\/fr.wikisource.org\/wiki\/Manifeste_du_parti_communiste\/Andler\" target=\"_blank\">le manifeste du parti communiste<\/a><\/em>, traduction de Charles Andler.<span class=\"footnote-back-link-wrapper\"> [<a href=\"#identifier_3_286\" class=\"footnote-link footnote-back-link\">&#8617;<\/a>]<\/span><\/li><li id=\"footnote_4_286\" class=\"footnote\">Autre affaire qui m\u00e9rite discussion : <a href=\"http:\/\/www.lefigaro.fr\/cinema\/2013\/03\/28\/03002-20130328ARTFIG00738-guillaume-canet-et-maiwenn-montent-au-front-contre-francois-hollande.php\" target=\"_blank\">le nouvel accord dans les m\u00e9tiers du cin\u00e9ma<\/a> qui, \u00e0 la mani\u00e8re du corporatisme syndical am\u00e9ricain, impose des salaires pr\u00e9cis pour les techniciens et imposent une composition pr\u00e9cise pour les \u00e9quipes de tournage. Il faudrait voir le d\u00e9tail de l&rsquo;accord, mais le fait qu&rsquo;il ait \u00e9t\u00e9 impos\u00e9 par quatre grands groupes (Path\u00e9, Gaumont, MK2, UGC) laisse penser qu&rsquo;il est plut\u00f4t destin\u00e9 \u00e0 appliquer \u00e0 tout le secteur le fonctionnement d&rsquo;une poign\u00e9e puissante mais pas forc\u00e9ment repr\u00e9sentative de ses acteurs.<span class=\"footnote-back-link-wrapper\"> [<a href=\"#identifier_4_286\" class=\"footnote-link footnote-back-link\">&#8617;<\/a>]<\/span><\/li><\/ol>","protected":false},"excerpt":{"rendered":"<p>(billet ennuyeux et technique sur un sujet qui concerne peu de gens. Et en plus il n&rsquo;y a pas d&rsquo;images) Je dis souvent que je ne suis pas de gauche, mais encore moins de droite. Parfois je dis que je suis anarchiste, parce que je r\u00eave d&rsquo;un syst\u00e8me politique bas\u00e9 sur la raison, la coop\u00e9ration [&hellip;]<\/p>\n","protected":false},"author":1,"featured_media":0,"comment_status":"open","ping_status":"open","sticky":false,"template":"","format":"standard","meta":{"footnotes":""},"categories":[1],"tags":[],"class_list":["post-286","post","type-post","status-publish","format-standard","hentry","category-non-classe"],"_links":{"self":[{"href":"https:\/\/hyperbate.fr\/castagne\/wp-json\/wp\/v2\/posts\/286","targetHints":{"allow":["GET"]}}],"collection":[{"href":"https:\/\/hyperbate.fr\/castagne\/wp-json\/wp\/v2\/posts"}],"about":[{"href":"https:\/\/hyperbate.fr\/castagne\/wp-json\/wp\/v2\/types\/post"}],"author":[{"embeddable":true,"href":"https:\/\/hyperbate.fr\/castagne\/wp-json\/wp\/v2\/users\/1"}],"replies":[{"embeddable":true,"href":"https:\/\/hyperbate.fr\/castagne\/wp-json\/wp\/v2\/comments?post=286"}],"version-history":[{"count":0,"href":"https:\/\/hyperbate.fr\/castagne\/wp-json\/wp\/v2\/posts\/286\/revisions"}],"wp:attachment":[{"href":"https:\/\/hyperbate.fr\/castagne\/wp-json\/wp\/v2\/media?parent=286"}],"wp:term":[{"taxonomy":"category","embeddable":true,"href":"https:\/\/hyperbate.fr\/castagne\/wp-json\/wp\/v2\/categories?post=286"},{"taxonomy":"post_tag","embeddable":true,"href":"https:\/\/hyperbate.fr\/castagne\/wp-json\/wp\/v2\/tags?post=286"}],"curies":[{"name":"wp","href":"https:\/\/api.w.org\/{rel}","templated":true}]}}