{"id":2665,"date":"2015-07-31T17:24:17","date_gmt":"2015-07-31T16:24:17","guid":{"rendered":"http:\/\/hyperbate.fr\/castagne\/?p=2665"},"modified":"2026-03-29T13:18:28","modified_gmt":"2026-03-29T12:18:28","slug":"la-philosophie-dans-le-drakkar","status":"publish","type":"post","link":"https:\/\/hyperbate.fr\/castagne\/2015\/07\/31\/la-philosophie-dans-le-drakkar\/","title":{"rendered":"La philosophie dans le Drakkar"},"content":{"rendered":"<div class=\"wp-block-image wp-image-2760 size-full\">\n<figure class=\"aligncenter\"><img decoding=\"async\" width=\"640\" height=\"271\" src=\"files\/2015\/07\/onfraymagazine.jpg\" alt=\"Le Point\" class=\"wp-image-2760\" srcset=\"https:\/\/hyperbate.fr\/castagne\/files\/2015\/07\/onfraymagazine.jpg 640w, https:\/\/hyperbate.fr\/castagne\/files\/2015\/07\/onfraymagazine-300x127.jpg 300w, https:\/\/hyperbate.fr\/castagne\/files\/2015\/07\/onfraymagazine-624x264.jpg 624w\" sizes=\"(max-width: 640px) 100vw, 640px\" \/><figcaption class=\"wp-element-caption\">Le Point, invit\u00e9 dans le magazine Onfray. Ou le contraire.<\/figcaption><\/figure>\n<\/div>\n\n\n<p>Non non non je ne fais pas une fixation sur Michel Onfray, je m&rsquo;en fiche un peu. Mais depuis <a href=\"https:\/\/hyperbate.fr\/castagne\/2015\/07\/29\/michel-onfray-philosophe-de-la-normalite-opprimee\/\">mon article d&rsquo;hier<\/a>, j&rsquo;ai beaucoup \u00e9chang\u00e9 avec ses nombreux d\u00e9tracteurs comme avec ses nombreux d\u00e9fenseurs. Je note que\u00a0ses partisans\u00a0semblent motiv\u00e9s par un attachement affectif \u00e0 Onfray, et que leurs arguments portent rarement sur le terrain des id\u00e9es, mais plut\u00f4t sur le statut du personnage\u00a0: il est en dehors du circuit acad\u00e9mique\u00a0;\u00a0il ne s&rsquo;adresse pas \u00e0 une \u00e9lite intellectuelle ;\u00a0il ose s&rsquo;attaquer\u00a0aux vaches sacr\u00e9es ; etc. Ces \u00e9l\u00e9ments, qui sont av\u00e9r\u00e9s, sont tout \u00e0 son honneur, nous sommes d&rsquo;accord. En revanche, je m&rsquo;\u00e9touffe un peu\u00a0lorsque l&rsquo;on m&rsquo;en parle comme d&rsquo;une sorte de victime que l&rsquo;on voudrait faire taire\u00a0: chouchout\u00e9 par <em>Le Point,<\/em>\u00a0diffus\u00e9 chaque \u00e9t\u00e9 depuis plus de dix ans par <em>France Culture, bon client des m\u00e9dias,\u00a0<\/em>conf\u00e9rencier tr\u00e8s actif\u00a0et auteur\u00a0r\u00e9gulier\u00a0de succ\u00e8s de librairie, Onfray ne manque pas de tribunes o\u00f9 s&rsquo;exprimer. Il est tout \u00e0 fait incroyable que des gens tels que lui\u00a0se pr\u00e9sentent eux-m\u00eames r\u00e9guli\u00e8rement comme les victimes d&rsquo;affreux universitaires pourtant sans acc\u00e8s aux m\u00e9dias et aux revenus nettement plus chiches. D&rsquo;ailleurs Onfray est bien conscient du\u00a0pouvoir que lui conf\u00e8re le label <em>\u00ab\u00a0vu \u00e0 la t\u00e9l\u00e9\u00a0\u00bb<\/em>, ainsi qu&rsquo;il l&rsquo;a montr\u00e9 en 2013 aux <em>Rencontres du livre et du vin <\/em>de Balma, qu&rsquo;il avait menac\u00e9 de quitter \u00e0 cause de la pr\u00e9sence de Michael Paraire, auteur d&rsquo;un livre intitul\u00e9 <em><a href=\"http:\/\/editions-epervier.fr\/michel-onfray-une-imposture-intellectuelle\" target=\"_blank\" rel=\"noopener\">Michel Onfray, une imposture intellectuelle<\/a><\/em>. Apr\u00e8s que le jeune homme a\u00a0\u00e9t\u00e9 <a href=\"https:\/\/www.youtube.com\/watch?v=bCba0T1cnm0\" target=\"_blank\" rel=\"noopener\">exclu d&rsquo;un d\u00e9bat sur Camus par le maire de la ville<\/a>, Onfray avait fait ce commentaire plut\u00f4t cynique \u2014 cynique au sens le moins philosophique qui soit,\u00a0malheureusement\u00a0:<br><em>\u00ab\u00a0Qui remplit la salle, eux ou moi ?\u00a0Ils sont rien (&#8230;)\u00a0ils pissent sur des trucs pour pouvoir exister\u00a0\u00bb<\/em><sup><a href=\"#footnote_1_2665\" id=\"identifier_1_2665\" class=\"footnote-link footnote-identifier-link\" title=\"De la part de quelqu&rsquo;un qui fait sa carri&egrave;re sur le fait de d&eacute;boulonner des idoles, c&rsquo;est assez dr&ocirc;le.\">1<\/a><\/sup>.<br>Onfray est en marge de l&rsquo;institution universitaire, certes, mais n&rsquo;est jamais loin\u00a0des micros, des cam\u00e9ras ou des projecteurs, c&rsquo;est \u00e0 dire l\u00e0 o\u00f9 se trouve le v\u00e9ritable pouvoir.<\/p>\n\n\n<div class=\"wp-block-image\">\n<figure class=\"aligncenter\"><a href=\"https:\/\/www.youtube.com\/watch?v=bCba0T1cnm0\"><img decoding=\"async\" width=\"640\" height=\"357\" src=\"files\/2015\/07\/onfrai_paraire.jpg\" alt=\"...\" class=\"wp-image-2741\" srcset=\"https:\/\/hyperbate.fr\/castagne\/files\/2015\/07\/onfrai_paraire.jpg 640w, https:\/\/hyperbate.fr\/castagne\/files\/2015\/07\/onfrai_paraire-300x167.jpg 300w, https:\/\/hyperbate.fr\/castagne\/files\/2015\/07\/onfrai_paraire-624x348.jpg 624w\" sizes=\"(max-width: 640px) 100vw, 640px\" \/><\/a><figcaption class=\"wp-element-caption\">Comment Michel Onfray a fait interdire \u00e0 Michael Paraire de d\u00e9battre sur Albert Camus, tout en lui disant qu&rsquo;il a tout \u00e0 fait le droit de s&rsquo;exprimer et en expliquant que c&rsquo;est lui la victime.<\/figcaption><\/figure>\n<\/div>\n\n\n<p>Enfin bref, au fil de mes lectures, je suis tomb\u00e9 sur la <a href=\"http:\/\/mo.michelonfray.fr\/chroniques\/la-chronique-mensuelle-de-michel-onfray-n122-juillet-2015\/\" target=\"_blank\" rel=\"noopener\">chronique de Michel Onfray num\u00e9ro 122, dat\u00e9e de juillet 2015<\/a>, c&rsquo;est \u00e0 dire son dernier article. Le titre en est <em><strong><a href=\"http:\/\/mo.michelonfray.fr\/chroniques\/la-chronique-mensuelle-de-michel-onfray-n122-juillet-2015\/\" target=\"_blank\" rel=\"noopener\">Viking &amp; juif, donc fran\u00e7ais<\/a><\/strong><\/em>.<\/p>\n\n\n\n<p>En introduction, l&rsquo;auteur ironise sur le fait que l&rsquo;Assembl\u00e9e nationale a supprim\u00e9 le mot \u00ab\u00a0race\u00a0\u00bb de la l\u00e9gislation fran\u00e7aise<sup><a href=\"#footnote_2_2665\" id=\"identifier_2_2665\" class=\"footnote-link footnote-identifier-link\" title=\"Proposition de loi tendant &agrave; la suppression du mot &laquo;&nbsp;race&nbsp;&raquo; de notre l&eacute;gislation, session du 16 mai 2013.\">2<\/a><\/sup>. Il ne reste plus, explique-t-il, qu&rsquo;\u00e0 supprimer les mots \u00ab\u00a0cancer\u00a0\u00bb, \u00ab\u00a0guerre\u00a0\u00bb, \u00ab\u00a0meurtre\u00a0\u00bb et \u00ab\u00a0crime\u00a0\u00bb pour que toutes ces choses disparaissent. Puis il conclut\u00a0:\u00a0<em>\u00ab\u00a0Pour quelques cerveaux fantasques, le r\u00e9el devrait ob\u00e9ir aux mots. H\u00e9las, pour un cerveau normal, ce sont les mots qui ob\u00e9issent au r\u00e9el. \u00c7a n\u2019est pas la race qui fait le raciste et c\u2019est le raciste qu\u2019il faut combattre, pas la race\u00a0\u00bb<\/em>.<br>Une seule chose est tr\u00e8s exacte dans ce propos\u00a0: le crime, c&rsquo;est bien le racisme. En effet, que l&rsquo;on juge le concept de \u00ab\u00a0race\u00a0\u00bb valide ou non, ce sont bien les hi\u00e9rarchies ou les exclusions racistes qui constituent un crime. Imaginons qu&rsquo;un despote d\u00e9cr\u00e8te que les gauchers ne doivent pas avoir les m\u00eames droits que les droitiers\u00a0: c&rsquo;est bien la hi\u00e9rarchie qui est \u00e0 combattre, et pas l&rsquo;utilisation des mots \u00ab\u00a0gaucher\u00a0\u00bb et \u00ab\u00a0droitier\u00a0\u00bb.<br>Pour ce qui est de la subordination des mots au r\u00e9el, en revanche, on peut discuter, et deux-mille cinq cent ans de philosophie, puis plus r\u00e9cemment la\u00a0psychologie, la\u00a0neurologie et les\u00a0<em>cultural studies<\/em>, se sont pench\u00e9s sur le sujet\u00a0: oui, les mots, ou plus g\u00e9n\u00e9ralement les repr\u00e9sentations, fa\u00e7onnent\u00a0notre rapport au\u00a0r\u00e9el et peuvent m\u00eame cr\u00e9er le r\u00e9el\u00a0: quand un juge du Texas annonce \u00e0 un homme qu&rsquo;il le condamne \u00e0 mort, ses mots n&rsquo;ont beau \u00eatre que des mots, leur contenu n&rsquo;en sera pas moins tr\u00e8s concret pour celui \u00e0 qui ils sont dits. Et la science, dont Onfray se r\u00e9clame r\u00e9guli\u00e8rement, ne fait pas grand chose d&rsquo;autre que de trouver des mots, des nombres et\u00a0des th\u00e9ories pour rendre le r\u00e9el intelligible, puis pour agir sur lui.<\/p>\n\n\n<div class=\"wp-block-image\">\n<figure class=\"aligncenter\"><a href=\"files\/2015\/07\/de_race_normande.jpg\"><img decoding=\"async\" width=\"640\" height=\"480\" src=\"files\/2015\/07\/de_race_normande.jpg\" alt=\"de_race_normande\" class=\"wp-image-2690\" srcset=\"https:\/\/hyperbate.fr\/castagne\/files\/2015\/07\/de_race_normande.jpg 640w, https:\/\/hyperbate.fr\/castagne\/files\/2015\/07\/de_race_normande-300x225.jpg 300w, https:\/\/hyperbate.fr\/castagne\/files\/2015\/07\/de_race_normande-624x468.jpg 624w\" sizes=\"(max-width: 640px) 100vw, 640px\" \/><\/a><figcaption class=\"wp-element-caption\">La normande est une vache de taille moyenne\u00a0\u00e0 la\u00a0robe blanche avec plus ou moins de taches brunes ou bring\u00e9es. Sa viande est de qualit\u00e9 et son lait adapt\u00e9 \u00e0 la production fromag\u00e8re.\u00a0Certains pensent qu&rsquo;elle\u00a0trouve ses origines chez les bovins amen\u00e9s par les Vikings,\u00a0mais elle\u00a0est surtout apparent\u00e9e \u00e0\u00a0d&rsquo;autres races anglo-normandes comme la jersiaise, elle-m\u00eame issue de la fusion tr\u00e8s r\u00e9cente de races r\u00e9gionales telles que\u00a0la cotentine et l&rsquo;augeronne. Les plus grands drakkars pouvaient, certes, transporter des (petits) chevaux, utiles \u00e0 la guerre, mais on voit mal l&rsquo;int\u00e9r\u00eat de\u00a0braver les mers en transportant des troupeaux entiers de bovid\u00e9s vers un pays qui ne manquait pas de b\u00e9tail.<br>(<a href=\"https:\/\/commons.wikimedia.org\/wiki\/Category:Norman_cattle?uselang=fr#\/media\/File:T%C3%AAtesvachesnormandes.jpg\" target=\"_blank\" rel=\"noopener\">photo de Ben23 sur Wikim\u00e9dia Commons<\/a>)<\/figcaption><\/figure>\n<\/div>\n\n\n<p>Onfray explique que l&rsquo;universit\u00e9 britannique de Leicester et\u00a0le Centre de Recherches Arch\u00e9ologiques et Historiques Anciennes et M\u00e9di\u00e9vales de l\u2019universit\u00e9 de Caen effectuent actuellement des recherches sur les normands\u00a0qui ont un patronyme nordique et dont les quatre grands parents sont originaires d&rsquo;un p\u00e9rim\u00e8tre restreint, dans le but de chercher, dans leur ADN, des\u00a0marqueurs g\u00e9n\u00e9tiques qui\u00a0\u00e9tabliraient une parent\u00e9 entre ces sujets et des scandinaves, afin\u00a0de comprendre\u00a0les effets du peuplement viking aux IXe et Xe si\u00e8cles.<br>Ce genre d&rsquo;\u00e9tude sert \u00e0 v\u00e9rifier\u00a0les mouvements de population qui ont pu avoir lieu en des temps mal document\u00e9s, et il sera tr\u00e8s int\u00e9ressant de savoir ce qui ressort de cette recherche\u00a0: les hommes du Nord qui ont donn\u00e9 son nom \u00e0 la Normandie l&rsquo;ont-ils\u00a0massivement peupl\u00e9e, comme aiment \u00e0 le croire les habitants de l&rsquo;actuelle Normandie, ou bien se sont-ils content\u00e9s, comme le sugg\u00e8re la faible quantit\u00e9 de transferts culturels et\u00a0d&rsquo;indices arch\u00e9ologiques significatifs, de lui donner son premier duc, Rollon, et de l&rsquo;exploiter comme les Fran\u00e7ais ont colonis\u00e9 tel ou tel territoire africain\u00a0dix\u00a0si\u00e8cles plus tard ? Apr\u00e8s un mill\u00e9naire, il est extr\u00eamement difficile d&rsquo;\u00e9valuer tout \u00e7a et la g\u00e9n\u00e9tique est un excellent outil pour le faire.<\/p>\n\n\n\n<p>Onfray r\u00e9sume tout \u00e7a avec une formule digne de\u00a0la vulgarisation scientifique par\u00a0la presse g\u00e9n\u00e9raliste\u00a0:\u00a0<em>\u00ab\u00a0Autrement dit\u202f: isoler le sang viking\u00a0\u00bb<\/em>.<br>J&rsquo;imagine que c&rsquo;est un peu l&rsquo;inverse, que l&rsquo;on a d\u00e9j\u00e0 isol\u00e9\u00a0les marqueurs g\u00e9n\u00e9tiques fr\u00e9quemment retrouv\u00e9s chez les actuels danois (la principale origine des vikings de Normandie), et que l&rsquo;on veut voir si on les retrouve\u00a0dans le\u00a0patrimoine g\u00e9n\u00e9tique des actuelles\u00a0populations normandes. Il ne s&rsquo;agit pas de\u00a0d\u00e9couvrir le \u00ab\u00a0g\u00e8ne viking\u00a0\u00bb chez\u00a0des habitants du Cotentin, mais de\u00a0savoir \u00e0 quel point les vieilles familles normandes partagent des g\u00e8nes avec les scandinaves.<br>Onfray, d\u00e9couvrant apparemment ce genre d&rsquo;enqu\u00eate qui me semble somme toute banale, interroge alors un de ses amis bordelais qui dirige un laboratoire de recherche d&rsquo;ADN et qui lui confirme que, je cite\u00a0:\u00a0<em>\u00ab\u00a0on peut, effectivement, via l\u2019ADN, savoir si l\u2019on a du sang viking, bien s\u00fbr, mais \u00e9galement toute autre trace d\u2019une autre origine. Ainsi, on peut d\u00e9terminer si l\u2019on a du sang Juif, s\u2019il est ashk\u00e9naze ou s\u00e9farade, et en quelle proportion\u00a0! Des Juifs int\u00e9gristes y recourent m\u00eame pour certifier, comment dire\u00a0? la puret\u00e9 de leur race.\u00a0\u00bb.<\/em>\u00a0L&rsquo;ami bordelais en question aurait aussi bien pu parler des \u00e9missions telles que <em>Finding your roots<\/em>, <em>Faces of America<\/em> et <em>African American Lives<\/em>, qui explorent le patrimoine g\u00e9n\u00e9tique des am\u00e9ricains afin d&rsquo;en mesurer la diversit\u00e9 et d&rsquo;\u00e9tablir des rapprochements inattendus, qui compl\u00e8tent les nombreuses \u00e9missions de g\u00e9n\u00e9alogie classique aux \u00c9tats-Unis\u00a0\u2014 celles qui ont par exemple permis de prouver que Barak Obama avait des\u00a0anc\u00eatres communs\u00a0avec George Bush et Brad Pitt. L&rsquo;ami bordelais aurait pu raconter aussi que c&rsquo;est l&rsquo;\u00e9tude de l&rsquo;ADN\u00a0mitochondrial (qui ne porte que sur la filiation maternelle, au passage) qui a permis de confirmer\u00a0une origine commune pour\u00a0toute l&rsquo;actuelle esp\u00e8ce humaine, en Afrique il y a 150 000 ans, et de comprendre selon quelle chronologie et selon quels circuits se sont produites les migrations<sup><a href=\"#footnote_3_2665\" id=\"identifier_3_2665\" class=\"footnote-link footnote-identifier-link\" title=\"C&rsquo;&eacute;tait le sujet d&rsquo;un excellent documentaire, diffus&eacute; sur Arte il y a quelques semaines, l&rsquo;ADN, nos anc&ecirc;tres et nous.\">3<\/a><\/sup>.<\/p>\n\n\n<div class=\"wp-block-image\">\n<figure class=\"aligncenter\"><a href=\"files\/2015\/07\/migrations.jpg\"><img decoding=\"async\" width=\"640\" height=\"340\" src=\"files\/2015\/07\/migrations.jpg\" alt=\"Les migrations\" class=\"wp-image-2746\" srcset=\"https:\/\/hyperbate.fr\/castagne\/files\/2015\/07\/migrations.jpg 640w, https:\/\/hyperbate.fr\/castagne\/files\/2015\/07\/migrations-300x159.jpg 300w, https:\/\/hyperbate.fr\/castagne\/files\/2015\/07\/migrations-624x332.jpg 624w\" sizes=\"(max-width: 640px) 100vw, 640px\" \/><\/a><figcaption class=\"wp-element-caption\">Les migrations humaines, depuis la vall\u00e9e du grand rift&nbsp;l&rsquo;Afrique jusqu&rsquo;\u00e0 l&rsquo;Am\u00e9rique du Sud.<\/figcaption><\/figure>\n<\/div>\n\n\n<p>R\u00e9capitulons\u00a0: Onfray nous dit qu&rsquo;il ne suffit pas de supprimer le mot \u00ab\u00a0race\u00a0\u00bb de la loi pour supprimer les races, puis nous apprend qu&rsquo;on peut enqu\u00eater sur l&rsquo;ADN et qu&rsquo;il existe des services commerciaux qu&rsquo;utilisent des juifs pour d\u00e9terminer une soi-disant puret\u00e9 raciale. Le lien entre ces diff\u00e9rentes informations n&rsquo;est pas explicit\u00e9\u00a0par l&rsquo;auteur du texte, qui semble confus\u00e9ment penser et vouloir laisser penser que l&rsquo;ADN d\u00e9montre la validit\u00e9 biologique du concept de race. \u00c0 aucun moment, Onfray n&rsquo;explique ce qu&rsquo;il entend par \u00ab\u00a0race\u00a0\u00bb, un mot aux multiples acceptions. Le mot \u00ab\u00a0race\u00a0\u00bb peut \u00eatre compris comme synonyme de\u00a0lign\u00e9e familiale (<em>\u00ab\u00a0la race des Bourbon\u00a0\u00bb<\/em>), comme synonyme\u00a0de groupe ethnique, comme synonyme d&rsquo;esp\u00e8ce en hero\u00efc-fantasy,\u00a0ou encore et\u00a0surtout, comme sous-esp\u00e8ce animale produite par s\u00e9lection (g\u00e9n\u00e9ralement) artificielle\u00a0:\u00a0bichon \u00e0 poil fris\u00e9, b\u0153uf charolais, mouton m\u00e9rinos, poney shetland, poule chantecler, chat persan<sup><a href=\"#footnote_4_2665\" id=\"identifier_4_2665\" class=\"footnote-link footnote-identifier-link\" title=\"On note que les races animales se fa&ccedil;onnent par appauvrissement g&eacute;n&eacute;tique, aboutissant &agrave; des pathologies redondantes et &agrave; une moindre long&eacute;vit&eacute;.\">4<\/a><\/sup>. Le probl\u00e8me du concept de \u00ab\u00a0race\u00a0\u00bb, appliqu\u00e9 aux groupes humains en fonction de caract\u00e8res ext\u00e9rieurs (couleur de la peau, forme caract\u00e9ristique des yeux,&#8230;), c&rsquo;est qu&rsquo;il sous-entend l&rsquo;existence d&rsquo;une possible int\u00e9grit\u00e9 raciale, d&rsquo;un mod\u00e8le de r\u00e9f\u00e9rence, et que tout entre-deux rel\u00e8ve de la b\u00e2tardise, de l&rsquo;impuret\u00e9, ou, pour prendre un terme qui n&rsquo;est (ici et maintenant) plus utilis\u00e9 comme insulte, du m\u00e9tissage. C&rsquo;est un mot charg\u00e9, \u00e0 manipuler avec des pincettes, et que les scientifiques eux-m\u00eames aujourd&rsquo;hui r\u00e9futent, pr\u00e9f\u00e9rant en employer de plus pr\u00e9cis pour d\u00e9crire les caract\u00e9ristiques\u00a0qui sautent aux yeux de tout un chacun telles que la pigmentation\u00a0de l&rsquo;\u00e9piderme, la nature du cheveu ou la forme d&rsquo;\u00e9l\u00e9ments du visage tels que les yeux, le nez ou la bouche. Notons qu&rsquo;Onfray ne pr\u00f4ne \u00e0 aucun moment la puret\u00e9 raciale, d&rsquo;autant qu&rsquo;il se pr\u00e9sente lui-m\u00eame, on va le voir, comme le fruit d&rsquo;un m\u00e9tissage. Mais cette id\u00e9e n&rsquo;en est pas moins contenue dans le terme depuis le Comte de Gobineau, du moins lorsqu&rsquo;on l&#8217;emploie dans son acception biologique.<\/p>\n\n\n\n<p>Sur la biologie, justement, Onfay poursuit\u00a0:<\/p>\n\n\n\n<blockquote class=\"wp-block-quote is-layout-flow wp-block-quote-is-layout-flow\">\n<p><em>\u00ab\u00a0La mode est au refus de la biologie, de l\u2019anatomie, de la physiologie, et, pour tout dire, de la nature. Bien penser, c\u2019est croire que nous ne sommes que des produits de la culture. Nous serions une cire vierge \u00e0 la naissance et nous deviendrions ce que la soci\u00e9t\u00e9 ferait de nous. La gauche, qui (souvent) le croit, a tort.<\/em><br><em>Le contraire est tout aussi faux\u202f: nous ne sommes pas des produits d\u2019une nature qui nous d\u00e9terminerait absolument \u00e0 \u00eatre ceci plut\u00f4t que cela \u2013 les fameux g\u00eane du p\u00e9dophile, de l\u2019homosexuel et du d\u00e9linquant isol\u00e9s par Nicolas Sarkozy dans un entretien que j\u2019eus avec lui pour Philosophie-Magazine. La droite, qui (souvent) le pense, a elle aussi tort.\u00a0\u00bb<\/em><\/p>\n<\/blockquote>\n\n\n\n<p>On admirera ici la philosophie\u00a0\u00ab\u00a0normande\u00a0\u00bb, c&rsquo;est \u00e0 dire une philosophie du <em>\u00ab\u00a0p\u2019t\u00e8t ben qu\u2019oui, p\u2019t\u00e8t ben qu\u2019non\u00a0\u00bb<\/em>, qui permet de mettre dos-\u00e0-dos deux id\u00e9ologies et de s&rsquo;en improviser l&rsquo;arbitre. Deux id\u00e9ologies qui n&rsquo;existent pas forc\u00e9ment, d&rsquo;ailleurs. Si la sociologie, et pas seulement gauchiste, s&rsquo;int\u00e9resse \u00e0 la mani\u00e8re dont se construit socialement l&rsquo;identit\u00e9, je doute qu&rsquo;elle nie l&rsquo;existence du corps, des hormones, des g\u00e8nes, de la pigmentation, des organes de reproduction,&#8230; Elle essaie juste de placer ad\u00e9quatement le curseur entre inn\u00e9 et acquis, biologique et sociologique, en portant, puisque c&rsquo;est son champ d&rsquo;\u00e9tude, un int\u00e9r\u00eat tout particulier \u00e0 la question des structures sociales. Tout ce que j&rsquo;en sais, en tout cas, c&rsquo;est qu&rsquo;une personne n\u00e9e\u00a0seule au monde sur cette Terre ne saurait jamais qu&rsquo;elle est femme, homme, blanche, noire, grande ou petite. C&rsquo;est l&rsquo;interaction entre personnes, entre groupes, qui donne un sens \u00e0 ces notions et qui peut, par exemple, transformer des faits biologiques sans importance en raison d&rsquo;opprimer. Et s&rsquo;il existe ici ou l\u00e0 des \u00ab\u00a0communaut\u00e9s\u00a0\u00bb gay, noires, juives, musulmanes, chr\u00e9tiennes, v\u00e9g\u00e9tariennes,.. ce n&rsquo;est pas tant par une irr\u00e9sistible propension biologique \u00e0 se rassembler, c&rsquo;est parce que les gens qui se sentent brim\u00e9s pour une m\u00eame raison ont tendance \u00e0 s&rsquo;unir pour se d\u00e9fendre et s&rsquo;entre-aider<sup><a href=\"#footnote_5_2665\" id=\"identifier_5_2665\" class=\"footnote-link footnote-identifier-link\" title=\"En me relisant dix ans plus tard, je me trouve un peu p&eacute;remptoire, les deux peuvent &ecirc;tre vrais &agrave; la fois, l&rsquo;id&eacute;e m&ecirc;me de se regrouper semble (pour utiliser une m&eacute;taphore informatique dont je n&rsquo;ignore pas les limites) grav&eacute;e en dur dans la psych&eacute; humaine et donc, si des gens soumis &agrave; une m&ecirc;me pression se regroupent, c&rsquo;est probablement d&ucirc; &agrave; une cause biologique.\">5<\/a><\/sup>.<\/p>\n\n\n<div class=\"wp-block-image\">\n<figure class=\"aligncenter\"><a href=\"files\/2015\/07\/onfray_what_if.png\"><img decoding=\"async\" width=\"627\" height=\"362\" src=\"files\/2015\/07\/onfray_what_if.png\" alt=\"En\" class=\"wp-image-2722\" srcset=\"https:\/\/hyperbate.fr\/castagne\/files\/2015\/07\/onfray_what_if.png 627w, https:\/\/hyperbate.fr\/castagne\/files\/2015\/07\/onfray_what_if-300x173.png 300w, https:\/\/hyperbate.fr\/castagne\/files\/2015\/07\/onfray_what_if-624x360.png 624w\" sizes=\"(max-width: 627px) 100vw, 627px\" \/><\/a><figcaption class=\"wp-element-caption\">Lorsqu&rsquo;il parle de biologie, on peut supposer qu&rsquo;Onfray cible implicitement la <em>\u00ab\u00a0Th\u00e9orie du genre\u00a0\u00bb<\/em>, locution qui d\u00e9crit les \u00e9tudes de genre et qu&rsquo;utilisent surtout leurs d\u00e9tracteurs, dont Onfray fait partie. L&rsquo;hypoth\u00e8se qui fonde l&rsquo;\u00e9tude du \u00ab\u00a0genre\u00a0\u00bb, qui est facile \u00e0 v\u00e9rifier, montre que nous avons un sexe biologique et un sexe culturel, qui ne sont pas toujours aussi \u00e9troitement li\u00e9s qu&rsquo;on pourrait s&rsquo;y attendre.<br>Le genre est surtout \u00e9tudi\u00e9 \u00e0 partir du lyc\u00e9e, en cours de sciences \u00e9conomiques et sociales, mais il est pratiqu\u00e9 d\u00e8s le premier jour d&rsquo;\u00e9cole maternelle par tous les enfants, lorsque ceux-ci apprennent que l&rsquo;agressivit\u00e9 masculine est positive et que ce sont ses victimes qui sont m\u00e9prisables, lorsque ceux-ci se font inculquer que les pratiques sexuelles sont par essence passives et d\u00e9gradantes lorsqu&rsquo;elles sont le fait de femmes ou d&rsquo;homosexuels, que toute \u00e9ventualit\u00e9\u00a0de d\u00e9sir f\u00e9minin ou homosexuel doivent \u00eatre r\u00e9prim\u00e9s par des insultes diverses\u00a0: \u00ab\u00a0salope\u00a0\u00bb, \u00ab\u00a0pute\u00a0\u00bb, \u00ab\u00a0p\u00e9d\u00e9\u00a0\u00bb, et j&rsquo;en passe.\u00a0Nous sommes tous des messieurs-dames Jourdain du \u00ab\u00a0djendeur\u00a0\u00bb, nous le vivions sans le savoir&#8230; Et il ne suffit pas de supprimer le mot pour que \u00e7a n&rsquo;existe pas<sup><a href=\"#footnote_6_2665\" id=\"identifier_6_2665\" class=\"footnote-link footnote-identifier-link\" title=\"On note au passage qu&rsquo;Onfray fustige l&rsquo;apprentissage de la programmation informatique &agrave; l&rsquo;&eacute;cole, qui est pourtant bien rare et qui, figurez-vous, force &agrave; lire, &eacute;crire, compter et penser, activit&eacute;s qui ne sont, par ailleurs, pas devenues facultatives dans les programmes scolaires, a priori.\">6<\/a><\/sup>.<\/figcaption><\/figure>\n<\/div>\n\n\n<p>La fin du texte me passionne, car elle me semble \u00e9clairante sur le personnage lui-m\u00eame, et le rend m\u00eame un peu attendrissant\u00a0:<\/p>\n\n\n\n<blockquote class=\"wp-block-quote is-layout-flow wp-block-quote-is-layout-flow\">\n<p><em>\u00ab\u00a0Quand l\u2019id\u00e9ologie ne fait plus la loi, mais le r\u00e9el, on doit penser ce fait. Que dit le sang pour l\u2019homme de gauche que je suis&nbsp;? Moi qui suis viking par mon p\u00e8re et probablement Juif par ma m\u00e8re, j\u2019aime pouvoir dire que l\u2019ADN prouve que la France est faite de sangs m\u00eal\u00e9s. Il ne faut pas avoir peur du r\u00e9el. Car c\u2019est quand on dit qu\u2019il n\u2019existe pas qu\u2019il nous mord la main.\u00a0\u00bb<\/em><\/p>\n<\/blockquote>\n\n\n\n<p>Apr\u00e8s une d\u00e9monstration vaseuse qui\u00a0tente de justifier le \u00ab\u00a0bon sens\u00a0\u00bb par son ennemie la science, donc, Onfray nous explique qu&rsquo;il est <em>\u00ab\u00a0viking par son p\u00e8re\u00a0\u00bb<\/em> et <em>\u00ab\u00a0probablement juif par sa m\u00e8re\u00a0\u00bb<\/em>. Il le dit pour ensuite se f\u00e9liciter de la diversit\u00e9 du patrimoine g\u00e9n\u00e9tique des fran\u00e7ais, ce qui est plut\u00f4t positif et bienveillant, mais qui, dans le cas, est avant tout la d\u00e9monstration du caract\u00e8re essentiellement imaginaire de l&rsquo;identit\u00e9\u00a0:\u00a0<span style=\"line-height: 1.714285714; font-size: 1rem;\">son p\u00e8re, brave ouvrier agricole\u00a0normand, qui n&rsquo;a jamais quitt\u00e9 son village natal et <\/span><em style=\"line-height: 1.714285714; font-size: 1rem;\">\u00ab\u00a0n&rsquo;a jamais manifest\u00e9 de d\u00e9sirs, d&rsquo;envies, de souhaits\u00a0\u00bb<\/em><span style=\"line-height: 1.714285714; font-size: 1rem;\">, devient un viking, c&rsquo;est \u00e0 dire un de\u00a0ces marins, explorateurs, que Charlemagne avait violemment chass\u00e9 de l&rsquo;Europe chr\u00e9tienne alors qu&rsquo;ils y venaient en\u00a0paisibles commer\u00e7ants<sup><a href=\"#footnote_7_2665\" id=\"identifier_7_2665\" class=\"footnote-link footnote-identifier-link\" title=\"Charlemagne &eacute;tait persuad&eacute; d&rsquo;avoir pour mission de christianiser l&rsquo;Europe en en chassant les pa&iuml;ens. Rappelons par exemple le massacre de Verden, en l&rsquo;an 782, lorsque l&rsquo;empereur franc a d&eacute;capit&eacute; 4500 personnes et d&eacute;port&eacute; 12000 femmes et enfants qui refusaient le bapt&ecirc;me chr&eacute;tien.\">7<\/a><\/sup>, et qui y sont ensuite revenus en navires de guerre,\u00a0terrorisant les populations du long de la Seine et pillant les tr\u00e9sors des \u00e9difices religieux\u00a0qu&rsquo;ils trouvaient sur le fleuve. Le nom qu&rsquo;ils se sont donn\u00e9s, Vikings, signifie \u00ab\u00a0pirates\u00a0\u00bb. Quant \u00e0 sa m\u00e8re, enfant trouv\u00e9e, j&rsquo;ignore sur quels \u00e9l\u00e9ments Onfray s&rsquo;appuie pour \u00e9mettre la supposition de sa jud\u00e9it\u00e9, mais cette seconde ascendance est tout aussi glorieusement fantasmatique que la premi\u00e8re\u00a0: les Juifs \u00e9taient d\u00e9j\u00e0 un peuple ancien quand les Romains ont envahi leur pays, ils sont les inventeurs du Dieu unique, ou en tout cas sont tenus pour tels par la plupart des gens<sup><a href=\"#footnote_8_2665\" id=\"identifier_8_2665\" class=\"footnote-link footnote-identifier-link\" title=\"La plus ancienne religion persistante &agrave; avoir &eacute;pous&eacute; l&rsquo;id&eacute;e du Dieu unique (mais aussi celle d&rsquo;une r&eacute;surrection et d&rsquo;une r&eacute;tribution), sont les Zoroastiens. Le juda&iuml;sme s&rsquo;en est inspir&eacute;.\">8<\/a><\/sup>, ils sont aussi le peuple des trag\u00e9dies, mais encore celui qui a surv\u00e9cu aux trag\u00e9dies, qui a surv\u00e9cu \u00e0 la d\u00e9portation \u00e0 Babylone, \u00e0 l&rsquo;exil apr\u00e8s la destruction du temple de J\u00e9rusalem, \u00e0 l&rsquo;ostracisme, aux pogroms, \u00e0 la Shoah. C&rsquo;est aussi le peuple de la Diaspora, le peuple sans terre, sans autre ancrage que le d\u00e9sir de continuer d&rsquo;exister.<br>Victimes ultimes, survivants ultimes, voyageurs ultimes.<\/span><\/p>\n\n\n<div class=\"wp-block-image\">\n<figure class=\"aligncenter\"><a href=\"files\/2015\/07\/13th_warrior.jpg\"><img decoding=\"async\" width=\"640\" height=\"300\" src=\"files\/2015\/07\/13th_warrior.jpg\" alt=\"John McTiernan, \" class=\"wp-image-2758\" srcset=\"https:\/\/hyperbate.fr\/castagne\/files\/2015\/07\/13th_warrior.jpg 640w, https:\/\/hyperbate.fr\/castagne\/files\/2015\/07\/13th_warrior-300x141.jpg 300w, https:\/\/hyperbate.fr\/castagne\/files\/2015\/07\/13th_warrior-624x293.jpg 624w\" sizes=\"(max-width: 640px) 100vw, 640px\" \/><\/a><figcaption class=\"wp-element-caption\"><em>Le 13e guerrier<\/em>, film de John McTiernan, d&rsquo;apr\u00e8s un roman de Michael Crichton. Un ambassadeur arabe, interpr\u00e9t\u00e9 par un acteur espagnol, devient un guerrier viking pour le compte du roi&nbsp;Goth-scandinave Beowulf, quant \u00e0 lui interpr\u00e9t\u00e9 par un acteur Tch\u00e8que.<\/figcaption><\/figure>\n<\/div>\n\n\n<p><span style=\"line-height: 1.714285714; font-size: 1rem;\">Quand les gens participent \u00e0 des exp\u00e9riences parapsychologiques (transes, oui-ja, voyance&#8230;) pour remonter dans leurs \u00ab\u00a0vies ant\u00e9rieures\u00a0\u00bb, ils ne tombent jamais sur une\u00a0\u00ab\u00a0Jeanne, cantini\u00e8re\u00a0\u00bb ou un \u00ab\u00a0Martin, laboureur\u00a0\u00bb, mais sur une \u00ab\u00a0N\u00e9fertiti, reine d&rsquo;\u00c9gypte\u00a0\u00bb, et un \u00ab\u00a0Napol\u00e9on, empereur des Fran\u00e7ais\u00a0\u00bb.\u00a0S&rsquo;inventer un \u00ab\u00a0sang\u00a0\u00bb jud\u00e9o-viking\u00a0me semble un peu de m\u00eame ordre\u00a0: une \u00e9vasion par l&rsquo;imaginaire<sup><a href=\"#footnote_9_2665\" id=\"identifier_9_2665\" class=\"footnote-link footnote-identifier-link\" title=\"Mise-&agrave;-jour 01\/08&nbsp;: Comme on me l&rsquo;a fait remarquer ailleurs, il est extr&ecirc;mement probable que Michel Onfray, comme vous et moi, ait de nombreux g&egrave;nes venus&nbsp;d&rsquo;anciens&nbsp;scandinaves ou de juifs. Chaque personne h&eacute;rite des g&egrave;nes de ses parents, &agrave; &eacute;galit&eacute; (mais la moiti&eacute; seulement de ces g&egrave;nes seront exprim&eacute;s, ce qui explique que nous ne soyons pas les sosies de nos fr&egrave;res et s&oelig;urs), donc &agrave; chaque g&eacute;n&eacute;ration, le nombre de gens dont nous pouvons h&eacute;riter g&eacute;n&eacute;tiquement est doubl&eacute;. Si on compte quatre g&eacute;n&eacute;rations par si&egrave;cle, nous sommes s&eacute;par&eacute;s de l&rsquo;&eacute;poque des vikings par quarante g&eacute;n&eacute;rations, ce qui nous donne 2 puissance 40&nbsp;anc&ecirc;tres ayant v&eacute;cu en l&rsquo;an mil. Soit 1.099.511.627.776, mille milliards ! Bien plus de gens qu&rsquo;il n&rsquo;en a jamais v&eacute;cu sur cette plan&egrave;te, ce qui implique beaucoup de doublons.\">9<\/a><\/sup>.<br><\/span><span style=\"line-height: 1.714285714; font-size: 1rem;\">Et pourquoi pas, d&rsquo;ailleurs ? Peut-\u00eatre faut-il s&rsquo;\u00eatre convaincu\u00a0que son p\u00e8re est un vaillant viking et que sa m\u00e8re est une juive myst\u00e8re pour passer, comme l&rsquo;a fait Onfray (qui a de quoi en \u00eatre extr\u00eamement fier), du statut de fils d&rsquo;un employ\u00e9 de ferme et d&rsquo;une femme de m\u00e9nage issue de l&rsquo;assistance publique, envoy\u00e9 par ses parents dans un pensionnat qu&rsquo;il nomme \u00e0 pr\u00e9sent orphelinat<sup><a href=\"#footnote_10_2665\" id=\"identifier_10_2665\" class=\"footnote-link footnote-identifier-link\" title=\"Lire Les souvenirs d&rsquo;enfance de Michel Onfray, par Patrick Peccatte, qui confronte ses propres souvenirs du pensionnat catholique de Giel &agrave; ceux d&rsquo;Onfray.\">10<\/a><\/sup>, \u00e0 celui de philosophe et essayiste m\u00e9diatique.<\/span><\/p>\n<ol class=\"footnotes\"><li id=\"footnote_1_2665\" class=\"footnote\">De la part de quelqu&rsquo;un qui fait sa carri\u00e8re sur le fait de d\u00e9boulonner des idoles, c&rsquo;est assez dr\u00f4le.<span class=\"footnote-back-link-wrapper\"> [<a href=\"#identifier_1_2665\" class=\"footnote-link footnote-back-link\">&#8617;<\/a>]<\/span><\/li><li id=\"footnote_2_2665\" class=\"footnote\"><em>Proposition de loi tendant \u00e0 la suppression du mo<\/em>t \u00ab\u00a0race\u00a0\u00bb <em>de notre l\u00e9gislation<\/em>, <a href=\"http:\/\/www.assemblee-nationale.fr\/14\/ta\/ta0139.asp\" target=\"_blank\" rel=\"noopener\">session du 16 mai 2013<\/a>.<span class=\"footnote-back-link-wrapper\"> [<a href=\"#identifier_2_2665\" class=\"footnote-link footnote-back-link\">&#8617;<\/a>]<\/span><\/li><li id=\"footnote_3_2665\" class=\"footnote\">C&rsquo;\u00e9tait le sujet d&rsquo;un excellent documentaire, diffus\u00e9 sur Arte il y a quelques semaines, <em><a href=\"http:\/\/www.arte.tv\/guide\/fr\/043791-000\/l-adn-nos-ancetres-et-nous\">l&rsquo;ADN, nos anc\u00eatres et nous<\/a><\/em>.<span class=\"footnote-back-link-wrapper\"> [<a href=\"#identifier_3_2665\" class=\"footnote-link footnote-back-link\">&#8617;<\/a>]<\/span><\/li><li id=\"footnote_4_2665\" class=\"footnote\">On note que les races animales se fa\u00e7onnent par appauvrissement g\u00e9n\u00e9tique, aboutissant \u00e0 des pathologies redondantes et \u00e0 une moindre long\u00e9vit\u00e9.<span class=\"footnote-back-link-wrapper\"> [<a href=\"#identifier_4_2665\" class=\"footnote-link footnote-back-link\">&#8617;<\/a>]<\/span><\/li><li id=\"footnote_5_2665\" class=\"footnote\">En me relisant dix ans plus tard, je me trouve un peu p\u00e9remptoire, les deux peuvent \u00eatre vrais \u00e0 la fois, l&rsquo;id\u00e9e m\u00eame de se regrouper semble (pour utiliser une m\u00e9taphore informatique dont je n&rsquo;ignore pas les limites) grav\u00e9e en dur dans la psych\u00e9 humaine et donc, si des gens soumis \u00e0 une m\u00eame pression se regroupent, c&rsquo;est probablement d\u00fb \u00e0 une cause biologique. <span class=\"footnote-back-link-wrapper\"> [<a href=\"#identifier_5_2665\" class=\"footnote-link footnote-back-link\">&#8617;<\/a>]<\/span><\/li><li id=\"footnote_6_2665\" class=\"footnote\">On note au passage qu&rsquo;Onfray fustige l&rsquo;apprentissage de la programmation informatique \u00e0 l&rsquo;\u00e9cole, qui est pourtant bien rare et qui, figurez-vous, force \u00e0 lire, \u00e9crire, compter et penser, activit\u00e9s qui ne sont, par ailleurs, pas devenues facultatives dans les programmes scolaires, a priori.<span class=\"footnote-back-link-wrapper\"> [<a href=\"#identifier_6_2665\" class=\"footnote-link footnote-back-link\">&#8617;<\/a>]<\/span><\/li><li id=\"footnote_7_2665\" class=\"footnote\">Charlemagne \u00e9tait persuad\u00e9 d&rsquo;avoir pour mission de christianiser l&rsquo;Europe en en chassant les pa\u00efens. Rappelons par exemple le massacre de Verden, en l&rsquo;an 782, lorsque l&#8217;empereur franc a d\u00e9capit\u00e9 4500 personnes et d\u00e9port\u00e9 12000 femmes et enfants qui refusaient le bapt\u00eame chr\u00e9tien.<span class=\"footnote-back-link-wrapper\"> [<a href=\"#identifier_7_2665\" class=\"footnote-link footnote-back-link\">&#8617;<\/a>]<\/span><\/li><li id=\"footnote_8_2665\" class=\"footnote\">La plus ancienne religion persistante \u00e0 avoir \u00e9pous\u00e9 l&rsquo;id\u00e9e du Dieu unique (mais aussi celle d&rsquo;une r\u00e9surrection et d&rsquo;une r\u00e9tribution), sont les Zoroastiens. Le juda\u00efsme s&rsquo;en est inspir\u00e9. <span class=\"footnote-back-link-wrapper\"> [<a href=\"#identifier_8_2665\" class=\"footnote-link footnote-back-link\">&#8617;<\/a>]<\/span><\/li><li id=\"footnote_9_2665\" class=\"footnote\">Mise-\u00e0-jour 01\/08\u00a0: Comme on me l&rsquo;a fait remarquer ailleurs, il est extr\u00eamement probable que Michel Onfray, comme vous et moi, ait de nombreux g\u00e8nes venus\u00a0d&rsquo;anciens\u00a0scandinaves ou de juifs. Chaque personne h\u00e9rite des g\u00e8nes de ses parents, \u00e0 \u00e9galit\u00e9 (mais la moiti\u00e9 seulement de ces g\u00e8nes seront exprim\u00e9s, ce qui explique que nous ne soyons pas les sosies de nos fr\u00e8res et s\u0153urs), donc \u00e0 chaque g\u00e9n\u00e9ration, le nombre de gens dont nous pouvons h\u00e9riter g\u00e9n\u00e9tiquement est doubl\u00e9. Si on compte quatre g\u00e9n\u00e9rations par si\u00e8cle, nous sommes s\u00e9par\u00e9s de l&rsquo;\u00e9poque des vikings par quarante g\u00e9n\u00e9rations, ce qui nous donne 2 puissance 40\u00a0anc\u00eatres ayant v\u00e9cu en l&rsquo;an mil. Soit 1.099.511.627.776, mille milliards ! Bien plus de gens qu&rsquo;il n&rsquo;en a jamais v\u00e9cu sur cette plan\u00e8te, ce qui implique beaucoup de doublons.<span class=\"footnote-back-link-wrapper\"> [<a href=\"#identifier_9_2665\" class=\"footnote-link footnote-back-link\">&#8617;<\/a>]<\/span><\/li><li id=\"footnote_10_2665\" class=\"footnote\">Lire <em><a href=\"http:\/\/culturevisuelle.org\/dejavu\/151\" target=\"_blank\" rel=\"noopener\">Les souvenirs d&rsquo;enfance de Michel Onfra<\/a>y<\/em>, par Patrick Peccatte, qui confronte ses propres souvenirs du pensionnat catholique de Giel \u00e0 ceux d&rsquo;Onfray.<span class=\"footnote-back-link-wrapper\"> [<a href=\"#identifier_10_2665\" class=\"footnote-link footnote-back-link\">&#8617;<\/a>]<\/span><\/li><\/ol>","protected":false},"excerpt":{"rendered":"<p>Non non non je ne fais pas une fixation sur Michel Onfray, je m&rsquo;en fiche un peu. Mais depuis mon article d&rsquo;hier, j&rsquo;ai beaucoup \u00e9chang\u00e9 avec ses nombreux d\u00e9tracteurs comme avec ses nombreux d\u00e9fenseurs. Je note que\u00a0ses partisans\u00a0semblent motiv\u00e9s par un attachement affectif \u00e0 Onfray, et que leurs arguments portent rarement sur le terrain des [&hellip;]<\/p>\n","protected":false},"author":1,"featured_media":0,"comment_status":"open","ping_status":"open","sticky":false,"template":"","format":"standard","meta":{"footnotes":""},"categories":[5],"tags":[],"class_list":["post-2665","post","type-post","status-publish","format-standard","hentry","category-identites"],"_links":{"self":[{"href":"https:\/\/hyperbate.fr\/castagne\/wp-json\/wp\/v2\/posts\/2665","targetHints":{"allow":["GET"]}}],"collection":[{"href":"https:\/\/hyperbate.fr\/castagne\/wp-json\/wp\/v2\/posts"}],"about":[{"href":"https:\/\/hyperbate.fr\/castagne\/wp-json\/wp\/v2\/types\/post"}],"author":[{"embeddable":true,"href":"https:\/\/hyperbate.fr\/castagne\/wp-json\/wp\/v2\/users\/1"}],"replies":[{"embeddable":true,"href":"https:\/\/hyperbate.fr\/castagne\/wp-json\/wp\/v2\/comments?post=2665"}],"version-history":[{"count":2,"href":"https:\/\/hyperbate.fr\/castagne\/wp-json\/wp\/v2\/posts\/2665\/revisions"}],"predecessor-version":[{"id":13993,"href":"https:\/\/hyperbate.fr\/castagne\/wp-json\/wp\/v2\/posts\/2665\/revisions\/13993"}],"wp:attachment":[{"href":"https:\/\/hyperbate.fr\/castagne\/wp-json\/wp\/v2\/media?parent=2665"}],"wp:term":[{"taxonomy":"category","embeddable":true,"href":"https:\/\/hyperbate.fr\/castagne\/wp-json\/wp\/v2\/categories?post=2665"},{"taxonomy":"post_tag","embeddable":true,"href":"https:\/\/hyperbate.fr\/castagne\/wp-json\/wp\/v2\/tags?post=2665"}],"curies":[{"name":"wp","href":"https:\/\/api.w.org\/{rel}","templated":true}]}}