{"id":2588,"date":"2015-07-29T18:43:03","date_gmt":"2015-07-29T17:43:03","guid":{"rendered":"http:\/\/hyperbate.fr\/castagne\/?p=2588"},"modified":"2024-05-12T10:03:04","modified_gmt":"2024-05-12T09:03:04","slug":"michel-onfray-philosophe-de-la-normalite-opprimee","status":"publish","type":"post","link":"https:\/\/hyperbate.fr\/castagne\/2015\/07\/29\/michel-onfray-philosophe-de-la-normalite-opprimee\/","title":{"rendered":"Michel Onfray, philosophe de la normalit\u00e9 opprim\u00e9e"},"content":{"rendered":"\n<p>J&rsquo;ai toujours aim\u00e9 la locution <em>\u00ab\u00a0Universit\u00e9 populaire\u00a0\u00bb<\/em>. Parce qu&rsquo;elle sonne comme une promesse de partage du savoir, de respect du public, d&rsquo;amour de la connaissance,&nbsp;voire m\u00eame, r\u00eavons un peu, de bouleversement des hi\u00e9rarchies culturelles. Et \u00e0 cause de ce mot, j&rsquo;ai toujours eu une petite estime pour Michel Onfray, avec qui je partage par ailleurs de gros doutes sur la psychanalyse (mais pas pour les m\u00eames raisons, j&rsquo;en suis certain)&nbsp;et&nbsp;un ath\u00e9isme radical.<br>Mais deux fois de suite, je me suis trouv\u00e9 par hasard \u00e0 assister \u00e0 des&nbsp;sessions d&rsquo;universit\u00e9s populaires, et j&rsquo;y ai surtout vu&nbsp;une assembl\u00e9e de personnes du troisi\u00e8me \u00e2ge (ce qui est tr\u00e8s bien, hein !) qui ne s&rsquo;int\u00e9ressaient pas plus \u00e0 ce qu&rsquo;on leur racontait que ne l&rsquo;auraient fait des coll\u00e9giens, puis se r\u00e9veillaient ensuite pour se lancer dans une comp\u00e9tition&nbsp;de&nbsp;questions sans int\u00e9r\u00eat, aux relents souvent un peu r\u00e9ac&rsquo; et auxquelles&nbsp;le conf\u00e9rencier faisait semblant de r\u00e9pondre tout en guettant sa montre.<br>On m&rsquo;a dit que cela se passait toujours ainsi, les \u00ab\u00a0universit\u00e9s populaires\u00a0\u00bb, et si c&rsquo;est vrai, je comprends mieux la d\u00e9rive de Michel Onfray : tout show-man est amen\u00e9 \u00e0 devenir ce que son public projette sur lui. Alors Onfray est devenu un philosophe pour retrait\u00e9s&nbsp;qui s&rsquo;ennuient apr\u00e8s le journal t\u00e9l\u00e9vis\u00e9 de Jean-Pierre Pernaut et avant celui du soir. C&rsquo;est son cr\u00e9neau. Quant \u00e0 son engagement libertaire revendiqu\u00e9, il&nbsp;semble se r\u00e9duire de plus en plus \u00e0 une revendication d&rsquo;h\u00e9donisme, entendu comme un droit tr\u00e8s philosophique \u00e0&nbsp;l&rsquo;\u00e9go\u00efsme, ainsi qu&rsquo;un moyen d\u00e9tourn\u00e9 pour \u00e9tayer ses vues politiques : contre la religion, pour le capitalisme, contre l&rsquo;\u00e9cologie<sup><a href=\"#footnote_1_2588\" id=\"identifier_1_2588\" class=\"footnote-link footnote-identifier-link\" title=\"Lire (ou pas) Le Manifeste h&eacute;doniste, &eacute;d. Autrement 2011.\">1<\/a><\/sup>,&#8230;<br>Comme tout r\u00e9actionnaire&nbsp;de deux-mille-quinze, il fustige&nbsp;l&rsquo;h\u00e9ritage post-soixante-huitard, dont il est, avec&nbsp;bien d&rsquo;autres \u00ab\u00a0r\u00e9sistants\u00a0\u00bb \u00e0 cet&nbsp;\u00e9pisode&nbsp;de l&rsquo;histoire politique et intellectuelle du pays, un b\u00e9n\u00e9ficiaire et un produit. C&rsquo;est assez banal, mais il se distingue de ses confr\u00e8res philosophes m\u00e9diatiques<sup><a href=\"#footnote_2_2588\" id=\"identifier_2_2588\" class=\"footnote-link footnote-identifier-link\" title=\"Je pr&eacute;f&egrave;re mille fois un Alain Finkielkraut, tout aussi r&eacute;actionnaire, qui au moins n&rsquo;essaie pas de se faire passer pour autre chose et conserve une certaine honn&ecirc;tet&eacute; dans ses raisonnements et ses arguments. En tant qu&rsquo;horloge arr&ecirc;t&eacute;e, il a l&rsquo;utilit&eacute; appr&eacute;ciable de donner l&rsquo;heure juste deux fois par jour.\">2<\/a><\/sup> par une m\u00e9thode qui consiste, sous le masque du cours d&rsquo;histoire des id\u00e9es, \u00e0 r\u00e9duire des pens\u00e9es complexes \u00e0 quelques traits choisis&nbsp;(de pr\u00e9f\u00e9rence ceux&nbsp;qui nous semblent aujourd&rsquo;hui ridicules ou excessifs), \u00e0 des&nbsp;attaques <em>ad hominem<\/em>, \u00e0 des&nbsp;anecdotes croustillantes, le tout emball\u00e9 dans un <em>storytelling<\/em> \u00e0 la louche, g\u00e9n\u00e9ralement anachronique et ignorant, o\u00f9 tous les pires proc\u00e9d\u00e9s rh\u00e9toriques sont employ\u00e9s : si-ce-n&rsquo;est-toi-c&rsquo;est-donc-ton-fr\u00e8re, y&rsquo;a-pas-de-fum\u00e9e-sans-feu, qui-vole-un-\u0153uf-vole-un-b\u0153uf, etc.<\/p>\n\n\n<div class=\"wp-block-image\">\n<figure class=\"aligncenter\"><a href=\"files\/2015\/07\/Onfray1.jpg\"><img decoding=\"async\" width=\"501\" height=\"350\" src=\"files\/2015\/07\/Onfray1.jpg\" alt=\"Onfray1\" class=\"wp-image-2631\" srcset=\"https:\/\/hyperbate.fr\/castagne\/files\/2015\/07\/Onfray1.jpg 501w, https:\/\/hyperbate.fr\/castagne\/files\/2015\/07\/Onfray1-300x210.jpg 300w\" sizes=\"(max-width: 501px) 100vw, 501px\" \/><\/a><\/figure>\n<\/div>\n\n<div class=\"wp-block-image\">\n<figure class=\"aligncenter\"><img decoding=\"async\" width=\"400\" height=\"179\" src=\"files\/2015\/07\/Michel-Onfray-UPC.jpg\" alt=\"Michel-Onfray-UPC\" class=\"wp-image-2651\" srcset=\"https:\/\/hyperbate.fr\/castagne\/files\/2015\/07\/Michel-Onfray-UPC.jpg 400w, https:\/\/hyperbate.fr\/castagne\/files\/2015\/07\/Michel-Onfray-UPC-300x134.jpg 300w\" sizes=\"(max-width: 400px) 100vw, 400px\" \/><\/figure>\n<\/div>\n\n\n<p>Hier, sur France Culture, ce tr\u00e8s petit monsieur\u00a0a pris une heure pour <a href=\"http:\/\/www.franceculture.fr\/emission-contre-histoire-de-la-philosophie-la-resistance-au-nihilisme-le-cheval-de-vincennes-2015-07\" target=\"_blank\" rel=\"noopener noreferrer\">dire du mal du centre universitaire exp\u00e9rimental de Vincennes<\/a>, qui a d\u00e9m\u00e9nag\u00e9 \u00e0 Saint-Denis un peu plus de dix ans apr\u00e8s sa fondation, et que l&rsquo;on nomme aujourd&rsquo;hui Paris 8.<br>Paris 8, c&rsquo;est l&rsquo;universit\u00e9 dont un ami de mes parents, qui y enseignait, m&rsquo;a dit, le jour de mon mariage, je m&rsquo;en souviens bien :\u00a0<em>\u00ab\u00a0tu devrais venir voir, c&rsquo;est fait pour les gens comme toi, qui ont un parcours atypique\u00a0\u00bb<\/em>. J&rsquo;y suis all\u00e9, sans le moindre dipl\u00f4me, ayant quitt\u00e9 un lyc\u00e9e professionnel sans mon CAP, <em>a fortiori<\/em> sans baccalaur\u00e9at, et on a bien voulu de moi. J&rsquo;y ai \u00e9tudi\u00e9, et aujourd&rsquo;hui, depuis presque vingt ans, j&rsquo;y enseigne. L\u00e0-bas, j&rsquo;ai enfin d\u00e9couvert qu&rsquo;on pouvait\u00a0s&rsquo;int\u00e9resser \u00e0 ce qu&rsquo;on \u00e9tudiait. J&rsquo;ai appris \u00e0 d\u00e9chiffrer et \u00e0 interpr\u00e9ter\u00a0des textes philosophiques\u00a0Chinois, j&rsquo;ai appris la sc\u00e9nographie au th\u00e9\u00e2tre, les enjeux de l&rsquo;urbanisme, le langage C, la sociologie de l&rsquo;art, je me suis int\u00e9ress\u00e9 aux\u00a0pratiques animistes en Afrique, et j&rsquo;ai appris qu&rsquo;on pouvait cr\u00e9er des \u0153uvres d&rsquo;art avec des id\u00e9es, de la lumi\u00e8re, des photocopieurs, des ordinateurs et de la programmation<sup><a href=\"#footnote_3_2588\" id=\"identifier_3_2588\" class=\"footnote-link footnote-identifier-link\" title=\"Dans&nbsp;son expos&eacute;, Onfray voit comme une &eacute;ni&egrave;me &laquo;&nbsp;d&eacute;rive&nbsp;&raquo; de Vincennes que l&rsquo;on y consid&eacute;rait que tout peut &ecirc;tre de l&rsquo;art.\">3<\/a><\/sup>. Enfin, c&rsquo;est l\u00e0 que j&rsquo;ai compris, que j&rsquo;ai d\u00e9cid\u00e9 pour moi-m\u00eame, que tout sujet \u00e9tait int\u00e9ressant,\u00a0et pas seulement ceux que l&rsquo;on a mis sur un pi\u00e9destal.\u00a0L&rsquo;universit\u00e9 Paris 8 du d\u00e9but des ann\u00e9es 1990 n&rsquo;avait sans doute plus grand chose\u00a0\u00e0 voir avec le centre universitaire de Vincennes, mais j&rsquo;ai fr\u00e9quent\u00e9 des gens qui avaient connu Vincennes d\u00e8s sa cr\u00e9ation (\u00e0 commencer par mes profs, progressivement partis \u00e0 la retraite ces derni\u00e8res ann\u00e9es), j&rsquo;ai fr\u00e9quent\u00e9 des gens qui avaient connu, voire \u00e9t\u00e9 des proches de Lyotard, Deleuze, Popper, etc. J&rsquo;ai connu les profs qui refusaient de donner des notes et ceux qui consid\u00e9raient que faire ce qu&rsquo;on veut \u00e9tait aussi respectable, sinon plus, que faire ce que le prof veut. J&rsquo;ai connu des scories d&rsquo;agitation politique, avec quelques stands dans le hall, et les panneaux d&rsquo;affichage public satur\u00e9s d&rsquo;annonces de groupements internationalistes socialistes sans doute compos\u00e9s d&rsquo;un unique membre chacun.<br>Je n&rsquo;ai pas connu Vincennes<sup><a href=\"#footnote_4_2588\" id=\"identifier_4_2588\" class=\"footnote-link footnote-identifier-link\" title=\"Mais j&rsquo;y ai suivi quelques anciens,&nbsp;en p&egrave;lerinage, m&ecirc;me si le mot leur d&eacute;pla&icirc;t.&Agrave; voir, le site Vincennes 70&rsquo;s, qui r&eacute;capitule&nbsp;cette p&eacute;riode.\">4<\/a><\/sup>, mais j&rsquo;en suis un produit indirect, je sais que mon existence serait extr\u00eamement diff\u00e9rente si je n&rsquo;\u00e9tais pas pass\u00e9 par Paris 8. Pour cette raison, et sans doute aussi par nostalgie pour une p\u00e9riode dynamique et folklorique que je n&rsquo;ai pas connue, je suis assez sensible \u00e0 ce qu&rsquo;on en dit \u00e0 pr\u00e9sent.<br><\/p>\n\n\n\n<p>Et ce que raconte Onfray dans son \u00e9mission, ce n&rsquo;est pas triste : apr\u00e8s une introduction \u00e0 la notion de \u00ab\u00a0gauchisme culturel\u00a0\u00bb, il parle longuement\u00a0de p\u00e9dophilie (\u00ab\u00a0consentante\u00a0\u00bb et \u00ab\u00a0sans violences\u00a0\u00bb), qui fut effectivement consid\u00e9r\u00e9e\u00a0avec une indulgence aujourd&rsquo;hui impensable par la presse de gauche de l&rsquo;\u00e9poque et partiellement d\u00e9fendue \u00e0 coup de p\u00e9titions par des personnalit\u00e9s aussi importantes\u00a0que Simone de Beauvoir, Bernard Kouchner, Louis Aragon, Andr\u00e9 Glucksman, Jean-Paul Sartre, Roland Barthes, Fran\u00e7oise Dolto, et bien d&rsquo;autres. Parmi les d\u00e9fenseurs de la p\u00e9dophilie s&rsquo;en trouvait un qui \u00e9tait personnellement int\u00e9ress\u00e9,\u00a0Ren\u00e9 Sch\u00e9rer, philosophe (et accessoirement fr\u00e8re d&rsquo;\u00c9ric Rohmer), qui enseignait \u00e0 Paris 8, ce qui fait dire \u00e0 Onfray\u00a0: <em>\u00ab\u00a0\u00e0\u00a0l&rsquo;universit\u00e9 de\u00a0Vincennes, on enseignait la p\u00e9dophilie\u00a0\u00bb<\/em>. Puisque cette question occupe un bon quart de l&rsquo;expos\u00e9 d&rsquo;Onfray, on finirait par croire qu&rsquo;on n&rsquo;y enseignait rien d&rsquo;autre, mais on apprend, plus loin, que Sch\u00e9rer s&rsquo;opposait violemment \u00e0 nombre\u00a0de ses coll\u00e8gues, par exemple\u00a0Jean-Fran\u00e7ois Lyotard, et que ses propos effrayaient ses \u00e9tudiants, lesquels se comptaient en fait sur les doigts d&rsquo;une main.<br>La seconde cible d&rsquo;Onfray est Foucault, d\u00e9peint ici comme un ambitieux, un opportuniste, qui a servi\u00a0tous les pouvoirs d\u00e8s lors que ceux-ci servaient sa carri\u00e8re, qui avait une sexualit\u00e9 <em>\u00ab\u00a0probl\u00e9matique\u00a0\u00bb<\/em> et n&rsquo;\u00e9tait pas un vrai gauchiste, la preuve\u00a0\u00e9tant que\u00a0six ans apr\u00e8s sa\u00a0mort, son ancien assistant Fran\u00e7ois Ewald\u00a0a\u00a0travaill\u00e9 pour le M\u00e9def, tandis qu&rsquo;un de ses amants en Pologne collaborait avec la police politique. Bref, un homme sans conviction dont l&rsquo;\u0153uvre n&rsquo;a, nous dit toujours Onfray, pas grand int\u00e9r\u00eat. Avec un air entendu, il\u00a0signale que Foucault, comme Sch\u00e9rer, portait un col roul\u00e9 et un blouson de cuir. Tiens tiens, c&rsquo;est louche. Onfray fait aussi remarquer que Foucault \u00e9tait contre la norme et trouvait tr\u00e8s bien que les filles ressemblassent \u00e0 des gar\u00e7ons et inversement, signalant au passage \u00e0 l&rsquo;auditoire de sa conf\u00e9rence que \u00e7a lui rappelle le contexte actuel. Il n&rsquo;a pas peur de mettre le r\u00e9gime des mollahs\u00a0sur le dos de Foucault, puisque ce dernier a soutenu l&rsquo;ayatollah Khomeny en 1978\u00a0\u2014 un peu comme tout le monde, ceci dit\u00a0: exil\u00e9 alors que son pays \u00e9tait au mains d&rsquo;une dictature, Khomeny passait pour une esp\u00e8ce de sage, voire un Gandhi persan. Au passage, Onfray affirme que l&rsquo;Islam m\u00e8ne forc\u00e9ment \u00e0 la th\u00e9ocratie, ce qui est, une fois de plus, une lecture \u00e0 la fois anachronique et d\u00e9terministe, qui acte sans \u00e9tats d&rsquo;\u00e2me\u00a0la\u00a0confiscation des consciences musulmanes par l&rsquo;Islam politique.<br>Onfray parle un peu d&rsquo;antipsychiatrie, en en faisant une id\u00e9ologie pour laquelle les fous sont sains et le reste du monde est fou, se gardant bien de parler des am\u00e9liorations tangibles que ce mouvement a amen\u00e9 en refusant de faire de l&rsquo;asile la r\u00e9ponse \u00e0 tous les probl\u00e8mes psychiatrique et en refusant la cat\u00e9gorisation de l&rsquo;homosexualit\u00e9 comme pathologie \u2014 mais j&rsquo;imagine que ce dernier point laisse froid Onfray, qui semble avoir un probl\u00e8me avec l&rsquo;homosexualit\u00e9.<br>F\u00e9lix Guattari et\u00a0Gilles Deleuze sont surtout cit\u00e9s comme tra\u00eetres \u00e0 la gauche : ils ont soutenu Coluche (comme tout le monde) mais ont f\u00eat\u00e9 l&rsquo;\u00e9lection de Fran\u00e7ois Mitterrand le 10 mai 1981. Je ne sais pas si ce genre de r\u00e9v\u00e9lation choc permettra \u00e0 Onfray de revendiquer une importance comparable \u00e0 celle de Deleuze dans l&rsquo;histoire de la philosophie.<br>La mise en question des constructions sociales r\u00e9volte Onfray, qui y voit la cause de la mont\u00e9e du Front National. Pour lui, la tradition du \u00ab\u00a0gauchisme culturel\u00a0\u00bb, qui se cristallise \u00e0 Vincennes et dont il ressent les effets d\u00e9l\u00e9t\u00e8res aujourd&rsquo;hui encore s&rsquo;int\u00e9resse trop aux marginaux et pas assez aux \u00ab\u00a0normaux\u00a0\u00bb. L&rsquo;inventaire de ceux\u00a0qu&rsquo;il consid\u00e8re comme appartenant \u00e0 la marge est int\u00e9ressant : <strong><em>homosexuels, transsexuels, femmes, fous, immigr\u00e9s<\/em><\/strong>.<sup><a href=\"#footnote_5_2588\" id=\"identifier_5_2588\" class=\"footnote-link footnote-identifier-link\" title=\"Sur le script de la conf&eacute;rence, disponible en pdf, il est &eacute;crit :Lente descente des masses oubli&eacute;es vers le d&eacute;sespoir&bull; Des masses jamais prises en compte par le gauchisme culturel&bull; Qui ne se soucie que des marges :&bull; L&rsquo;homosexuel, le transsexuel, les femmes, l&rsquo;immigr&eacute;, l&rsquo;hermaphrodite, le prisonnier, le criminel.\">5<\/a><\/sup><br>Je n&rsquo;invente rien, Onfray nous explique que la norme doit \u00eatre l&rsquo;homme blanc h\u00e9t\u00e9rosexuel, et que ne pas donner suffisamment de place \u00e0\u00a0cette norme, c&rsquo;est faire du mal \u00e0\u00a0la vraie gauche !<br>On croirait une blague, non ?<\/p>\n\n\n<div class=\"wp-block-image\">\n<figure class=\"aligncenter size-full\"><img decoding=\"async\" width=\"501\" height=\"334\" src=\"https:\/\/hyperbate.fr\/castagne\/files\/2015\/07\/michel-onfray-5-e1438191366632.jpg\" alt=\"\" class=\"wp-image-2647\"\/><\/figure>\n<\/div>\n\n\n<p>Voici comment Onfray r\u00e9sume la chronologie de Vincennes&nbsp;: le pouvoir gaulliste a g\u00e9n\u00e9reusement offert aux gauchistes une universit\u00e9 de luxe (moquette \u00e9paisse, meubles design, lignes de transport express\u00e9ment am\u00e9nag\u00e9es) et leur a donn\u00e9 une libert\u00e9 p\u00e9dagogique totale, histoire de voir s&rsquo;ils seraient capables d&rsquo;en faire quelque chose, mais, constatant que les enseignants \u00e9taient contre l&rsquo;id\u00e9e de notation, lui a retir\u00e9 le droit \u00e0 d\u00e9livrer des dipl\u00f4mes puis, face aux exc\u00e8s en tous genres<sup><a href=\"#footnote_6_2588\" id=\"identifier_6_2588\" class=\"footnote-link footnote-identifier-link\" title=\"Onfray parle notamment d&rsquo;une poubelle&nbsp;qui aurait &eacute;t&eacute; renvers&eacute;e&nbsp;sur la t&ecirc;te de Paul Ric&oelig;ur&hellip; Je ne connais pas cette histoire, personnellement, et &agrave; ma connaissance, Ric&oelig;ur enseignait &agrave; Nanterre.\">6<\/a><\/sup>, a fini par interrompre cette exp\u00e9rience de <em>\u00ab\u00a0subversion subventionn\u00e9e\u00a0\u00bb<\/em>&nbsp;et d\u00e9molir les b\u00e2timents. L&rsquo;autonomie, c&rsquo;est le foutoir, fin de l&rsquo;histoire<sup><a href=\"#footnote_7_2588\" id=\"identifier_7_2588\" class=\"footnote-link footnote-identifier-link\" title=\"Il y a beaucoup d&rsquo;impr&eacute;cisions ici, mais Vincennes a surtout p&acirc;ti de la fin du bail du terrain qui abritait l&rsquo;universit&eacute;, &eacute;v&eacute;nement qui a permis &agrave; la ville de Paris de se d&eacute;barrasser de cette universit&eacute; devenue &eacute;norme (plus de 30 000 &eacute;tudiants, soit quatre fois plus que sa capacit&eacute; d&rsquo;accueil) et dont les locaux n&rsquo;&eacute;taient pas entretenus et les abords, marqu&eacute;s par une ambiance assez sordide du fait du deal d&rsquo;h&eacute;ro&iuml;ne. De nombreux cours avaient lieu le soir, et il fallait marcher un temps certain dans les bois pour atteindre l&rsquo;universit&eacute; !\">7<\/a><\/sup>.<br>Le public de la deux-cent-cinquanti\u00e8me&nbsp;conf\u00e9rence&nbsp;de la <em>Contre-histoire de la philosophie<\/em> \u00e0&nbsp;l&rsquo;Universit\u00e9 populaire de Caen et les auditeurs&nbsp;de <em>France Culture<\/em> qui en ont \u00e9cout\u00e9 l&rsquo;enregistrement hier ne conserveront pour la plupart, j&rsquo;en ai peur, qu&rsquo;une id\u00e9e tr\u00e8s parcellaire de l&rsquo;h\u00e9ritage de Vincennes. Ils croiront sans doute que cette universit\u00e9 n&rsquo;existe plus (alors qu&rsquo;elle a surtout d\u00e9m\u00e9nag\u00e9) et ignoreront que c&rsquo;est la premi\u00e8re universit\u00e9 \u00e0 avoir eu un d\u00e9partement de cin\u00e9ma, la premi\u00e8re universit\u00e9 \u00e0 avoir eu un d\u00e9partement d&rsquo;arts plastiques, de pratique de la musique, la premi\u00e8re universit\u00e9 \u00e0 avoir eu un d\u00e9partement d&rsquo;informatique<sup><a href=\"#footnote_8_2588\" id=\"identifier_8_2588\" class=\"footnote-link footnote-identifier-link\" title=\"mise &agrave; jour du 6\/6\/2019 : cette affirmation de ma part est semble-t-il erron&eacute;e, cf. commentaires.\">8<\/a><\/sup>, \u00e0 s&rsquo;\u00eatre pench\u00e9e sur l&rsquo;Intelligence artificielle et sur la cr\u00e9ation artistique sur ordinateur<sup><a href=\"#footnote_9_2588\" id=\"identifier_9_2588\" class=\"footnote-link footnote-identifier-link\" title=\"Groupe art et informatique de Vincennes, puis d&eacute;partement Arts et technologies de l&rsquo;image, notamment. Arts, cin&eacute;ma, musique ou informatique s&rsquo;enseignaient dans des &eacute;coles sp&eacute;cialis&eacute;es, mais pas &agrave; l&rsquo;universit&eacute;.\">9<\/a><\/sup>. Curieusement, c&rsquo;est aussi l&rsquo;universit\u00e9 qui est \u00e0 l&rsquo;origine du syst\u00e8me de validation par unit\u00e9s de valeur, qui \u00e0 d\u00e9sormais cours dans toutes les autres.<br>M\u00eame si je n&rsquo;ai cess\u00e9 de voir Paris 8 se normaliser, au fil des ann\u00e9es que j&rsquo;y ai pass\u00e9, et au fur et \u00e0 mesure que les anciens partaient \u00e0 la retraite, cela reste une universit\u00e9 o\u00f9 les hi\u00e9rarchies et les oppositions traditionnelles sont contest\u00e9es : pratique\/th\u00e9orie, mandarins\/assistants, enseignants\/\u00e9tudiants, \u00e9tudiants\/travailleurs, bacheliers\/non-bacheliers.<\/p>\n\n\n\n<p>Le r\u00e9quisitoire fait par Onfray est malhonn\u00eate et augmente l&rsquo;ignorance de l&rsquo;auditeur tout en lui faisant croire qu&rsquo;on l&rsquo;instruit. Voil\u00e0 bien le genre de pratiques qui \u00e9tendent le domaine de l\u2019imb\u00e9cillit\u00e9 ambiante et&nbsp;\u2014&nbsp;\u00e0 mon tour de le dire \u2014, font le lit du Front National.<\/p>\n<ol class=\"footnotes\"><li id=\"footnote_1_2588\" class=\"footnote\">Lire (ou pas) <em>Le Manifeste h\u00e9doniste<\/em>, \u00e9d. Autrement 2011. <span class=\"footnote-back-link-wrapper\"> [<a href=\"#identifier_1_2588\" class=\"footnote-link footnote-back-link\">&#8617;<\/a>]<\/span><\/li><li id=\"footnote_2_2588\" class=\"footnote\">Je pr\u00e9f\u00e8re mille fois un Alain Finkielkraut, tout aussi r\u00e9actionnaire, qui au moins n&rsquo;essaie pas de se faire passer pour autre chose et conserve une certaine honn\u00eatet\u00e9 dans ses raisonnements et ses arguments. En tant qu&rsquo;horloge arr\u00eat\u00e9e, il a l&rsquo;utilit\u00e9 appr\u00e9ciable de donner l&rsquo;heure juste deux fois par jour.<span class=\"footnote-back-link-wrapper\"> [<a href=\"#identifier_2_2588\" class=\"footnote-link footnote-back-link\">&#8617;<\/a>]<\/span><\/li><li id=\"footnote_3_2588\" class=\"footnote\">Dans\u00a0son expos\u00e9, Onfray voit comme une \u00e9ni\u00e8me \u00ab\u00a0d\u00e9rive\u00a0\u00bb de Vincennes que l&rsquo;on y consid\u00e9rait que tout peut \u00eatre de l&rsquo;art.<span class=\"footnote-back-link-wrapper\"> [<a href=\"#identifier_3_2588\" class=\"footnote-link footnote-back-link\">&#8617;<\/a>]<\/span><\/li><li id=\"footnote_4_2588\" class=\"footnote\">Mais <a href=\"https:\/\/hyperbate.fr\/dernier\/?p=33345\" target=\"_blank\" rel=\"noopener noreferrer\">j&rsquo;y ai suivi quelques anciens,\u00a0en p\u00e8lerinage<\/a>, m\u00eame si le mot leur d\u00e9pla\u00eet.<br>\u00c0 voir, le site <a href=\"http:\/\/www.rvdv.net\/vincennes\/\" target=\"_blank\" rel=\"noopener noreferrer\">Vincennes 70&rsquo;s<\/a>, qui r\u00e9capitule\u00a0cette p\u00e9riode.<span class=\"footnote-back-link-wrapper\"> [<a href=\"#identifier_4_2588\" class=\"footnote-link footnote-back-link\">&#8617;<\/a>]<\/span><\/li><li id=\"footnote_5_2588\" class=\"footnote\">Sur le script de la conf\u00e9rence, <a href=\"http:\/\/mo.michelonfray.fr\/wp-content\/uploads\/2014\/11\/Le-cheval-de-Vincennes1.pdf\" target=\"_blank\" rel=\"noopener noreferrer\">disponible en pdf<\/a>, il est \u00e9crit :<br><em>Lente descente des masses oubli\u00e9es vers le d\u00e9sespoir<br>\u2022 Des masses jamais prises en compte par le gauchisme culturel<br>\u2022 Qui ne se soucie que des marges :<br>\u2022 <strong>L\u2019homosexuel, le transsexuel, les femmes, l\u2019immigr\u00e9, l\u2019hermaphrodite, le prisonnier, le criminel<\/strong><\/em>.<span class=\"footnote-back-link-wrapper\"> [<a href=\"#identifier_5_2588\" class=\"footnote-link footnote-back-link\">&#8617;<\/a>]<\/span><\/li><li id=\"footnote_6_2588\" class=\"footnote\">Onfray parle notamment d&rsquo;une poubelle&nbsp;qui aurait \u00e9t\u00e9 renvers\u00e9e&nbsp;sur la t\u00eate de Paul Ric\u0153ur&#8230; Je ne connais pas cette histoire, personnellement, et \u00e0 ma connaissance, Ric\u0153ur enseignait \u00e0 Nanterre.<span class=\"footnote-back-link-wrapper\"> [<a href=\"#identifier_6_2588\" class=\"footnote-link footnote-back-link\">&#8617;<\/a>]<\/span><\/li><li id=\"footnote_7_2588\" class=\"footnote\">Il y a beaucoup d&rsquo;impr\u00e9cisions ici, mais Vincennes a surtout p\u00e2ti de la fin du bail du terrain qui abritait l&rsquo;universit\u00e9, \u00e9v\u00e9nement qui a permis \u00e0 la ville de Paris de se d\u00e9barrasser de cette universit\u00e9 devenue \u00e9norme (plus de 30 000 \u00e9tudiants, soit quatre fois plus que sa capacit\u00e9 d&rsquo;accueil) et dont les locaux n&rsquo;\u00e9taient pas entretenus et les abords, marqu\u00e9s par une ambiance assez sordide du fait du deal d&rsquo;h\u00e9ro\u00efne. De nombreux cours avaient lieu le soir, et il fallait marcher un temps certain dans les bois pour atteindre l&rsquo;universit\u00e9 !<span class=\"footnote-back-link-wrapper\"> [<a href=\"#identifier_7_2588\" class=\"footnote-link footnote-back-link\">&#8617;<\/a>]<\/span><\/li><li id=\"footnote_8_2588\" class=\"footnote\">mise \u00e0 jour du 6\/6\/2019 : cette affirmation de ma part est semble-t-il erron\u00e9e, cf. <a href=\"https:\/\/hyperbate.fr\/castagne\/2015\/07\/29\/michel-onfray-philosophe-de-la-normalite-opprimee\/#comment-16197\">commentaires<\/a>. <span class=\"footnote-back-link-wrapper\"> [<a href=\"#identifier_8_2588\" class=\"footnote-link footnote-back-link\">&#8617;<\/a>]<\/span><\/li><li id=\"footnote_9_2588\" class=\"footnote\">Groupe art et informatique de Vincennes, puis d\u00e9partement Arts et technologies de l&rsquo;image, notamment. Arts, cin\u00e9ma, musique ou informatique s&rsquo;enseignaient dans des \u00e9coles sp\u00e9cialis\u00e9es, mais pas \u00e0 l&rsquo;universit\u00e9.<span class=\"footnote-back-link-wrapper\"> [<a href=\"#identifier_9_2588\" class=\"footnote-link footnote-back-link\">&#8617;<\/a>]<\/span><\/li><\/ol>","protected":false},"excerpt":{"rendered":"<p>J&rsquo;ai toujours aim\u00e9 la locution \u00ab\u00a0Universit\u00e9 populaire\u00a0\u00bb. Parce qu&rsquo;elle sonne comme une promesse de partage du savoir, de respect du public, d&rsquo;amour de la connaissance,&nbsp;voire m\u00eame, r\u00eavons un peu, de bouleversement des hi\u00e9rarchies culturelles. Et \u00e0 cause de ce mot, j&rsquo;ai toujours eu une petite estime pour Michel Onfray, avec qui je partage par ailleurs [&hellip;]<\/p>\n","protected":false},"author":1,"featured_media":0,"comment_status":"open","ping_status":"open","sticky":false,"template":"","format":"standard","meta":{"footnotes":""},"categories":[1],"tags":[],"class_list":["post-2588","post","type-post","status-publish","format-standard","hentry","category-non-classe"],"_links":{"self":[{"href":"https:\/\/hyperbate.fr\/castagne\/wp-json\/wp\/v2\/posts\/2588","targetHints":{"allow":["GET"]}}],"collection":[{"href":"https:\/\/hyperbate.fr\/castagne\/wp-json\/wp\/v2\/posts"}],"about":[{"href":"https:\/\/hyperbate.fr\/castagne\/wp-json\/wp\/v2\/types\/post"}],"author":[{"embeddable":true,"href":"https:\/\/hyperbate.fr\/castagne\/wp-json\/wp\/v2\/users\/1"}],"replies":[{"embeddable":true,"href":"https:\/\/hyperbate.fr\/castagne\/wp-json\/wp\/v2\/comments?post=2588"}],"version-history":[{"count":3,"href":"https:\/\/hyperbate.fr\/castagne\/wp-json\/wp\/v2\/posts\/2588\/revisions"}],"predecessor-version":[{"id":11893,"href":"https:\/\/hyperbate.fr\/castagne\/wp-json\/wp\/v2\/posts\/2588\/revisions\/11893"}],"wp:attachment":[{"href":"https:\/\/hyperbate.fr\/castagne\/wp-json\/wp\/v2\/media?parent=2588"}],"wp:term":[{"taxonomy":"category","embeddable":true,"href":"https:\/\/hyperbate.fr\/castagne\/wp-json\/wp\/v2\/categories?post=2588"},{"taxonomy":"post_tag","embeddable":true,"href":"https:\/\/hyperbate.fr\/castagne\/wp-json\/wp\/v2\/tags?post=2588"}],"curies":[{"name":"wp","href":"https:\/\/api.w.org\/{rel}","templated":true}]}}