{"id":2457,"date":"2015-02-11T20:13:59","date_gmt":"2015-02-11T19:13:59","guid":{"rendered":"http:\/\/hyperbate.fr\/castagne\/?p=2457"},"modified":"2015-02-12T01:20:14","modified_gmt":"2015-02-12T00:20:14","slug":"les-mots-se-sentent-importants","status":"publish","type":"post","link":"https:\/\/hyperbate.fr\/castagne\/2015\/02\/11\/les-mots-se-sentent-importants\/","title":{"rendered":"Les mots se sentent importants"},"content":{"rendered":"<p><em>(encore une de ces tentatives de suicide (r\u00e9seau-)social dont j&rsquo;ai le secret : non seulement je m&rsquo;attaque \u00e0 des vaches sacr\u00e9es du petit monde libertaire-alter-truc, auquel je m&rsquo;identifie plus ou moins, mais en plus je le fais avec un article interminable que tout le monde lira en diagonale, et que j&rsquo;illustre\u00a0de mani\u00e8re incompr\u00e9hensible)<\/em><\/p>\n<p>Les gens du collectif <em>Les mots sont importants<\/em> sont intelligents, \u00e9loquents, bien form\u00e9s, et on trouve plus d&rsquo;un article important, justement, sur leur site. Ils d\u00e9fendent les exclus, les ostracis\u00e9s, les racis\u00e9s, difficile d&rsquo;\u00eatre contre le principe. Mais souvent, les articles que j&rsquo;y lis me restent sur l&rsquo;estomac, \u00e0 cause de leur absence de perspective\u00a0progressiste :\u00a0beaucoup de constats, peu de propositions, et beaucoup de contradictions.<br \/>\nJe viens de lire\u00a0<a href=\"http:\/\/lmsi.net\/L-opium-du-peuple-de-gauche\" target=\"_blank\"><em>l\u2019opium du peuple de gauche<\/em><\/a>, article que Pierre Tevanian consacre au refus des religions et j&rsquo;essaie de comprendre : l&rsquo;ath\u00e9isme serait\u00a0un luxe d&rsquo;enfants g\u00e2t\u00e9s, donc\u00a0il faut le critiquer, par solidarit\u00e9 avec ceux qui\u00a0vivent sous le joug de divinit\u00e9s absurdes, et au pr\u00e9texte que ce n&rsquo;est pas parce qu&rsquo;on ne croit pas en Dieu qu&rsquo;on ne croit en aucune autre absurdit\u00e9,&#8230; et tout \u00e7a en citant p\u00eale-m\u00eale Michel Onfray et Nadine Morano ? Onfray est certes ath\u00e9e libertaire, selon sa d\u00e9finition en tout cas (pour moi plut\u00f4t r\u00e9ac&rsquo; \u00e9go\u00efste), mais Nadine Morano a au contraire plus d&rsquo;une fois revendiqu\u00e9 son attachement \u00e0 sa culture\u00a0catholique.<br \/>\nQuel rapport, donc ?<\/p>\n<div id=\"attachment_2514\" style=\"width: 650px\" class=\"wp-caption aligncenter\"><img decoding=\"async\" aria-describedby=\"caption-attachment-2514\" class=\"size-full wp-image-2514\" src=\"files\/2015\/02\/rowlandson_death_art.jpg\" alt=\"&quot;Time and Death their thoughts impart, On works of learning and of art.&quot; Hand-colored aquatint by Thomas Rowlandson. \" width=\"640\" height=\"359\" srcset=\"https:\/\/hyperbate.fr\/castagne\/files\/2015\/02\/rowlandson_death_art.jpg 640w, https:\/\/hyperbate.fr\/castagne\/files\/2015\/02\/rowlandson_death_art-300x168.jpg 300w, https:\/\/hyperbate.fr\/castagne\/files\/2015\/02\/rowlandson_death_art-624x350.jpg 624w\" sizes=\"(max-width: 640px) 100vw, 640px\" \/><p id=\"caption-attachment-2514\" class=\"wp-caption-text\">\u00ab\u00a0Le temps et la mort et ce qu&rsquo;ils transmettent au travail de la connaissance et de l&rsquo;art\u00a0\u00bb (Thomas Rowlandson).\u00a0Ne cherchez pas de lien particulier avec l&rsquo;article, c&rsquo;est juste pour faire joli. Les mots sont peut-\u00eatre importants, mais les images sont libres.<\/p><\/div>\n<p><em>\u00ab\u00a0Les mots sont importants\u00a0\u00bb<\/em>, en tout cas, quel beau titre, plein d&rsquo;importance, justement, plein de hauteur philosophique. On utilise des mots sans y penser, tous les jours, mais en fait ils sont importants,\u00a0dis-donc ! C&rsquo;est comme <em>\u00ab\u00a0Le savoir est une arme, maintenant, je\u00a0sais\u00a0\u00bb<\/em> (Minist\u00e8re AMER) ou <em>\u00ab\u00a0Dieu m&rsquo;a donn\u00e9 la foi\u00a0\u00bb<\/em> (Oph\u00e9lie Winter), c&rsquo;est \u00e0 dire que c&rsquo;est difficile \u00e0 prouver et que plus on creuse, moins on trouve ce que \u00e7a peut vraiment apporter \u00e0 notre lecture du monde, mais \u00e7a reste s\u00e9duisant \u00e0 entendre, rien qu&rsquo;en lisant la phrase, on a l&rsquo;impression d&rsquo;avoir compris un truc. Je n&rsquo;ai pas appris la philosophie \u00e0 l&rsquo;\u00e9cole\u00a0\u2014 je ne suis pas all\u00e9 au lyc\u00e9e\u00a0\u2014, mais je dois dire que\u00a0cette discipline, vue de loin, et avec tout le respect que je dois aux grands auteurs qui s&rsquo;y sont illustr\u00e9s, me semble entretenir un curieux f\u00e9tichisme envers les mots, faisant comme s&rsquo;il existait, contenue dans un mot, la forme pure d&rsquo;un concept (<em>beau<\/em>, <em>amour<\/em>, <em>temps<\/em>, <em>v\u00e9rit\u00e9<\/em>,&#8230;), et comme si l&rsquo;usage v\u00e9ritable que la pl\u00e8be fait du dictionnaire souillait cette belle puret\u00e9.\u00a0Les mots vivent, pourtant. M\u00eame les mots de <em>\u00ab\u00a0les mots sont importants\u00a0\u00bb<\/em>\u00a0\u00e9voluent : sur ce site <a href=\"http:\/\/lmsi.net\/La-racaille-l-islamiste-le\" target=\"_blank\">on fustige<\/a> d\u00e9sormais l&#8217;emploi du mot \u00ab\u00a0islamiste\u00a0\u00bb pour \u00ab\u00a0fondamentaliste musulman\u00a0\u00bb (et effectivement, la d\u00e9finition du mot \u00ab\u00a0islamiste\u00a0\u00bb n&rsquo;est pas claire), mais on l&rsquo;y utilisait <a href=\"http:\/\/lmsi.net\/Mise-au-point\" target=\"_blank\">il y a quelques ann\u00e9es<\/a> dans l&rsquo;exact m\u00eame sens que David Pujadas.<br \/>\nOn se renseigne, on apprend, on \u00e9volue, tout bouge, quoi. Particuli\u00e8rement les mots. Peut-\u00eatre faudrait-il moins s&rsquo;attacher aux mots qu&rsquo;\u00e0 ce qu&rsquo;il d\u00e9crivent selon le contexte<sup><a href=\"#footnote_1_2457\" id=\"identifier_1_2457\" class=\"footnote-link footnote-identifier-link\" title=\"Je renvoie le lecteur &agrave;&nbsp;Alfred Korzybski et au constat qu&rsquo;il faisait du caract&egrave;re pi&eacute;geant des mots.\">1<\/a><\/sup>.<br \/>\nIl me semble que c&rsquo;est sur le site <em>Les Mots sont importants<\/em> que j&rsquo;ai lu un article qui faisait remarquer, avec pertinence, que lorsqu&rsquo;un blanc norv\u00e9gien commet un massacre au nom d&rsquo;un id\u00e9al identitaire, il est obligeamment pr\u00e9sent\u00e9 par les m\u00e9dias comme un \u00ab\u00a0d\u00e9s\u00e9quilibr\u00e9\u00a0\u00bb, tandis qu&rsquo;un\u00a0Mohammed Merah, lui, devient le repr\u00e9sentant d&rsquo;un milliard et demi de musulmans dont on d\u00e9bat pour savoir s&rsquo;il en existe des \u00ab\u00a0mod\u00e9r\u00e9s\u00a0\u00bb. C&rsquo;\u00e9tait bien de remarquer ce genre d&rsquo;iniquit\u00e9 lexicale. Mais <a href=\"http:\/\/lmsi.net\/De-quoi-Charlie-est-il-le-nom\" target=\"_blank\">dans un article r\u00e9cent du m\u00eame site<\/a>, je lis que les journalistes et caricaturistes de Charlie \u00e9taient <em>\u00ab\u00a0racistes\u00a0\u00bb<\/em>, et que <em>\u00ab\u00a0s&rsquo;ils ne m\u00e9ritaient \u00e9videmment pas de mourir\u00a0\u00bb<\/em>, leur massacre peut \u00eatre r\u00e9duit \u00e0 avoir vu leur droit \u00e0 l&rsquo;irr\u00e9ligion\u00a0et l&rsquo;anticl\u00e9ricalisme\u00a0<em>\u00ab\u00a0tragiquement ni\u00e9 par des malades\u00a0\u00bb<\/em>. Des <em>\u00ab\u00a0malades\u00a0\u00bb<\/em>, autant dire des gens qui ne sont pas responsables de leurs actes. Et d&rsquo;ailleurs ils n&rsquo;ont pas vraiment fait des morts, ils ont juste ni\u00e9 des principes, tragiquement.\u00a0Ce m\u00eame article n&rsquo;h\u00e9site pas \u00e0 comparer <em>Charlie Hebdo<\/em> \u00e0 Pierre Laval, l&rsquo;\u00e2me damn\u00e9e de la R\u00e9volution nationale p\u00e9tainiste<sup><a href=\"#footnote_2_2457\" id=\"identifier_2_2457\" class=\"footnote-link footnote-identifier-link\" title=\"Je&nbsp;cite : &laquo;&nbsp;Puisque ce sont des racistes, il n&rsquo;est pas anodin, aujourd&rsquo;hui, de choisir pour d&eacute;fendre la libert&eacute; d&rsquo;expression, d&rsquo;honorer la m&eacute;moire de ce journal-l&agrave;&nbsp;: ce serait choisir, pour critiquer la peine de mort par exemple, non pas seulement de mettre en cause la mani&egrave;re honteuse dont on a ex&eacute;cut&eacute; un Pierre Laval, mais d&rsquo;aller jusqu&rsquo;&agrave; honorer sa m&eacute;moire en poussant tous les opposants &agrave; la peine de mort &agrave; assumer un &laquo;&nbsp;Je suis Laval&nbsp;&raquo; qui, esp&egrave;re-t-on, les r&eacute;pugnerait&nbsp;&raquo;.\">2<\/a><\/sup>, ni \u00e0 analyser la ligne politique de <em>Charlie Hebdo<\/em> \u00e0 l&rsquo;aune d&rsquo;un dessin du presque octog\u00e9naire\u00a0Albert\u00a0Uderzo (qui sauf erreur n&rsquo;a pas fait partie de la r\u00e9daction de <em>Charlie<\/em>), ni, enfin, \u00e0 consid\u00e9rer que le slogan Je suis Charlie signifie \u00a0en r\u00e9alit\u00e9\u00a0<em> \u00ab\u00a0je suis blanc et j\u2019emmerde les bougnoules\u00a0\u00bb<\/em>, la preuve \u00e9tant qu&rsquo;un \u00ab\u00a0Charlie\u00a0\u00bb n&rsquo;est pas un \u00ab\u00a0Rachid\u00a0\u00bb ni un \u00ab\u00a0Mohammed\u00a0\u00bb<sup><a href=\"#footnote_3_2457\" id=\"identifier_3_2457\" class=\"footnote-link footnote-identifier-link\" title=\"&Agrave; quoi je r&eacute;pondrais que le journal ne s&rsquo;appelait pas &laquo;&nbsp;Rachid&nbsp;&raquo; ni &laquo;&nbsp;Mohammed&nbsp;&raquo;, ceci explique cela. Il y avait un Mustapha Ourrad &agrave; la r&eacute;daction de Charlie Hebdo, et j&rsquo;ai vu, lors des manifestations, des pancartes disant &laquo;&nbsp;Je suis Ahmed&nbsp;&raquo;, en hommage &agrave; un des policiers tu&eacute;s. Je note par ailleurs que Charlie est un pr&eacute;nom anglo-saxon, &agrave; l&rsquo;origine, que, sans r&eacute;fl&eacute;chir, j&rsquo;associe au cin&eacute;aste britannico-gitan Charles&nbsp;Chaplin, aux jazzmens noirs Charlie Mingus et Charlie Parker, au Papa Tango Charlie de la chanson, et bien s&ucirc;r au Charlie de &laquo;&nbsp;o&ugrave; est Charlie ?&nbsp;&raquo; et &agrave; Charlie Brown. Ce nom d&eacute;rive&nbsp;bien d&rsquo;un nom de roi chr&eacute;tien germanique (Karl), mais il ne me semble pas v&eacute;hiculer de mani&egrave;re si &eacute;vidente une r&eacute;f&eacute;rence &agrave; une quelconque connivence islamophobe.\">3<\/a><\/sup><sup><a href=\"#footnote_4_2457\" id=\"identifier_4_2457\" class=\"footnote-link footnote-identifier-link\" title=\"Repris sur le m&ecirc;me site, l&rsquo;article Nous sommes tous des hypocrites, publi&eacute; sur les r&eacute;seaux sociaux par&nbsp;Pac&ocirc;me Thiellement, parle en partie de la m&ecirc;me chose d&rsquo;une mani&egrave;re plus intelligente.\">4<\/a><\/sup>.<\/p>\n<div id=\"attachment_2519\" style=\"width: 650px\" class=\"wp-caption aligncenter\"><a href=\"files\/2015\/02\/rowlandson_antiquaire.jpg\"><img decoding=\"async\" aria-describedby=\"caption-attachment-2519\" class=\"size-full wp-image-2519\" src=\"files\/2015\/02\/rowlandson_antiquaire.jpg\" alt=\"&quot;La mort et l'antiquaire&quot; (Thomas Rowlandson). \" width=\"640\" height=\"365\" srcset=\"https:\/\/hyperbate.fr\/castagne\/files\/2015\/02\/rowlandson_antiquaire.jpg 640w, https:\/\/hyperbate.fr\/castagne\/files\/2015\/02\/rowlandson_antiquaire-300x171.jpg 300w, https:\/\/hyperbate.fr\/castagne\/files\/2015\/02\/rowlandson_antiquaire-624x356.jpg 624w\" sizes=\"(max-width: 640px) 100vw, 640px\" \/><\/a><p id=\"caption-attachment-2519\" class=\"wp-caption-text\">\u00ab\u00a0La mort et l&rsquo;antiquaire\u00a0\u00bb (Thomas Rowlandson). \u00c7a aussi c&rsquo;est pour faire joli. Rowlandson est un des plus grands caricaturistes du tournant du XVIIIe au XIXe si\u00e8cle, avec James Gillray et\u00a0Isaac\u00a0Cruikshank (p\u00e8re de George).<\/p><\/div>\n<p>Tous ces normaliens qui passent un temps consid\u00e9rable \u00e0 expliquer, pour leur bien, \u00e9videmment, \u00e0 des fran\u00e7ais n\u00e9s en France qu&rsquo;ils sont en fait des \u00ab\u00a0indig\u00e8nes\u00a0\u00bb, qu&rsquo;ils seront \u00e0 jamais \u00ab\u00a0racis\u00e9s\u00a0\u00bb, qu&rsquo;ils doivent se venger du pass\u00e9, du pr\u00e9sent, du futur, que leur carte d&rsquo;identit\u00e9 est factice, seraient les coupables\u00a0de ce qu&rsquo;ils d\u00e9noncent avec tant de force s&rsquo;ils avaient la moindre influence sur les principaux concern\u00e9s. Mais en fait, ces derniers ignorent jusqu&rsquo;\u00e0 leur existence et, s&rsquo;ils les rencontrent, les assimileront \u00e0 la soci\u00e9t\u00e9 qui, effectivement, les opprime et les rejette. Le jour o\u00f9 ils se vengent de toutes leurs frustrations (affirmant r\u00e9parer une injustice lointaine la guerre am\u00e9ricaine en Afghanistan\u00a0ou l&rsquo;Apartheid isra\u00e9lien), ils tirent dans le tas, et si on peut \u00eatre assez ignorant\u00a0pour confondre\u00a0Charb avec\u00a0Godefroy de Bouillon et\u00a0les clients d&rsquo;une sup\u00e9rette de la porte de Vincennes pour des colons en Palestine, il n&rsquo;est pas s\u00fbr que des profs de philosophie ou de sociologie m\u00eame tr\u00e8s tr\u00e8s tiers-mondistes puissent b\u00e9n\u00e9ficier de plus de discernement : ils sont, du reste, qu&rsquo;ils le veuillent ou non, eux aussi les repr\u00e9sentants d&rsquo;un \u00c9tat s\u00e9gr\u00e9gationniste, dominateur et souvent impitoyable. Et en affirmant, pour leur bien toujours, aux prochains fr\u00e8res Kouachi qu&rsquo;ils ne sont responsables d&rsquo;aucun de leurs actes, qu&rsquo;ils ne sont que des victimes, parce qu&rsquo;ils sont colonis\u00e9s, ils les traitent comme des objets sociologiques, comme des abstractions, pas comme des personnes, ce qui, \u00e0 mon sens, est la plus abominable des insultes.<\/p>\n<div id=\"attachment_2522\" style=\"width: 650px\" class=\"wp-caption aligncenter\"><a href=\"files\/2015\/02\/rowlandson_syntax_meditating.jpg\"><img decoding=\"async\" aria-describedby=\"caption-attachment-2522\" class=\"size-full wp-image-2522\" src=\"files\/2015\/02\/rowlandson_syntax_meditating.jpg\" alt=\"&quot;Dr. Syntax Meditating on the Tombstones&quot; (Thomas Rowlandson)\" width=\"640\" height=\"366\" srcset=\"https:\/\/hyperbate.fr\/castagne\/files\/2015\/02\/rowlandson_syntax_meditating.jpg 640w, https:\/\/hyperbate.fr\/castagne\/files\/2015\/02\/rowlandson_syntax_meditating-300x172.jpg 300w, https:\/\/hyperbate.fr\/castagne\/files\/2015\/02\/rowlandson_syntax_meditating-624x357.jpg 624w\" sizes=\"(max-width: 640px) 100vw, 640px\" \/><\/a><p id=\"caption-attachment-2522\" class=\"wp-caption-text\">\u00ab\u00a0le Dr. Syntax m\u00e9ditant sur les pierres tombales\u00a0\u00bb (Thomas Rowlandson). Toujours aucun message \u00e0 chercher dans ce choix iconographique.<\/p><\/div>\n<p>M\u00eame s&rsquo;ils sont inoffensifs, je ne comprends pas pourquoi des\u00a0gens comme Pierre\u00a0Tevanian ou\u00a0Nacira Gu\u00e9nif-Souilamas (que j&rsquo;ai d\u00e9couverte \u00e0 <em>Ce Soir ou Jamais<\/em> r\u00e9cemment, mais il y en a plein d&rsquo;autres d&rsquo;id\u00e9es proches) tentent si fort de convaincre des groupes discrimin\u00e9s\u00a0que l&rsquo;injustice qu&rsquo;ils vivent a pour cause les inventions des philosophes des <a title=\"Rallumer les Lumi\u00e8res\" href=\"https:\/\/hyperbate.fr\/castagne\/2013\/05\/09\/rallumer-les-lumieres\/\">Lumi\u00e8res<\/a>\u00a0(et pr\u00e9curseurs ou h\u00e9ritiers), et qu&rsquo;il faudrait traiter celles-ci comme de la verroterie de toubabs : \u00ab\u00a0droits-de-l&rsquo;homme\u00a0\u00bb,\u00a0\u00ab\u00a0libert\u00e9 d&rsquo;expression\u00a0\u00bb, \u00ab\u00a0universalisme\u00a0\u00bb, \u00ab\u00a0\u00e9galitarisme\u00a0\u00bb, \u00ab\u00a0la\u00efcit\u00e9\u00a0\u00bb, \u00ab\u00a0ath\u00e9isme\u00a0\u00bb,&#8230; Je vois mal en quoi accepter, institutionnaliser l&rsquo;injustice, en faire un d\u00e9terminisme irr\u00e9m\u00e9diable<sup><a href=\"#footnote_5_2457\" id=\"identifier_5_2457\" class=\"footnote-link footnote-identifier-link\" title=\"Si je trouve que la philosophie a la maladie de trop croire aux&nbsp;mots, j&rsquo;ai parfois l&rsquo;impression que la sociologie a la manie de vouloir que les cat&eacute;gories qu&rsquo;elle &eacute;tudie restent&nbsp;&eacute;tanches, refusant la circulation, le m&eacute;tissage, l&rsquo;indiff&eacute;rence, l&rsquo;envie d&rsquo;&eacute;mancipation, et promouvant finalement les conflits, les apartheids, les diff&eacute;rences, et autres&nbsp;chocs de civilisations de mes fesses,&hellip; J&rsquo;ai tendance, pour ma part, &agrave; juger l&rsquo;humanit&eacute; comme une seule esp&egrave;ce, pas la plus sympathique qui soit, mais que j&rsquo;aime pour son incroyable cr&eacute;ativit&eacute;. Cr&eacute;ativit&eacute; qui va malheureusement &nbsp;jusqu&rsquo;&agrave; s&rsquo;inventer des probl&egrave;mes avec des mots ou des entit&eacute;s imaginaires.\">5<\/a><\/sup>, arrange quoi que ce soit, ni en quoi il est avis\u00e9 de d\u00e9signer pour coupables de ces injustices et de ces humiliations des principes progressistes et \u00e9mancipateurs \u2014 que l&rsquo;on peut r\u00e9viser, r\u00e9fl\u00e9chir, questionner, bien s\u00fbr, et dont on doit aussi questionner l&rsquo;inefficacit\u00e9, car ceux qui s&rsquo;en frappent\u00a0des m\u00e9dailles se gardent bien de les appliquer. Car oui, les pires personnes utilisent \u00e0 pr\u00e9sent le mot \u00ab\u00a0la\u00efcit\u00e9\u00a0\u00bb comme arme contre les musulmans\u00a0;\u00a0oui, la \u00ab\u00a0R\u00e9publique\u00a0\u00bb a \u00e9t\u00e9 confisqu\u00e9e \u00e0 ses citoyens ; et non,\u00a0la \u00ab\u00a0d\u00e9mocratie\u00a0\u00bb n&rsquo;est pas tr\u00e8s d\u00e9mocratique ;\u00a0et on a vu, avec les d\u00e9clarations de Najat Vallaud-Belkacem<sup><a href=\"#footnote_6_2457\" id=\"identifier_6_2457\" class=\"footnote-link footnote-identifier-link\" title=\"Le 14\/01 &agrave; l&rsquo;Assembl&eacute;e Nationale, lors des questions au gouvernement : &laquo; M&ecirc;me l&agrave; o&ugrave; il n&rsquo;y a pas eu d&rsquo;incidents, il y a eu de trop nombreux questionnements de la part des &eacute;l&egrave;ves. Et nous avons tous entendu les &laquo;&nbsp;Oui je soutiens Charlie, mais&nbsp;&raquo;, les &laquo;&nbsp;deux poids, deux mesures&nbsp;&raquo;, les &laquo;&nbsp;pourquoi d&eacute;fendre la libert&eacute; d&rsquo;expression ici et pas l&agrave; ?&nbsp;&raquo; Ces questions nous sont insupportables, surtout lorsqu&rsquo;on les entend &agrave; l&rsquo;&eacute;cole, qui est charg&eacute;e de transmettre des valeurs &raquo;.\">6<\/a><\/sup>, ce que valait le concept de \u00ab\u00a0libert\u00e9 d&rsquo;expression\u00a0\u00bb appliqu\u00e9 \u00e0 l&rsquo;\u00e9ducation nationale : quelque chose qu&rsquo;on doit respecter\u00a0sans poser de questions,\u00a0en se taisant, sous peine de prison. D&rsquo;une absurdit\u00e9 orwellienne.<br \/>\nEt bien s\u00fbr, tout aussi absurdes sont les injonctions cibl\u00e9es \u00e0 s&rsquo;\u00e9manciper de gr\u00e9 ou de force : <em>\u00ab\u00a0Jette ton voile, Fatima !\u00a0\u00bb<\/em>. Ou encore l&rsquo;odieuse demande faite aux musulmans de se d\u00e9solidariser des terroristes.\u00a0Et la profusion\/confusion des images qu&rsquo;on nous balance.<br \/>\nJe sais tout \u00e7a, je comprends tout \u00e7a.<\/p>\n<div id=\"attachment_2524\" style=\"width: 650px\" class=\"wp-caption aligncenter\"><a href=\"files\/2015\/02\/rowlandson_syntax_preaching.jpg\"><img decoding=\"async\" aria-describedby=\"caption-attachment-2524\" class=\"size-full wp-image-2524\" src=\"files\/2015\/02\/rowlandson_syntax_preaching.jpg\" alt=\"&quot;Dr. Syntax preaching&quot; (Thomas Rowlandson)\" width=\"640\" height=\"381\" srcset=\"https:\/\/hyperbate.fr\/castagne\/files\/2015\/02\/rowlandson_syntax_preaching.jpg 640w, https:\/\/hyperbate.fr\/castagne\/files\/2015\/02\/rowlandson_syntax_preaching-300x179.jpg 300w, https:\/\/hyperbate.fr\/castagne\/files\/2015\/02\/rowlandson_syntax_preaching-624x371.jpg 624w\" sizes=\"(max-width: 640px) 100vw, 640px\" \/><\/a><p id=\"caption-attachment-2524\" class=\"wp-caption-text\">\u00ab\u00a0Le Dr. Syntax pr\u00eachant\u00a0\u00bb (Thomas Rowlandson). L\u00e0 non plus, pas de message.<\/p><\/div>\n<p>Mais ce n&rsquo;est pas parce que les bonnes id\u00e9es sont mal utilis\u00e9es qu&rsquo;il faut mettre les mauvaises sur un pi\u00e9destal. Ce n&rsquo;est pas parce que certains\u00a0emploient les mots de travers, voire contre leur sens, qu&rsquo;il faut abandonner ces mots !<br \/>\nRappelez-vous : les mots sont importants.<br \/>\nEnfin c&rsquo;est\u00a0pas moi qui le dis&#8230;<\/p>\n<ol class=\"footnotes\"><li id=\"footnote_1_2457\" class=\"footnote\">Je renvoie le lecteur \u00e0\u00a0Alfred Korzybski et au constat qu&rsquo;il faisait du caract\u00e8re pi\u00e9geant des mots.<span class=\"footnote-back-link-wrapper\"> [<a href=\"#identifier_1_2457\" class=\"footnote-link footnote-back-link\">&#8617;<\/a>]<\/span><\/li><li id=\"footnote_2_2457\" class=\"footnote\">Je\u00a0cite : <em>\u00ab\u00a0Puisque ce sont des racistes, il n\u2019est pas anodin, aujourd\u2019hui, de choisir pour d\u00e9fendre la libert\u00e9 d\u2019expression, d\u2019honorer la m\u00e9moire de ce journal-l\u00e0\u00a0: ce serait choisir, pour critiquer la peine de mort par exemple, non pas seulement de mettre en cause la mani\u00e8re honteuse dont on a ex\u00e9cut\u00e9 un Pierre Laval, mais d\u2019aller jusqu\u2019\u00e0 honorer sa m\u00e9moire en poussant tous les opposants \u00e0 la peine de mort \u00e0 assumer un \u00ab\u00a0Je suis Laval\u00a0\u00bb qui, esp\u00e8re-t-on, les r\u00e9pugnerait\u00a0\u00bb<\/em>.<span class=\"footnote-back-link-wrapper\"> [<a href=\"#identifier_2_2457\" class=\"footnote-link footnote-back-link\">&#8617;<\/a>]<\/span><\/li><li id=\"footnote_3_2457\" class=\"footnote\">\u00c0 quoi je r\u00e9pondrais que le journal ne s&rsquo;appelait pas \u00ab\u00a0Rachid\u00a0\u00bb ni \u00ab\u00a0Mohammed\u00a0\u00bb, ceci explique cela. Il y avait un Mustapha Ourrad \u00e0 la r\u00e9daction de Charlie Hebdo, et j&rsquo;ai vu, lors des manifestations, des pancartes disant <em>\u00ab\u00a0Je suis Ahmed\u00a0\u00bb<\/em>, en hommage \u00e0 un des policiers tu\u00e9s. Je note par ailleurs que Charlie est un pr\u00e9nom anglo-saxon, \u00e0 l&rsquo;origine, que, sans r\u00e9fl\u00e9chir, j&rsquo;associe au cin\u00e9aste britannico-gitan Charles\u00a0Chaplin, aux jazzmens noirs Charlie Mingus et Charlie Parker, au Papa Tango Charlie de la chanson, et bien s\u00fbr au Charlie de <em>\u00ab\u00a0o\u00f9 est Charlie ?\u00a0\u00bb<\/em> et \u00e0 Charlie Brown. Ce nom d\u00e9rive\u00a0bien d&rsquo;un nom de roi chr\u00e9tien germanique (Karl), mais il ne me semble pas v\u00e9hiculer de mani\u00e8re si \u00e9vidente une r\u00e9f\u00e9rence \u00e0 une quelconque connivence islamophobe.<span class=\"footnote-back-link-wrapper\"> [<a href=\"#identifier_3_2457\" class=\"footnote-link footnote-back-link\">&#8617;<\/a>]<\/span><\/li><li id=\"footnote_4_2457\" class=\"footnote\">Repris sur le m\u00eame site, l&rsquo;article <a href=\"http:\/\/lmsi.net\/Nous-sommes-tous-des-hypocrites\" target=\"_blank\"><em>Nous sommes tous des hypocrites<\/em><\/a>, publi\u00e9 sur les r\u00e9seaux sociaux par\u00a0Pac\u00f4me Thiellement, parle en partie de la m\u00eame chose d&rsquo;une mani\u00e8re plus intelligente.<span class=\"footnote-back-link-wrapper\"> [<a href=\"#identifier_4_2457\" class=\"footnote-link footnote-back-link\">&#8617;<\/a>]<\/span><\/li><li id=\"footnote_5_2457\" class=\"footnote\">Si je trouve que la philosophie a la maladie de trop croire aux\u00a0mots, j&rsquo;ai parfois l&rsquo;impression que la sociologie a la manie de vouloir que les cat\u00e9gories qu&rsquo;elle \u00e9tudie restent\u00a0\u00e9tanches, refusant la circulation, le m\u00e9tissage, l&rsquo;indiff\u00e9rence, l&rsquo;envie d&rsquo;\u00e9mancipation, et promouvant finalement les conflits, les apartheids, les diff\u00e9rences, et autres\u00a0chocs de civilisations de mes fesses,&#8230; J&rsquo;ai tendance, pour ma part, \u00e0 juger l&rsquo;humanit\u00e9 comme une seule esp\u00e8ce, pas la plus sympathique qui soit, mais que j&rsquo;aime pour son incroyable cr\u00e9ativit\u00e9. Cr\u00e9ativit\u00e9 qui va malheureusement \u00a0jusqu&rsquo;\u00e0 s&rsquo;inventer des probl\u00e8mes avec des mots ou des entit\u00e9s imaginaires.<span class=\"footnote-back-link-wrapper\"> [<a href=\"#identifier_5_2457\" class=\"footnote-link footnote-back-link\">&#8617;<\/a>]<\/span><\/li><li id=\"footnote_6_2457\" class=\"footnote\">Le 14\/01 \u00e0 l&rsquo;Assembl\u00e9e Nationale, lors des questions au gouvernement : <em>\u00ab M\u00eame l\u00e0 o\u00f9 il n\u2019y a pas eu d\u2019incidents, il y a eu de trop nombreux questionnements de la part des \u00e9l\u00e8ves. Et nous avons tous entendu les \u00ab\u00a0Oui je soutiens Charlie, mais\u00a0\u00bb, les \u00ab\u00a0deux poids, deux mesures\u00a0\u00bb, les \u00ab\u00a0pourquoi d\u00e9fendre la libert\u00e9 d\u2019expression ici et pas l\u00e0 ?\u00a0\u00bb Ces questions nous sont insupportables, surtout lorsqu\u2019on les entend \u00e0 l\u2019\u00e9cole, qui est charg\u00e9e de transmettre des valeurs \u00bb<\/em>.<span class=\"footnote-back-link-wrapper\"> [<a href=\"#identifier_6_2457\" class=\"footnote-link footnote-back-link\">&#8617;<\/a>]<\/span><\/li><\/ol>","protected":false},"excerpt":{"rendered":"<p>(encore une de ces tentatives de suicide (r\u00e9seau-)social dont j&rsquo;ai le secret : non seulement je m&rsquo;attaque \u00e0 des vaches sacr\u00e9es du petit monde libertaire-alter-truc, auquel je m&rsquo;identifie plus ou moins, mais en plus je le fais avec un article interminable que tout le monde lira en diagonale, et que j&rsquo;illustre\u00a0de mani\u00e8re incompr\u00e9hensible) Les gens [&hellip;]<\/p>\n","protected":false},"author":1,"featured_media":0,"comment_status":"open","ping_status":"open","sticky":false,"template":"","format":"standard","meta":{"footnotes":""},"categories":[1],"tags":[],"class_list":["post-2457","post","type-post","status-publish","format-standard","hentry","category-non-classe"],"_links":{"self":[{"href":"https:\/\/hyperbate.fr\/castagne\/wp-json\/wp\/v2\/posts\/2457","targetHints":{"allow":["GET"]}}],"collection":[{"href":"https:\/\/hyperbate.fr\/castagne\/wp-json\/wp\/v2\/posts"}],"about":[{"href":"https:\/\/hyperbate.fr\/castagne\/wp-json\/wp\/v2\/types\/post"}],"author":[{"embeddable":true,"href":"https:\/\/hyperbate.fr\/castagne\/wp-json\/wp\/v2\/users\/1"}],"replies":[{"embeddable":true,"href":"https:\/\/hyperbate.fr\/castagne\/wp-json\/wp\/v2\/comments?post=2457"}],"version-history":[{"count":3,"href":"https:\/\/hyperbate.fr\/castagne\/wp-json\/wp\/v2\/posts\/2457\/revisions"}],"predecessor-version":[{"id":2538,"href":"https:\/\/hyperbate.fr\/castagne\/wp-json\/wp\/v2\/posts\/2457\/revisions\/2538"}],"wp:attachment":[{"href":"https:\/\/hyperbate.fr\/castagne\/wp-json\/wp\/v2\/media?parent=2457"}],"wp:term":[{"taxonomy":"category","embeddable":true,"href":"https:\/\/hyperbate.fr\/castagne\/wp-json\/wp\/v2\/categories?post=2457"},{"taxonomy":"post_tag","embeddable":true,"href":"https:\/\/hyperbate.fr\/castagne\/wp-json\/wp\/v2\/tags?post=2457"}],"curies":[{"name":"wp","href":"https:\/\/api.w.org\/{rel}","templated":true}]}}