{"id":1805,"date":"2014-05-31T19:27:09","date_gmt":"2014-05-31T18:27:09","guid":{"rendered":"http:\/\/hyperbate.fr\/castagne\/?p=1805"},"modified":"2022-04-18T16:02:18","modified_gmt":"2022-04-18T15:02:18","slug":"pourquoi-le-front-national-le-parti-catastrophe","status":"publish","type":"post","link":"https:\/\/hyperbate.fr\/castagne\/2014\/05\/31\/pourquoi-le-front-national-le-parti-catastrophe\/","title":{"rendered":"Pourquoi le Front National ? Le parti-catastrophe."},"content":{"rendered":"<p>J&rsquo;aurais presque pu placer cet article sur mon blog <a href=\"https:\/\/hyperbate.fr\/finsdumonde\/\" target=\"_blank\" rel=\"noopener\"><em>Fins du Monde<\/em><\/a>, car il me semble que les motivations du quart des \u00e9lecteurs qui se sont d\u00e9plac\u00e9s pour\u00a0voter aux \u00e9lections du parlement europ\u00e9en\u00a0et\u00a0l&rsquo;ont fait en faveur du Front National ont un rapport avec l&rsquo;envie de catastrophes qui, pr\u00e9cis\u00e9ment, rend plaisants les r\u00e9cits de fin du monde.<\/p>\n<div id=\"attachment_1850\" style=\"width: 650px\" class=\"wp-caption aligncenter\"><a href=\"files\/2014\/05\/oncledamerique3.jpg\"><img decoding=\"async\" aria-describedby=\"caption-attachment-1850\" class=\"wp-image-1850 size-full\" src=\"files\/2014\/05\/oncledamerique3.jpg\" alt=\"Mon oncle d'Am\u00e9rique\" width=\"640\" height=\"396\" srcset=\"https:\/\/hyperbate.fr\/castagne\/files\/2014\/05\/oncledamerique3.jpg 640w, https:\/\/hyperbate.fr\/castagne\/files\/2014\/05\/oncledamerique3-300x185.jpg 300w, https:\/\/hyperbate.fr\/castagne\/files\/2014\/05\/oncledamerique3-624x386.jpg 624w\" sizes=\"(max-width: 640px) 100vw, 640px\" \/><\/a><p id=\"caption-attachment-1850\" class=\"wp-caption-text\">Alain Resnais, <em>Mon Oncle d&rsquo;Am\u00e9rique<\/em>. S&rsquo;il a l&rsquo;impression de ne pouvoir r\u00e9pondre au stress d&rsquo;une \u00e9lectrocution annonc\u00e9e ni par la fuite ni par l&rsquo;agressivit\u00e9 envers un de ses cong\u00e9n\u00e8res, le rat voit sa sant\u00e9 d\u00e9cliner.<\/p><\/div>\n<p>J&rsquo;ai toujours \u00e9t\u00e9 frapp\u00e9 par une exp\u00e9rience mentionn\u00e9e par\u00a0Henri Laborit<sup><a href=\"#footnote_1_1805\" id=\"identifier_1_1805\" class=\"footnote-link footnote-identifier-link\" title=\"Henri Laborit &eacute;tait&nbsp;neurobiologiste, &eacute;thologue et est l&rsquo;inventeur du premier&nbsp;neuroleptique. Il est mort en 1995. J&rsquo;ignore quelle place a son &oelig;uvre pour la communaut&eacute; scientifique actuelle. Son travail &eacute;tait particuli&egrave;rement &laquo;&nbsp;transversal&nbsp;&raquo; (il s&rsquo;int&eacute;ressait &agrave; l&rsquo;urbanisme, &agrave; la sociologie, etc.) et un peu &agrave; part du monde acad&eacute;mique m&eacute;dical fran&ccedil;ais, dont on dit qu&rsquo;il l&rsquo;a emp&ecirc;ch&eacute; d&rsquo;obtenir le prix Nobel.\">1<\/a><\/sup> dans le film\u00a0<em>Mon Oncle d&rsquo;Am\u00e9rique<\/em>, d&rsquo;Alain Resnais, qui montre que, soumis \u00e0 un stress (en l&rsquo;occurrence, des chocs \u00e9lectriques annonc\u00e9s par des signaux sonores), les rats voient leur sant\u00e9 d\u00e9cliner et la qualit\u00e9 de leur pelage s&rsquo;alt\u00e9rer. Tout\u00a0change malgr\u00e9 tout si une action est possible en r\u00e9ponse \u00e0\u00a0l&rsquo;\u00e9lectrocution. Cette action peut \u00eatre une solution (passer dans une partie de la cage o\u00f9 on sait que le choc \u00e9lectrique n&rsquo;aura pas lieu) ou au contraire n&rsquo;apporter aucune solution positive (se battre avec un autre rat pr\u00e9sent) sinon un d\u00e9foulement. Cette exp\u00e9rience tr\u00e8s frappante montre que, \u00e0 un niveau neurologique, l&rsquo;\u00e9volution nous a amen\u00e9s \u00e0 favoriser l&rsquo;action comme moyen de r\u00e9pondre \u00e0 une situation p\u00e9nible, ind\u00e9pendamment de l&rsquo;efficacit\u00e9 de ladite action \u00e0 r\u00e9gler le probl\u00e8me subi. Cette exp\u00e9rience montre aussi que l&rsquo;agressivit\u00e9 envers autrui peut servir \u00e0 \u00e9chapper \u00e0 ses angoisses.<br \/>\nC&rsquo;est pour \u00e7a que l&rsquo;on peut casser une assiette,\u00a0insulter,\u00a0s&rsquo;enfuir<sup><a href=\"#footnote_2_1805\" id=\"identifier_2_1805\" class=\"footnote-link footnote-identifier-link\" title=\"La fuite est est une forme d&rsquo;action capitale, selon Henri Laborit, cf. son essai&nbsp;&Eacute;loge de la fuite.\">2<\/a><\/sup>, et sans doute bien d&rsquo;autres actions, y compris cr\u00e9atives : \u00e9crire des insultes ou tracer un dessin obsc\u00e8ne, au marqueur, sur la porte int\u00e9rieure d&rsquo;un W.C. public ; \u00e9crire un roman ; danser ou chanter ; regarder un film catastrophe ; etc.<br \/>\nVu sous cet angle, l&rsquo;irrationalit\u00e9 de certaines de nos actions prend son sens : pourquoi manifester ou p\u00e9titionner, par exemple ? \u00c0 de rares exceptions pr\u00e8s, ces actions ne peuvent en aucun cas avoir une influence sur\u00a0les faits qu&rsquo;elles combattent,\u00a0puisqu&rsquo;elles ne f\u00e9d\u00e8rent et ne convainquent que des gens qui sont d\u00e9j\u00e0 d&rsquo;accord entre eux<sup><a href=\"#footnote_3_1805\" id=\"identifier_3_1805\" class=\"footnote-link footnote-identifier-link\" title=\"Manifester permet, bien s&ucirc;r, de compter les troupes et de constater que l&rsquo;on n&rsquo;est pas seul, ce qui est en soi r&eacute;confortant. Dans le cas des manifestations massives, elles permettent, &eacute;videmment, de peser dans les rapports de force. Mais quand trois cent personnes manifestent pour d&eacute;noncer les agissements d&rsquo;un gouvernement de pays lointain, comme cela se passe &agrave; Paris chaque jour, seuls ceux qui manifestent, et qui sont d&eacute;j&agrave; mobilis&eacute;s (puisqu&rsquo;ils manifestent) en seront inform&eacute;s.\nTout cela me rappelle Vladimir Jank&eacute;l&eacute;vitch, le &laquo;&nbsp;marcheur infatigable de la gauche&nbsp;&raquo;, qui, &agrave; c&ocirc;t&eacute; d&rsquo;une philosophie m&eacute;taphysique et morale tr&egrave;s fine, tenait &agrave; &ecirc;tre de toutes les manifestations, dont les slogans sont rarement aussi r&eacute;fl&eacute;chis : d&rsquo;un c&ocirc;t&eacute; il r&eacute;fl&eacute;chissait, et de l&rsquo;autre, il &eacute;tait dans l&rsquo;action, sans strat&eacute;gie autre que de ne pas rien faire.\">3<\/a><\/sup>. Mais au moins, ce sont des actions, et le fait d&rsquo;agir, donc, permet de sortir de l&rsquo;\u00e9tat de stress et de prostration.<\/p>\n<div id=\"attachment_1849\" style=\"width: 650px\" class=\"wp-caption aligncenter\"><a href=\"files\/2014\/05\/oncledamerique2.jpg\"><img decoding=\"async\" aria-describedby=\"caption-attachment-1849\" class=\"size-full wp-image-1849\" src=\"files\/2014\/05\/oncledamerique2.jpg\" alt=\"...\" width=\"640\" height=\"396\" srcset=\"https:\/\/hyperbate.fr\/castagne\/files\/2014\/05\/oncledamerique2.jpg 640w, https:\/\/hyperbate.fr\/castagne\/files\/2014\/05\/oncledamerique2-300x185.jpg 300w, https:\/\/hyperbate.fr\/castagne\/files\/2014\/05\/oncledamerique2-624x386.jpg 624w\" sizes=\"(max-width: 640px) 100vw, 640px\" \/><\/a><p id=\"caption-attachment-1849\" class=\"wp-caption-text\">Impuissant \u00e0 emp\u00eacher son \u00e9lectrocution, le rat de l&rsquo;exp\u00e9rience de Laborit conservera malgr\u00e9 tout sa bonne sant\u00e9 s&rsquo;il trouve un cong\u00e9n\u00e8re avec qui se battre.<\/p><\/div>\n<p>On voit o\u00f9 je veux en venir, j&rsquo;imagine : soumis \u00e0 un stress m\u00e9diatique constant, l&rsquo;\u00e9lecteur veut agir,\u00a0mais son action ne sera pas forc\u00e9ment rationnelle (c&rsquo;est \u00e0 dire apte \u00e0 r\u00e9gler les probl\u00e8mes auxquels elle r\u00e9pond). Voter pour le Front National n&rsquo;est pas tr\u00e8s rationnel, ne serait-ce que parce que sa ligne politique est loin d&rsquo;\u00eatre lisible, notamment du point de vue \u00e9conomique, o\u00f9 les discours de la gauche altermondialiste sont m\u00eal\u00e9s sans scrupules \u00e0 un appel \u00e0 l&rsquo;autarcie \u00e9conomique\u00a0et humaine, ainsi qu&rsquo;\u00e0 un ultralib\u00e9ralisme difficilement applicable \u2014 suppression des imp\u00f4ts et des taxes. Tout comme Nicolas Sarkozy en son temps, le FN promet le beurre et l&rsquo;argent du beurre, et assure que cela est imm\u00e9diatement tenable au prix d&rsquo;un changement de monnaie et d&rsquo;une expulsion des \u00e9trangers. Cette expulsion des \u00e9trangers n&rsquo;est plus expliqu\u00e9e tr\u00e8s clairement, elle non plus : \u00e0 une \u00e9poque encore r\u00e9cente, le Front National consid\u00e9rait toute personne n&rsquo;ayant pas quatre grands parents fran\u00e7ais comme \u00e9trang\u00e8re. Ce qui fait beaucoup d&rsquo;\u00e9trangers, mais c&rsquo;\u00e9tait la mani\u00e8re de persister \u00e0 consid\u00e9rer comme \u00e9trang\u00e8res des populations d&rsquo;enfants ou de petits-enfants d&rsquo;immigr\u00e9s, qui ont grandi en France, ont le Fran\u00e7ais comme langue maternelle et, au fond,\u00a0n&rsquo;ont pas de lien avec les pays de leurs anc\u00eatres, qu&rsquo;ils ne connaissent que pour les vacances qu&rsquo;ils y ont pass\u00e9 et o\u00f9 on les appelle, \u00e0 juste titre, \u00ab\u00a0fran\u00e7ais\u00a0\u00bb.<br \/>\nOn remarquera que le Front National, mais aussi, et c&rsquo;est plus g\u00eanant, les m\u00e9dias qui lui servent la soupe continuellement, s&rsquo;abstiennent prudemment de traiter ces questions de mani\u00e8re d\u00e9taill\u00e9e. Les \u00e9lecteurs eux-m\u00eames ne semblent pas demandeurs, et peut-\u00eatre savent-ils au fond que les propositions du Front National n&rsquo;ont aucune logique. Et peut-\u00eatre est-ce que \u00e7a ne les g\u00e8ne pas, parce que ce qu&rsquo;ils veulent, ce n&rsquo;est pas une r\u00e9solution de leurs probl\u00e8mes, mais qu&rsquo;on y apporte une r\u00e9ponse.<br \/>\nCela me rappelle l&rsquo;interview d&rsquo;une personne dont l&rsquo;enfant\u00a0avait \u00e9t\u00e9 assassin\u00e9e des ann\u00e9es plus t\u00f4t. Un homme avait \u00e0 l&rsquo;\u00e9poque \u00e9t\u00e9 arr\u00eat\u00e9 et condamn\u00e9 \u00e0 la prison \u00e0 perp\u00e9tuit\u00e9, alors qu&rsquo;il s&rsquo;affirmait innocent. Des ann\u00e9es plus tard, l&rsquo;innocence de ce\u00a0condamn\u00e9 a\u00a0finalement\u00a0\u00e9t\u00e9 d\u00e9montr\u00e9e de mani\u00e8re irr\u00e9futable, et il a \u00e9t\u00e9 lib\u00e9r\u00e9. Au lieu de se r\u00e9jouir qu&rsquo;un innocent sorte de prison, le p\u00e8re en deuil regrettait qu&rsquo;aucune r\u00e9ponse p\u00e9nale ne soit apport\u00e9e au meurtre de sa fille : ce n&rsquo;est pas la justice qu&rsquo;il voulait profond\u00e9ment, mais le fait que quelque chose soit fait, et peu importe quoi. Bien qu&rsquo;\u00e0 un niveau intellectuel il comprenne qu&rsquo;on rel\u00e2che l&rsquo;innocent, \u00e0 un niveau \u00e9motionnel, il aurait pr\u00e9f\u00e9r\u00e9 continuer \u00e0 ignorer l&rsquo;innocence de\u00a0cet\u00a0homme, et que\u00a0celui-ci\u00a0reste en prison.<\/p>\n<p>Reste une \u00e9nigme : parmi les nombreuses listes qui \u00e9taient propos\u00e9es pour l&rsquo;\u00e9lection (trente-et-une dans ma circonscription), pourquoi est-ce le Front National qui a f\u00e9d\u00e9r\u00e9 les votes ? Si l&rsquo;id\u00e9e \u00e9tait juste de sanctionner les partis qui se partagent le pouvoir depuis des d\u00e9cennies, pourquoi ne pas avoir choisi un quelconque parti sp\u00e9cialis\u00e9, puisqu&rsquo;il y en avait pour tous les go\u00fbts ? (souverainistes, religieux, royalistes, europhobes, europhiles, f\u00e9d\u00e9ralistes, \u00e9cologistes, f\u00e9ministes, humanistes, rooseveltistes, internationalistes, internetistes,,&#8230;).<\/p>\n<div id=\"attachment_1854\" style=\"width: 650px\" class=\"wp-caption aligncenter\"><a href=\"files\/2014\/05\/nouvellesdujour.jpg\"><img decoding=\"async\" aria-describedby=\"caption-attachment-1854\" class=\"wp-image-1854 size-full\" src=\"files\/2014\/05\/nouvellesdujour.jpg\" alt=\"Les nouvelles\" width=\"640\" height=\"362\" srcset=\"https:\/\/hyperbate.fr\/castagne\/files\/2014\/05\/nouvellesdujour.jpg 640w, https:\/\/hyperbate.fr\/castagne\/files\/2014\/05\/nouvellesdujour-300x169.jpg 300w, https:\/\/hyperbate.fr\/castagne\/files\/2014\/05\/nouvellesdujour-624x352.jpg 624w\" sizes=\"(max-width: 640px) 100vw, 640px\" \/><\/a><p id=\"caption-attachment-1854\" class=\"wp-caption-text\">Toute la journ\u00e9e, le spectateur est bombard\u00e9 d&rsquo;images anxiog\u00e8nes\u00a0de drames et de trag\u00e9dies auxquelles il ne peut rien\u00a0: une \u00e9pid\u00e9mie de gale dans un camp de r\u00e9fugi\u00e9s \u00e0 Calais ; P\u00f4le-emploi qui s&rsquo;av\u00e8re moins comp\u00e9tente pour trouver du travail que Le Bon Coin ; La s\u0153ur du terroriste et assassin\u00a0Mohammed\u00a0Merah serait en Syrie ; On peut continuer longtemps : \u00e9conomie, guerres, etc. En r\u00e9ponse \u00e0 ce flux, le pr\u00e9sident n&rsquo;a qu&rsquo;une chose \u00e0 dire : il ne changera rien, il n&rsquo;est pas capable de changer quoi que ce soit, et il appelle \u00e7a \u00ab\u00a0garder le cap\u00a0\u00bb, histoire de faire croire que son inertie est le fruit de sa volont\u00e9.<\/p><\/div>\n<p>J&rsquo;imagine plusieurs raisons, la premi\u00e8re \u00e9tant l&rsquo;omnipr\u00e9sence m\u00e9diatique du Front National qui, tout en continuant \u00e0 s&rsquo;estimer \u00ab\u00a0b\u00e2illonn\u00e9\u00a0\u00bb, est syst\u00e9matiquement invit\u00e9 aux talk-shows politiques et y occupe une place\u00a0de plus en plus grande.\u00a0<em>\u00abPlus votre nom est dans les journaux, plus on vous entend \u00e0 la radio, plus on vous voit \u00e0 la t\u00e9l\u00e9, plus vous \u00eates cr\u00e9dible\u00bb<\/em>, avait dit Dominique Martin, le directeur de campagne de Marine Le Pen lorsque cette derni\u00e8re briguait la pr\u00e9sidence du parti fond\u00e9 par son p\u00e8re<sup><a href=\"#footnote_4_1805\" id=\"identifier_4_1805\" class=\"footnote-link footnote-identifier-link\" title=\"Lire Quand le directeur de campagne de Marine Le Pen moque le &laquo;client-&eacute;lecteur&raquo;, sur Mediapart, qui d&eacute;voile le contenu d&rsquo;une bande enregistr&eacute;e o&ugrave; le cynisme des m&eacute;thodes politiques et le m&eacute;pris de l&rsquo;&eacute;lecteur se&nbsp;manifestent&nbsp;sans ambigu&iuml;t&eacute;. Je ne me rappelle pas que David Pujadas ait interrog&eacute; Marine Le Pen sur le sujet, il pr&eacute;f&egrave;re lui parler d&rsquo;immigration, cf. cet article r&eacute;cent&nbsp;d&rsquo;Acrimed.\">4<\/a><\/sup>.<br \/>\nUne autre raison est l&rsquo;oubli. Pour les gens de mon \u00e2ge ou plus vieux, le Front National est un parti plus que\u00a0douteux, ostensiblement inspir\u00e9 du n\u00e9ofascisme italien, fond\u00e9 par des parachutistes patibulaires, par des th\u00e9oriciens de l&rsquo;antis\u00e9mitisme, par d&rsquo;anciens collabos et m\u00eame, par un grad\u00e9 de la division\u00a0SS Charlemagne, Pierre Bousquet ! Les plus jeunes ne peuvent pas voir \u00e7a : il n&rsquo;identifient pas\u00a0les scories de la Guerre d&rsquo;Alg\u00e9rie dans la soci\u00e9t\u00e9 actuelle, et la seconde guerre mondiale est encore plus \u00e9loign\u00e9e dans le temps. Ils voient juste que Marine Le Pen est pr\u00e9sent\u00e9e comme l&rsquo;alternative aux partis traditionnels, et puisqu&rsquo;ils consid\u00e8rent que ce qui ne va pas aujourd&rsquo;hui est le fait de ces partis traditionnels, le calcul est vite fait : 30% des moins de trente-cinq ans qui ont vot\u00e9 ont donn\u00e9 leur voix au Front National, et la moiti\u00e9 des Fran\u00e7ais ne jugent pas comme un danger la perspective de voir ce parti acc\u00e9der au pouvoir.<br \/>\nBien entendu, l&rsquo;\u00e9tat de d\u00e9labrement id\u00e9ologique des partis \u00ab\u00a0traditionnels\u00a0\u00bb p\u00e8se dans la balance : ils semblent incapables d&rsquo;apporter la moindre r\u00e9ponse cr\u00e9dible au ch\u00f4mage, \u00e0 la crise \u00e9conomique autant qu&rsquo;aux incertitudes g\u00e9opolitiques diverses, paraissent courir derri\u00e8re un monde qu&rsquo;ils ne comprennent pas, et ont fini par accepter de se placer sur le terrain du Front National pour bien des sujets, par opportunisme ou par intoxication m\u00e9diatique, je ne sais pas \u2014 l&rsquo;un et l&rsquo;autre sans doute.<\/p>\n<p>Mais j&rsquo;ai une derni\u00e8re th\u00e9orie, qui fait que le Front National est de moins en moins un parti \u00ab\u00a0protestataire\u00a0\u00bb pour qui certains votent non par foi en son programme mais pour punir la concurrence. Cette th\u00e9orie, c&rsquo;est que le Front National promet\u00a0une catastrophe : arriv\u00e9 au pouvoir, il pr\u00e9tend pouvoir chambouler\u00a0brutalement le fonctionnement \u00e9conomique autant que social du pays, en redistribuant les cartes sur une base ethnique, nationale, en l&rsquo;isolant du reste du monde, en prenant des mesures autoritaires \u00e0 tous les niveaux, etc.<br \/>\nOr, je suis certain qu&rsquo;un grand nombre de gens, parmi ceux qui votent effectivement pour le Front National, comprend en quoi ce genre de proposition est d\u00e9raisonnable, et sait que l&rsquo;effet d&rsquo;une application du programme annonc\u00e9 serait, en r\u00e9alit\u00e9, tragique. Mais peut-\u00eatre est-ce pr\u00e9cis\u00e9ment ce qu&rsquo;ils veulent, parce que la catastrophe, c&rsquo;est la promesse de beaucoup de douleurs, mais c&rsquo;est aussi la promesse d&rsquo;une discontinuit\u00e9, d&rsquo;un changement radical, d&rsquo;une remise \u00e0 z\u00e9ro, c&rsquo;est la promesse que plus rien ne sera comme avant.<\/p>\n<div id=\"attachment_1848\" style=\"width: 650px\" class=\"wp-caption aligncenter\"><a href=\"files\/2014\/05\/oncledamerique1.jpg\"><img decoding=\"async\" aria-describedby=\"caption-attachment-1848\" class=\"size-full wp-image-1848\" src=\"files\/2014\/05\/oncledamerique1.jpg\" alt=\"Capable de s'enfuir\" width=\"640\" height=\"394\" srcset=\"https:\/\/hyperbate.fr\/castagne\/files\/2014\/05\/oncledamerique1.jpg 640w, https:\/\/hyperbate.fr\/castagne\/files\/2014\/05\/oncledamerique1-300x184.jpg 300w, https:\/\/hyperbate.fr\/castagne\/files\/2014\/05\/oncledamerique1-624x384.jpg 624w\" sizes=\"(max-width: 640px) 100vw, 640px\" \/><\/a><p id=\"caption-attachment-1848\" class=\"wp-caption-text\">Capable de s&rsquo;enfuir, le rat de l&rsquo;exp\u00e9rience garde une bonne sant\u00e9 : sa tension art\u00e9rielle ne monte pas, son poil reste beau. La fuite permet d&rsquo;\u00e9chapper au stress.<\/p><\/div>\n<p>Si j&rsquo;ai raison, avec mon hypoth\u00e8se d&rsquo;une envie de\u00a0catastrophe, alors la responsabilit\u00e9 des politiques au pouvoir est immense : ils ont construit une soci\u00e9t\u00e9 fran\u00e7aise d\u00e9sesp\u00e9r\u00e9e, ils ont convaincu les Fran\u00e7ais que leur situation ne changera jamais tant qu&rsquo;ils g\u00e9reront le pays. Le discours m\u00e9diatique dominant, qui pr\u00e9sente l&rsquo;avenir comme bouch\u00e9, partage \u00e9videmment cette responsabilit\u00e9. La\u00a0r\u00e9alit\u00e9 d\u00e9mocratique elle-m\u00eame, o\u00f9 le r\u00e9sultat d&rsquo;une \u00e9lection peut \u00eatre pi\u00e9tin\u00e9 (mandat des maires rallong\u00e9 d&rsquo;un an en 2007 ; r\u00e9sultat du r\u00e9f\u00e9rendum de 2005 confisqu\u00e9), donne raison \u00e0 ceux qui ne croient pas que la classe politique aient envie de les associer \u00e0 ses d\u00e9cisions. Or cela se passe \u00e0 un moment o\u00f9, merci Internet, le public est de moins en moins pr\u00eat \u00e0 se faire \u00ab\u00a0repr\u00e9senter\u00a0\u00bb par une poign\u00e9e de gens qui semblent vouloir avant tout g\u00e9rer leurs petites carri\u00e8res sans rendre de comptes \u00e0 qui que ce soit et\u00a0en ne proposant, au fond, rien de concret.<br \/>\nLa conclusion, \u00e9vidente \u00e0 mon sens, c&rsquo;est que nous nous trouvons \u00e0 un tournant : il faudra que\u00a0la vie politique change radicalement,\u00a0en donnant une vraie place aux citoyens non plus seulement dans son discours mais aussi dans ses d\u00e9cisions,. Il faudra que le citoyen ait l&rsquo;impression de voir le bout du tunnel, qu&rsquo;il ait l&rsquo;impression que son avenir est ouvert.\u00a0Faute de quoi,\u00a0l&rsquo;envie d&rsquo;une catastrophe, qui est une autre mani\u00e8re de faire en sorte\u00a0que le futur soit ouvert, ne fera que cro\u00eetre, jusqu&rsquo;au jour o\u00f9 elle adviendra vraiment, aux d\u00e9pens exorbitants de tous.<\/p>\n<p>Lire ailleurs : <em><a href=\"http:\/\/zgur.20minutes-blogs.fr\/archive\/2014\/05\/30\/pourquoi-le-fn-un-debut-de-reponse-par-la-litterature-et-le-polar.html\" target=\"_blank\" rel=\"noopener\">Pourquoi le FN ? Un d\u00e9but de reponse par la litt\u00e9rature et le polar<\/a><\/em>, sur le blog <em>Zone G\u00e9n\u00e9rale d&rsquo;urgence relative<\/em> ; <em><a href=\"http:\/\/www.pauljorion.com\/blog\/?p=65581\" target=\"_blank\" rel=\"noopener\">La col\u00e8re est muette sous la camisole de la peur d\u2019\u00eatre encore plus pauvre<\/a><\/em>, par rienderien, chez Paul Jorion ; <em><a href=\"http:\/\/blog.monolecte.fr\/post\/2014\/05\/26\/la-rancon-du-mepris\" target=\"_blank\" rel=\"noopener\">La Ran\u00e7on du m\u00e9pris<\/a><\/em>, par Agn\u00e8s Maillard ; <em><a href=\"http:\/\/www.humanite.fr\/politique\/bernard-stiegler-le-front-national-prospere-dans-l-526499\" target=\"_blank\" rel=\"noopener\">Bernard\u2009\u2009 Stiegler \u00abLe Front national prosp\u00e8re\u2028dans le d\u00e9sert des id\u00e9es politiques\u00bb<\/a><\/em>, sur le site de <em>L&rsquo;Humanit\u00e9<\/em>.<\/p>\n<ol class=\"footnotes\"><li id=\"footnote_1_1805\" class=\"footnote\">Henri Laborit \u00e9tait\u00a0neurobiologiste, \u00e9thologue et est l&rsquo;inventeur du premier\u00a0neuroleptique. Il est mort en 1995. J&rsquo;ignore quelle place a son \u0153uvre pour la communaut\u00e9 scientifique actuelle. Son travail \u00e9tait particuli\u00e8rement \u00ab\u00a0transversal\u00a0\u00bb (il s&rsquo;int\u00e9ressait \u00e0 l&rsquo;urbanisme, \u00e0 la sociologie, etc.) et un peu \u00e0 part du monde acad\u00e9mique m\u00e9dical fran\u00e7ais, dont on dit qu&rsquo;il l&rsquo;a emp\u00each\u00e9 d&rsquo;obtenir le prix Nobel.<span class=\"footnote-back-link-wrapper\"> [<a href=\"#identifier_1_1805\" class=\"footnote-link footnote-back-link\">&#8617;<\/a>]<\/span><\/li><li id=\"footnote_2_1805\" class=\"footnote\">La fuite est est une forme d&rsquo;action capitale, selon Henri Laborit, cf. son essai\u00a0<a title=\"\u00e9loge de la Fuite (Lien Amazon)\" href=\"http:\/\/www.amazon.fr\/gp\/product\/2070322831\/ref=as_li_qf_sp_asin_tl?ie=UTF8&amp;camp=1642&amp;creative=6746&amp;creativeASIN=2070322831&amp;linkCode=as2&amp;tag=amazonendofworld-21\" target=\"_blank\" rel=\"noopener\"><em>\u00c9loge de la fuite<\/em><\/a>.<span class=\"footnote-back-link-wrapper\"> [<a href=\"#identifier_2_1805\" class=\"footnote-link footnote-back-link\">&#8617;<\/a>]<\/span><\/li><li id=\"footnote_3_1805\" class=\"footnote\">Manifester permet, bien s\u00fbr, de compter les troupes et de constater que l&rsquo;on n&rsquo;est pas seul, ce qui est en soi r\u00e9confortant. Dans le cas des manifestations massives, elles permettent, \u00e9videmment, de peser dans les rapports de force. Mais quand trois cent personnes manifestent pour d\u00e9noncer les agissements d&rsquo;un gouvernement de pays lointain, comme cela se passe \u00e0 Paris chaque jour, seuls ceux qui manifestent, et qui sont d\u00e9j\u00e0 mobilis\u00e9s (puisqu&rsquo;ils manifestent) en seront inform\u00e9s.<br \/>\nTout cela me rappelle Vladimir Jank\u00e9l\u00e9vitch, le \u00ab\u00a0marcheur infatigable de la gauche\u00a0\u00bb, qui, \u00e0 c\u00f4t\u00e9 d&rsquo;une philosophie m\u00e9taphysique et morale tr\u00e8s fine, tenait \u00e0 \u00eatre de toutes les manifestations, dont les slogans sont rarement aussi r\u00e9fl\u00e9chis : d&rsquo;un c\u00f4t\u00e9 il r\u00e9fl\u00e9chissait, et de l&rsquo;autre, il \u00e9tait dans l&rsquo;action, sans strat\u00e9gie autre que de ne pas rien faire.<span class=\"footnote-back-link-wrapper\"> [<a href=\"#identifier_3_1805\" class=\"footnote-link footnote-back-link\">&#8617;<\/a>]<\/span><\/li><li id=\"footnote_4_1805\" class=\"footnote\">Lire <em><a href=\"http:\/\/www.mediapart.fr\/journal\/france\/290311\/quand-le-directeur-de-campagne-de-marine-le-pen-moque-le-client-electeur\" target=\"_blank\" rel=\"noopener\">Quand le directeur de campagne de Marine Le Pen moque le \u00abclient-\u00e9lecteur\u00bb<\/a><\/em>, sur <em>Mediapart<\/em>, qui d\u00e9voile le contenu d&rsquo;une bande enregistr\u00e9e o\u00f9 le cynisme des m\u00e9thodes politiques et le m\u00e9pris de l&rsquo;\u00e9lecteur se\u00a0manifestent\u00a0sans ambigu\u00eft\u00e9. Je ne me rappelle pas que David Pujadas ait interrog\u00e9 Marine Le Pen sur le sujet, il pr\u00e9f\u00e8re lui parler d&rsquo;immigration, cf. cet article r\u00e9cent\u00a0<a href=\"http:\/\/www.acrimed.org\/article4354.html\" target=\"_blank\" rel=\"noopener\">d&rsquo;Acrimed<\/a>.<span class=\"footnote-back-link-wrapper\"> [<a href=\"#identifier_4_1805\" class=\"footnote-link footnote-back-link\">&#8617;<\/a>]<\/span><\/li><\/ol>","protected":false},"excerpt":{"rendered":"<p>J&rsquo;aurais presque pu placer cet article sur mon blog Fins du Monde, car il me semble que les motivations du quart des \u00e9lecteurs qui se sont d\u00e9plac\u00e9s pour\u00a0voter aux \u00e9lections du parlement europ\u00e9en\u00a0et\u00a0l&rsquo;ont fait en faveur du Front National ont un rapport avec l&rsquo;envie de catastrophes qui, pr\u00e9cis\u00e9ment, rend plaisants les r\u00e9cits de fin du [&hellip;]<\/p>\n","protected":false},"author":1,"featured_media":0,"comment_status":"open","ping_status":"open","sticky":false,"template":"","format":"standard","meta":{"footnotes":""},"categories":[7,5],"tags":[],"class_list":["post-1805","post","type-post","status-publish","format-standard","hentry","category-democratie","category-identites"],"_links":{"self":[{"href":"https:\/\/hyperbate.fr\/castagne\/wp-json\/wp\/v2\/posts\/1805","targetHints":{"allow":["GET"]}}],"collection":[{"href":"https:\/\/hyperbate.fr\/castagne\/wp-json\/wp\/v2\/posts"}],"about":[{"href":"https:\/\/hyperbate.fr\/castagne\/wp-json\/wp\/v2\/types\/post"}],"author":[{"embeddable":true,"href":"https:\/\/hyperbate.fr\/castagne\/wp-json\/wp\/v2\/users\/1"}],"replies":[{"embeddable":true,"href":"https:\/\/hyperbate.fr\/castagne\/wp-json\/wp\/v2\/comments?post=1805"}],"version-history":[{"count":2,"href":"https:\/\/hyperbate.fr\/castagne\/wp-json\/wp\/v2\/posts\/1805\/revisions"}],"predecessor-version":[{"id":10516,"href":"https:\/\/hyperbate.fr\/castagne\/wp-json\/wp\/v2\/posts\/1805\/revisions\/10516"}],"wp:attachment":[{"href":"https:\/\/hyperbate.fr\/castagne\/wp-json\/wp\/v2\/media?parent=1805"}],"wp:term":[{"taxonomy":"category","embeddable":true,"href":"https:\/\/hyperbate.fr\/castagne\/wp-json\/wp\/v2\/categories?post=1805"},{"taxonomy":"post_tag","embeddable":true,"href":"https:\/\/hyperbate.fr\/castagne\/wp-json\/wp\/v2\/tags?post=1805"}],"curies":[{"name":"wp","href":"https:\/\/api.w.org\/{rel}","templated":true}]}}