{"id":1663,"date":"2014-03-31T11:44:58","date_gmt":"2014-03-31T10:44:58","guid":{"rendered":"http:\/\/hyperbate.fr\/castagne\/?p=1663"},"modified":"2014-03-31T18:31:45","modified_gmt":"2014-03-31T17:31:45","slug":"le-message","status":"publish","type":"post","link":"https:\/\/hyperbate.fr\/castagne\/2014\/03\/31\/le-message\/","title":{"rendered":"Le message"},"content":{"rendered":"<p>Nos \u00e9lites politiques et m\u00e9diatiques comprennent le \u00ab\u00a0message\u00a0\u00bb des Fran\u00e7ais comme l&rsquo;Oracle interpr\u00e9tait le d\u00e9lire de la Pythie, comme les haruspices voyaient le pass\u00e9, le pr\u00e9sent et l&rsquo;avenir dans les entrailles du poisson mort, comme les augures lisaient les pr\u00e9sages.<br \/>\nEnsuite, ils passent toute la soir\u00e9e \u00e9lectorale \u00e0 sauter de plateau de t\u00e9l\u00e9vision en plateau de t\u00e9l\u00e9vision pour expliquer aux gens pourquoi ils ont vot\u00e9 ceci ou cela.<\/p>\n<p><a href=\"files\/2014\/03\/augure.png\"><img decoding=\"async\" class=\"aligncenter size-full wp-image-1673\" alt=\"augure\" src=\"files\/2014\/03\/augure.png\" width=\"526\" height=\"382\" srcset=\"https:\/\/hyperbate.fr\/castagne\/files\/2014\/03\/augure.png 526w, https:\/\/hyperbate.fr\/castagne\/files\/2014\/03\/augure-300x217.png 300w\" sizes=\"(max-width: 526px) 100vw, 526px\" \/><\/a><\/p>\n<p>Et au bout d&rsquo;un certain temps, la magie op\u00e8re, et l&rsquo;\u00e9lecteur finit par se dire : <em>\u00ab\u00a0ah mais oui, tiens, c&rsquo;est pour \u00e7a que j&rsquo;ai vot\u00e9 untel\u00a0\u00bb<\/em> (ou tel autre, ou pas vot\u00e9 du tout).<br \/>\nIl n&rsquo;y a qu&rsquo;\u00e0 choisir entre les diff\u00e9rentes th\u00e9ories propos\u00e9es par les chefs et les sorciers : on voulait plus de gauche, ou plus de droite ; moins d&rsquo;immigration ou plus de r\u00e9gularisations ; plus d&rsquo;Europe ou moins d&rsquo;Europe ; moins d&rsquo;imp\u00f4ts ou plus de r\u00e9partition ; moins de police ou plus de police ; etc. Et si on n&rsquo;avait pas les m\u00eames raisons soi-m\u00eame, on finit par croire que les raisons des autres sont ce qu&rsquo;on nous dit.<br \/>\n<span style=\"line-height: 1.714285714; font-size: 1rem;\">La c\u00e9r\u00e9monie de la soir\u00e9e \u00e9lectorale, avec son d\u00e9fil\u00e9 de grands chefs dominateurs et de sorciers omniscients, permet \u00e0 chacun de se dire qu&rsquo;il a \u00e9t\u00e9 compris, qu&rsquo;un message a \u00e9t\u00e9 transmis, si incoh\u00e9rent, incompr\u00e9hensible et inarticul\u00e9 soit-il, et surtout, que tous les autres ont vot\u00e9 ce qu&rsquo;ils ont vot\u00e9 pour la m\u00eame raison, et donc que, malgr\u00e9 les apparences, il existe bien une soci\u00e9t\u00e9 fran\u00e7aise, une tribu, quoi.<br \/>\nEt pour montrer qu&rsquo;elles ont compris, les \u00e9lites consentiront \u00e0 un changement, on enverra rouler dans le sable la t\u00eate du premier ministre, sacrifi\u00e9<sup><a href=\"#footnote_1_1663\" id=\"identifier_1_1663\" class=\"footnote-link footnote-identifier-link\" title=\"Et on aura pass&eacute; tellement de temps &agrave; nous annoncer que Manuel Valls est le prochain premier ministre qu&rsquo;on ne pensera pas &agrave; demander ce qui lui vaut cet honneur. &Agrave; moins qu&rsquo;on nous le dise pour qu&rsquo;on soit soulag&eacute;s, ensuite, si ce n&rsquo;est pas lui.\">1<\/a><\/sup>, on remaniera, on fera des annonce de \u00ab\u00a0changement de cap\u00a0\u00bb et on prendra tr\u00e8s au s\u00e9rieux l&rsquo;adversaire\u00a0\u2014 par exemple le Front National avec ses treize \u00e9lus apparent\u00e9s, sur trente-six mille communes, qui est parvenu \u00e0 \u00eatre le grand sujet de l&rsquo;\u00e9lection municipale.<\/span><\/p>\n<p>Je me demande si l&rsquo;invention de la d\u00e9mocratie n&rsquo;a pas \u00e9t\u00e9 un peu pr\u00e9matur\u00e9e, dans l&rsquo;histoire humaine, ou en tout cas fran\u00e7aise, car j&rsquo;ai l&rsquo;intuition que notre mani\u00e8re d&rsquo;envisager la politique a peu \u00e9volu\u00e9 au cours des quarante derniers mill\u00e9naires, et que la d\u00e9mocratie repr\u00e9sentative telle qu&rsquo;elle fonctionne \u2014 \u00e0 coup de bulletins anonymes servant \u00e0 d\u00e9signer des personnes et leurs promesses \u2014 \u00a0est \u00e0 peine moins barbare que bien d&rsquo;autres syst\u00e8mes et pire, dispense \u00ab\u00a0nos \u00e9lites\u00a0\u00bb de beaucoup de d\u00e9bats v\u00e9ritablement politiques, et plus encore de dialogue ou de recherche du consensus.<br \/>\nEt \u00e7a ne va pas s&rsquo;arranger, un chercheur en psychologie m&rsquo;a appris que le Q.I. moyen des fran\u00e7ais \u00e9tait en nette baisse depuis des ann\u00e9es<sup><a href=\"#footnote_2_1663\" id=\"identifier_2_1663\" class=\"footnote-link footnote-identifier-link\" title=\"Je ne sais pas d&rsquo;o&ugrave; sort cette information, ni comment on peut &eacute;tudier une telle pente. N&eacute;anmoins, j&rsquo;ai tendance &agrave; y croire, car en sortant le nez dehors je ne trouve pas que l&rsquo;intelligence (pas plus que de nombreuses qualit&eacute;s humaines) progresse.\">2<\/a><\/sup> \u2014\u00a0ce qui va de pair avec la progression du racisme<sup><a href=\"#footnote_3_1663\" id=\"identifier_3_1663\" class=\"footnote-link footnote-identifier-link\" title=\"&Ccedil;a non plus ce n&rsquo;est pas moi qui le dis. Une exp&eacute;rimentation en psychologie sociale men&eacute;e par Carmit Tadmor de l&rsquo;Universit&eacute; de Tel Aviv&nbsp;tend par ailleurs &agrave; montrer que la chose fonctionne &agrave; l&rsquo;envers : le racisme rend b&ecirc;te ! Je sais que toute mention du Q.I. rend un peu mal &agrave; l&rsquo;aise les lecteurs : la rapidit&eacute; &agrave; r&eacute;soudre des probl&egrave;mes logiques dit-elle quelque chose de l&rsquo;intelligence ? Et d&rsquo;autres qualit&eacute;s ? Mon avis est que ces mesures ne disent pas tout, mais ne disent pas rien non plus.\">3<\/a><\/sup>, du nationalisme, et de la qu\u00eate de chefs brutaux et dominateurs, par ceux qui en seront justement les premi\u00e8res victimes.<\/p>\n<ol class=\"footnotes\"><li id=\"footnote_1_1663\" class=\"footnote\">Et on aura pass\u00e9 tellement de temps \u00e0 nous annoncer que Manuel Valls est le prochain premier ministre qu&rsquo;on ne pensera pas \u00e0 demander ce qui lui vaut cet honneur. \u00c0 moins qu&rsquo;on nous le dise pour qu&rsquo;on soit soulag\u00e9s, ensuite, si ce n&rsquo;est pas lui.<span class=\"footnote-back-link-wrapper\"> [<a href=\"#identifier_1_1663\" class=\"footnote-link footnote-back-link\">&#8617;<\/a>]<\/span><\/li><li id=\"footnote_2_1663\" class=\"footnote\">Je ne sais pas d&rsquo;o\u00f9 sort cette information, ni comment on peut \u00e9tudier une telle pente. N\u00e9anmoins, j&rsquo;ai tendance \u00e0 y croire, car en sortant le nez dehors je ne trouve pas que l&rsquo;intelligence (pas plus que de nombreuses qualit\u00e9s humaines) progresse.<span class=\"footnote-back-link-wrapper\"> [<a href=\"#identifier_2_1663\" class=\"footnote-link footnote-back-link\">&#8617;<\/a>]<\/span><\/li><li id=\"footnote_3_1663\" class=\"footnote\">\u00c7a non plus ce n&rsquo;est pas moi qui le dis. <a href=\"http:\/\/www.huffingtonpost.fr\/2013\/01\/15\/pourquoi-le-racisme-a-une_n_2478690.html\" target=\"_blank\">Une exp\u00e9rimentation en psychologie sociale men\u00e9e par Carmit Tadmor de l&rsquo;Universit\u00e9 de Tel Aviv<\/a>\u00a0tend par ailleurs \u00e0 montrer que la chose fonctionne \u00e0 l&rsquo;envers : le racisme rend b\u00eate ! Je sais que toute mention du Q.I. rend un peu mal \u00e0 l&rsquo;aise les lecteurs : la rapidit\u00e9 \u00e0 r\u00e9soudre des probl\u00e8mes logiques dit-elle quelque chose de l&rsquo;intelligence ? Et d&rsquo;autres qualit\u00e9s ? Mon avis est que ces mesures ne disent pas tout, mais ne disent pas rien non plus.<span class=\"footnote-back-link-wrapper\"> [<a href=\"#identifier_3_1663\" class=\"footnote-link footnote-back-link\">&#8617;<\/a>]<\/span><\/li><\/ol>","protected":false},"excerpt":{"rendered":"<p>Nos \u00e9lites politiques et m\u00e9diatiques comprennent le \u00ab\u00a0message\u00a0\u00bb des Fran\u00e7ais comme l&rsquo;Oracle interpr\u00e9tait le d\u00e9lire de la Pythie, comme les haruspices voyaient le pass\u00e9, le pr\u00e9sent et l&rsquo;avenir dans les entrailles du poisson mort, comme les augures lisaient les pr\u00e9sages. Ensuite, ils passent toute la soir\u00e9e \u00e9lectorale \u00e0 sauter de plateau de t\u00e9l\u00e9vision en plateau [&hellip;]<\/p>\n","protected":false},"author":1,"featured_media":0,"comment_status":"open","ping_status":"open","sticky":false,"template":"","format":"standard","meta":{"footnotes":""},"categories":[1],"tags":[],"class_list":["post-1663","post","type-post","status-publish","format-standard","hentry","category-non-classe"],"_links":{"self":[{"href":"https:\/\/hyperbate.fr\/castagne\/wp-json\/wp\/v2\/posts\/1663","targetHints":{"allow":["GET"]}}],"collection":[{"href":"https:\/\/hyperbate.fr\/castagne\/wp-json\/wp\/v2\/posts"}],"about":[{"href":"https:\/\/hyperbate.fr\/castagne\/wp-json\/wp\/v2\/types\/post"}],"author":[{"embeddable":true,"href":"https:\/\/hyperbate.fr\/castagne\/wp-json\/wp\/v2\/users\/1"}],"replies":[{"embeddable":true,"href":"https:\/\/hyperbate.fr\/castagne\/wp-json\/wp\/v2\/comments?post=1663"}],"version-history":[{"count":3,"href":"https:\/\/hyperbate.fr\/castagne\/wp-json\/wp\/v2\/posts\/1663\/revisions"}],"predecessor-version":[{"id":1685,"href":"https:\/\/hyperbate.fr\/castagne\/wp-json\/wp\/v2\/posts\/1663\/revisions\/1685"}],"wp:attachment":[{"href":"https:\/\/hyperbate.fr\/castagne\/wp-json\/wp\/v2\/media?parent=1663"}],"wp:term":[{"taxonomy":"category","embeddable":true,"href":"https:\/\/hyperbate.fr\/castagne\/wp-json\/wp\/v2\/categories?post=1663"},{"taxonomy":"post_tag","embeddable":true,"href":"https:\/\/hyperbate.fr\/castagne\/wp-json\/wp\/v2\/tags?post=1663"}],"curies":[{"name":"wp","href":"https:\/\/api.w.org\/{rel}","templated":true}]}}