{"id":11898,"date":"2024-07-31T17:47:12","date_gmt":"2024-07-31T16:47:12","guid":{"rendered":"https:\/\/hyperbate.fr\/castagne\/?p=11898"},"modified":"2024-08-08T15:18:00","modified_gmt":"2024-08-08T14:18:00","slug":"fluctuat-nec-schtroumpfitur","status":"publish","type":"post","link":"https:\/\/hyperbate.fr\/castagne\/2024\/07\/31\/fluctuat-nec-schtroumpfitur\/","title":{"rendered":"Fluctuat nec schtroumpfitur"},"content":{"rendered":"\n<p>Je ne suis pas sportif, je ne suis pas commentateur sportif de canap\u00e9 ni m\u00eame spectateur de canap\u00e9, et des Jeux Olympiques de Paris, je ne voyais que les inconv\u00e9nients, entre les travaux, la surench\u00e8re s\u00e9curitaire, les th\u00e8mes sportifs impos\u00e9s aux animateurs culturels, le co\u00fbt pharaonique<sup><a href=\"#footnote_1_11898\" id=\"identifier_1_11898\" class=\"footnote-link footnote-identifier-link\" title=\"Depuis, on a pu constater quelques vraies r&eacute;ussites dans l&rsquo;organisation&nbsp;: ce sont les premiers jeux olympiques &agrave; obtenir la parit&eacute; sexuelle parfaite\u202f; les jeux paralympiques, qui vont suivre, sont constamment valoris&eacute;s\u202f; plut&ocirc;t que de construire de co&ucirc;teux &eacute;quipements sportifs, les organisateurs ont cr&eacute;&eacute; des stades temporaires dans des lieux bien choisis (Grand Palais, Jardins de Versailles&hellip;)\u202f; la r&eacute;silience face &agrave; des sabotages intentionnels du r&eacute;seau de communication et du r&eacute;seau ferroviaire\u202f; la cr&eacute;ation d&rsquo;une identit&eacute; visuelle plut&ocirc;t int&eacute;ressante&hellip; Le pire b&eacute;mol &agrave; l&rsquo;heure o&ugrave; j&rsquo;&eacute;cris, c&rsquo;est le syst&egrave;me de restauration collectives&nbsp;: mal pay&eacute;s, 300 employ&eacute;s temporaires ont d&eacute;missionn&eacute;, et les athl&egrave;tes grognent face &agrave; la pi&egrave;tre qualit&eacute; de la nourriture&hellip; Un peu honteux pour un pays de gastronomie.\">1<\/a><\/sup>&#8230; Mais bon, j&rsquo;ai regard\u00e9 la c\u00e9r\u00e9monie d&rsquo;ouverture. Je ne savais pas du tout \u00e0 quoi m&rsquo;attendre, ayant tout au plus suivi la pol\u00e9mique sur la pr\u00e9sence ou non d&rsquo;Aya Nakamura d&rsquo;une fesse distraite. Je n&rsquo;avais pas imagin\u00e9 ce que serait l&rsquo;\u00e9chelle de cette c\u00e9r\u00e9monie, qui \u00e0 elle seule en fait un \u00e9v\u00e9nement historique&nbsp;: des navires ont fait d\u00e9filer les d\u00e9l\u00e9gations sur des kilom\u00e8tres et cent-vingt cam\u00e9ras ont film\u00e9 d&rsquo;innombrables prestations artistiques regroup\u00e9es en \u00ab\u00a0tableaux\u00a0\u00bb (<em>enchant\u00e9, libert\u00e9, \u00e9galit\u00e9, fraternit\u00e9, sororit\u00e9, sportivit\u00e9, festivit\u00e9, obscurit\u00e9, solidarit\u00e9, solennit\u00e9, \u00e9ternit\u00e9<\/em>). Nul besoin d&rsquo;en faire une description, un fran\u00e7ais sur quatre (et au moins un terrien sur huit) a visionn\u00e9 la c\u00e9r\u00e9monie, les Wikip\u00e9diens <a href=\"https:\/\/fr.wikipedia.org\/wiki\/C%C3%A9r%C3%A9monie_d%27ouverture_des_Jeux_olympiques_d%27%C3%A9t%C3%A9_de_2024\" data-type=\"link\" data-id=\"https:\/\/fr.wikipedia.org\/wiki\/C%C3%A9r%C3%A9monie_d%27ouverture_des_Jeux_olympiques_d%27%C3%A9t%C3%A9_de_2024\" target=\"_blank\" rel=\"noreferrer noopener\">ont fait un travail tr\u00e8s complet<\/a> pour d\u00e9tailler les participations, les chansons, et m\u00eame les r\u00e9actions (on va y revenir). Je peux en revanche parler de mon sentiment, m\u00eame s&rsquo;il ne semble pas sp\u00e9cialement original&nbsp;: j&rsquo;ai \u00e9t\u00e9 surpris. Surpris par diff\u00e9rentes id\u00e9es visuelles, surpris par des audaces, et je dis bien audaces et non provocations. \u00c9voquer de mani\u00e8re timburtonis\u00e9e la d\u00e9capitation de Marie-Antoinette, qui est bien une page de l&rsquo;Histoire de France, et pas vraiment une page honorable<sup><a href=\"#footnote_2_11898\" id=\"identifier_2_11898\" class=\"footnote-link footnote-identifier-link\" title=\"Les R&eacute;volutionnaires ont d&eacute;capit&eacute; le roi &mdash; y compris ceux qui &eacute;taient oppos&eacute;s &agrave; la peine de mort &mdash; car c&rsquo;&eacute;tait le moyen symbolique pour acter la fin du pouvoir royal, apr&egrave;s l&rsquo;&eacute;chec d&rsquo;une promesse de monarchie constitutionnelle. Marie-Antoinette, victime collat&eacute;rale, avait quant &agrave; elle subi des ann&eacute;es de rumeurs malveillantes et sexistes, ainsi d&rsquo;une forme de x&eacute;nophobie (&laquo;&nbsp;l&rsquo;&eacute;trang&egrave;re&nbsp;&raquo;, &laquo;&nbsp;l&rsquo;autrichienne&nbsp;&raquo;)&hellip; Sa mort symbolise la fin d&rsquo;un si&egrave;cle &laquo;&nbsp;f&eacute;minin&nbsp;&raquo; &mdash; qu&rsquo;on se rappelle qu&rsquo;il n&rsquo;y a plus eu de femme acad&eacute;micienne des Beaux-Arts pendant les deux si&egrave;cles qui ont suivi &mdash; et l&rsquo;institution de loi phallocratiques port&eacute;es par les r&eacute;volutionnaires, par l&rsquo;Empereur, et jusqu&rsquo;assez r&eacute;cemment,&hellip; On peut n&eacute;anmoins se dire que c&rsquo;est le sens du &laquo;&nbsp;&ccedil;a ira&nbsp;&raquo; que les organisateurs font chanter &agrave; Marie-Antoinette&nbsp;: le temps passe et finit par panser les plaies du pass&eacute;.\">2<\/a><\/sup>, est audacieux. Invoquer l&rsquo;anarchiste Louise Michel, l&rsquo;exploratrice travestie Jeanne Barret et la f\u00e9ministe Olympe de Gouges (d\u00e9capit\u00e9e elle aussi, c\u2019e\u00fbt pu \u00eatre rappel\u00e9) est un peu plus surprenant que de sortir de la l\u00e9gende dor\u00e9e les habituelles Jeanne d&rsquo;Arc, Jos\u00e9phine Baker, Coco Chanel ou Marie Curie. Qu&rsquo;on s&rsquo;y rallie ou non, on constatera que les organisateurs de la c\u00e9r\u00e9monie ont chaque fois fait des choix forts et parfois surprenants. Il y aussi eu des audaces techniques (la d\u00e9esse Sequana galopant sur le fleuve\u202f; la superbe vasque-montgolfi\u00e8re de Mathieu Lehanneur), des audaces artistiques (Aya Nakamura et la garde r\u00e9publicaine\u202f; un contre-t\u00e9nor break-dancer,&#8230;), des audaces dans les r\u00e9f\u00e9rences retenues, aussi, qui sont rarement les plus attendues. Enfin, un grand souci de rassemblement. Un spectacle \u00ab\u00a0inclusif\u00a0\u00bb, comme disent ses promoteurs, qui ont essuy\u00e9 pour \u00e7a plus d&rsquo;une moue de d\u00e9go\u00fbt. Un spectacle assez joyeux, plut\u00f4t frais, malgr\u00e9 un certain kitsch Eurovision, malgr\u00e9 des placements de produits un peu grossiers (LVMH, les Minions) et malgr\u00e9 une r\u00e9alisation un peu en dessous de ce qu&rsquo;elle aurait pu \u00eatre \u2014 la faute, dit-on, de la pluie qui a emp\u00each\u00e9 l&rsquo;usage de drones, et du choix du r\u00e9alisateur, habitu\u00e9 \u00e0 couvrir des parades sportives plus lambda.<br>L&rsquo;\u00e9vocation doucement provocante, dans le tableau \u00ab\u00a0libert\u00e9\u00a0\u00bb d&rsquo;un m\u00e9nage-\u00e0-trois qui saute de la Biblioth\u00e8que nationale \u00e0 la chambre-\u00e0-coucher dans une version chamarr\u00e9e et gender-fluid de <em>Jules et Jim<\/em>, a curieusement fait moins de bruit que la suite.<\/p>\n\n\n\n<p>Et la suite, c&rsquo;est une table de banquet au milieu de laquelle une cloche d&rsquo;argent est soulev\u00e9e pour r\u00e9v\u00e9ler un Philippe Katerine en slip, barbe orange et peau bleue<sup><a href=\"#footnote_3_11898\" id=\"identifier_3_11898\" class=\"footnote-link footnote-identifier-link\" title=\"On me fait remarquer que ce choix d&rsquo;une peau bleue n&rsquo;a pas fait particuli&egrave;rement d&eacute;bat et n&rsquo;a pas &eacute;t&eacute; justifi&eacute;. Pour ma part, je suppose qu&rsquo;il sert essentiellement &agrave; &eacute;viter l&rsquo;impression g&ecirc;nante que provoquerait la vision du m&ecirc;me personnage avec la peau rose&hellip;\">3<\/a><\/sup>, qui interpr\u00e8te sa chanson <em>Nu<\/em>. Les convives du banquet, qui entourent la dee-jay Barbara Butch, sont, notamment, des drag-queens.<\/p>\n\n\n\n<figure class=\"wp-block-image size-full is-resized\"><img decoding=\"async\" width=\"1363\" height=\"763\" src=\"https:\/\/hyperbate.fr\/castagne\/files\/2024\/07\/image.png\" alt=\"\" class=\"wp-image-11918\" style=\"width:655px;height:auto\" srcset=\"https:\/\/hyperbate.fr\/castagne\/files\/2024\/07\/image.png 1363w, https:\/\/hyperbate.fr\/castagne\/files\/2024\/07\/image-300x168.png 300w, https:\/\/hyperbate.fr\/castagne\/files\/2024\/07\/image-768x430.png 768w, https:\/\/hyperbate.fr\/castagne\/files\/2024\/07\/image-624x349.png 624w\" sizes=\"(max-width: 1363px) 100vw, 1363px\" \/><figcaption class=\"wp-element-caption\"><em>Nu. Est-ce qu\u2019il y aurait des guerres si on \u00e9tait rest\u00e9 tout nu ? Non.<br>O\u00f9 cacher un revolver quand on est tout nu ? O\u00f9 ? Je sais o\u00f9 vous pensez <br>Mais. C\u2019est pas une bonne id\u00e9e. Ouais&#8230;<br>Plus de riches plus de pauvres quand on redevient tout nu. Oui<br>Qu\u2019on soit slim, qu\u2019on soit gros, on est tout simplement tout nu<\/em><\/figcaption><\/figure>\n\n\n\n<p>Le moment \u00e9tait suffisamment incongru et inattendu pour provoquer, en France, un \u00e9clat de rire assez g\u00e9n\u00e9ral. La cha\u00eene de t\u00e9l\u00e9vision marocaine et le network \u00e9tasunien NBC ont aussit\u00f4t remplac\u00e9 cette s\u00e9quence par des images d&rsquo;archive. Trop bizarre, trop d\u00e9nud\u00e9. <\/p>\n\n\n\n<h2 class=\"wp-block-heading\">C\u00e8ne ou banquet\u202f?<\/h2>\n\n\n\n<p>C&rsquo;est un peu plus tard, je pense, qu&rsquo;une autre opinion s&rsquo;est s\u00e9diment\u00e9e parmi quelques f\u00e2cheux\u202f: avec cette s\u00e9quence, les cr\u00e9ateurs de la c\u00e9r\u00e9monie citaient la repr\u00e9sentation de la C\u00e8ne par L\u00e9onard de Vinci, et, donc, manquaient de respect envers les croyants<sup><a href=\"#footnote_4_11898\" id=\"identifier_4_11898\" class=\"footnote-link footnote-identifier-link\" title=\"Citons Patrick Boucheron, historien et consultant pour la c&eacute;r&eacute;monie&nbsp;: &laquo;&nbsp;Maintenant, ne soyons pas na&iuml;fs&nbsp;: cette pol&eacute;mique est tout sauf spontan&eacute;e, l&rsquo;image en question n&rsquo;aurait choqu&eacute;e personne si certains ne l&rsquo;avaient pas faite advenir en la montrant du doigt, elle n&rsquo;aurait bless&eacute; personne si on ne s&rsquo;&eacute;tait pas acharn&eacute; &agrave; la pr&eacute;tendre blessante. Et qui &ccedil;a on&nbsp;? Ceux qui ont int&eacute;r&ecirc;t &agrave; cliver, &agrave; s&eacute;parer, &agrave; d&eacute;sunir. Ils &eacute;taient furieux de voir que la c&eacute;r&eacute;monie produisait une &eacute;motion puissante et g&eacute;n&eacute;ralis&eacute;e, ils s&rsquo;engouffraient dans la br&egrave;che pour manifester cet art de d&eacute;tester dont ils sont les virtuoses, et qu&rsquo;on leur laisse bien volontiers.&nbsp;&raquo;\">4<\/a><\/sup>. Cette opinion a eu du succ\u00e8s notamment chez des gens qui n&rsquo;ont pas regard\u00e9 la c\u00e9r\u00e9monie o\u00f9 ne l&rsquo;ont vue que sous forme de photogrammes choisis. J&rsquo;en veux pour preuve les gens qui ont vu <em>\u00ab\u00a0un travesti \u00e0 la place de J\u00e9sus\u00a0\u00bb<\/em> (c&rsquo;\u00e9tait en fait une femme qui se trouvait au centre de la table) ou ceux qui ont compt\u00e9 douze convives alors qu&rsquo;il y avait bien une trentaine de personnes derri\u00e8re la table.<\/p>\n\n\n\n<figure class=\"wp-block-image size-full\"><img decoding=\"async\" width=\"600\" height=\"749\" src=\"https:\/\/hyperbate.fr\/castagne\/files\/2024\/07\/image-1.png\" alt=\"\" class=\"wp-image-11926\" srcset=\"https:\/\/hyperbate.fr\/castagne\/files\/2024\/07\/image-1.png 600w, https:\/\/hyperbate.fr\/castagne\/files\/2024\/07\/image-1-240x300.png 240w\" sizes=\"(max-width: 600px) 100vw, 600px\" \/><figcaption class=\"wp-element-caption\">Un tweet qui compare la C\u00e8ne de L\u00e9onard avec le banquet de la C\u00e9r\u00e9monie d&rsquo;ouverture, dont l&rsquo;image a \u00e9t\u00e9 choisie avant l&rsquo;apparition de Philippe Katerine, et recadr\u00e9e dans le but d&rsquo;obtenir exactement le nombre de figures attendues pour \u00e9voquer le dernier repas.<\/figcaption><\/figure>\n\n\n\n<p><br>L&rsquo;interpr\u00e9tation de ce tableau comme une citation de l&rsquo;ultime repas du Christ n&rsquo;est pas limit\u00e9e aux catholiques grincheux, elle a aussi \u00e9t\u00e9 faite par des gens qui ont appr\u00e9ci\u00e9 le moment, que l&rsquo;id\u00e9e d&rsquo;une citation de la C\u00e8ne ne choquait pas par principe (il faut dire que c&rsquo;est plus que banal), et c&rsquo;est int\u00e9ressant de le noter&nbsp;: on pouvait apparemment voir de bonne foi, et sans s&rsquo;en offusquer, une r\u00e9f\u00e9rence \u00e0 la C\u00e8ne. Pourtant, les \u00e9l\u00e9ments iconologiques communs ne sont pas nombreux et se r\u00e9sument, au fond, au fait que des gens se trouvent plac\u00e9s derri\u00e8re et non, comme des commensaux habituels, autour d&rsquo;une table. Le fait que la figure centrale porte un diad\u00e8me en forme d&rsquo;aur\u00e9ole peut \u00e9voquer de nombreuses repr\u00e9sentations de la C\u00e8ne mais pas sp\u00e9cialement celle de L\u00e9onard de Vinci qui a \u00e9t\u00e9 presque chaque fois cit\u00e9e. L&rsquo;activit\u00e9 et les postures des convives n&rsquo;\u00e9voque pas sp\u00e9cialement la plupart des repr\u00e9sentations de ce genre, et encore moins leurs pastiches, car si de nombreux artistes on produit des repr\u00e9sentations de la C\u00e8ne assez originales (Tintoret ou V\u00e9ron\u00e8se, par exemple \u2014 ce dernier a eu maille \u00e0 partir avec l&rsquo;Inquisition pour cette peinture), les auteurs de citations essaient de s&rsquo;en tenir au canon impos\u00e9 par L\u00e9onard, avec notamment un point de fuite pr\u00e9cis (destin\u00e9, dans le cas de la fresque de L\u00e9onard, \u00e0 r\u00e9pondre \u00e0 l&rsquo;architecture du r\u00e9fectoire o\u00f9 se trouvait la peinture) et une composition tr\u00e8s sym\u00e9trique&nbsp;:<\/p>\n\n\n\n<figure class=\"wp-block-gallery has-nested-images columns-default is-cropped wp-block-gallery-1 is-layout-flex wp-block-gallery-is-layout-flex\">\n<figure class=\"wp-block-image size-large\"><img decoding=\"async\" width=\"667\" height=\"500\" data-id=\"11942\" src=\"https:\/\/hyperbate.fr\/castagne\/files\/2024\/07\/cene_golf.png\" alt=\"\" class=\"wp-image-11942\" srcset=\"https:\/\/hyperbate.fr\/castagne\/files\/2024\/07\/cene_golf.png 667w, https:\/\/hyperbate.fr\/castagne\/files\/2024\/07\/cene_golf-300x225.png 300w, https:\/\/hyperbate.fr\/castagne\/files\/2024\/07\/cene_golf-624x468.png 624w\" sizes=\"(max-width: 667px) 100vw, 667px\" \/><\/figure>\n\n\n\n<figure class=\"wp-block-image size-large\"><img decoding=\"async\" width=\"1280\" height=\"720\" data-id=\"11941\" src=\"https:\/\/hyperbate.fr\/castagne\/files\/2024\/07\/cene_expendables.jpg\" alt=\"\" class=\"wp-image-11941\" srcset=\"https:\/\/hyperbate.fr\/castagne\/files\/2024\/07\/cene_expendables.jpg 1280w, https:\/\/hyperbate.fr\/castagne\/files\/2024\/07\/cene_expendables-300x169.jpg 300w, https:\/\/hyperbate.fr\/castagne\/files\/2024\/07\/cene_expendables-768x432.jpg 768w, https:\/\/hyperbate.fr\/castagne\/files\/2024\/07\/cene_expendables-624x351.jpg 624w\" sizes=\"(max-width: 1280px) 100vw, 1280px\" \/><\/figure>\n\n\n\n<figure class=\"wp-block-image size-large\"><img decoding=\"async\" width=\"1277\" height=\"585\" data-id=\"11943\" src=\"https:\/\/hyperbate.fr\/castagne\/files\/2024\/07\/cene_watchmen.jpg\" alt=\"\" class=\"wp-image-11943\" srcset=\"https:\/\/hyperbate.fr\/castagne\/files\/2024\/07\/cene_watchmen.jpg 1277w, https:\/\/hyperbate.fr\/castagne\/files\/2024\/07\/cene_watchmen-300x137.jpg 300w, https:\/\/hyperbate.fr\/castagne\/files\/2024\/07\/cene_watchmen-768x352.jpg 768w, https:\/\/hyperbate.fr\/castagne\/files\/2024\/07\/cene_watchmen-624x286.jpg 624w\" sizes=\"(max-width: 1277px) 100vw, 1277px\" \/><\/figure>\n\n\n\n<figure class=\"wp-block-image size-large\"><img decoding=\"async\" width=\"680\" height=\"444\" data-id=\"11940\" src=\"https:\/\/hyperbate.fr\/castagne\/files\/2024\/07\/cene_marithie_francois_girbaud.jpg\" alt=\"\" class=\"wp-image-11940\" srcset=\"https:\/\/hyperbate.fr\/castagne\/files\/2024\/07\/cene_marithie_francois_girbaud.jpg 680w, https:\/\/hyperbate.fr\/castagne\/files\/2024\/07\/cene_marithie_francois_girbaud-300x196.jpg 300w, https:\/\/hyperbate.fr\/castagne\/files\/2024\/07\/cene_marithie_francois_girbaud-624x407.jpg 624w\" sizes=\"(max-width: 680px) 100vw, 680px\" \/><\/figure>\n\n\n\n<figure class=\"wp-block-image size-large\"><img decoding=\"async\" width=\"600\" height=\"450\" data-id=\"11944\" src=\"https:\/\/hyperbate.fr\/castagne\/files\/2024\/07\/cene_gallactica.png\" alt=\"\" class=\"wp-image-11944\" srcset=\"https:\/\/hyperbate.fr\/castagne\/files\/2024\/07\/cene_gallactica.png 600w, https:\/\/hyperbate.fr\/castagne\/files\/2024\/07\/cene_gallactica-300x225.png 300w\" sizes=\"(max-width: 600px) 100vw, 600px\" \/><\/figure>\n\n\n\n<figure class=\"wp-block-image size-large\"><img decoding=\"async\" width=\"2560\" height=\"919\" data-id=\"11945\" src=\"https:\/\/hyperbate.fr\/castagne\/files\/2024\/07\/cene_hollywood-scaled.jpg\" alt=\"\" class=\"wp-image-11945\" srcset=\"https:\/\/hyperbate.fr\/castagne\/files\/2024\/07\/cene_hollywood-scaled.jpg 2560w, https:\/\/hyperbate.fr\/castagne\/files\/2024\/07\/cene_hollywood-300x108.jpg 300w, https:\/\/hyperbate.fr\/castagne\/files\/2024\/07\/cene_hollywood-768x276.jpg 768w, https:\/\/hyperbate.fr\/castagne\/files\/2024\/07\/cene_hollywood-1536x551.jpg 1536w, https:\/\/hyperbate.fr\/castagne\/files\/2024\/07\/cene_hollywood-2048x735.jpg 2048w, https:\/\/hyperbate.fr\/castagne\/files\/2024\/07\/cene_hollywood-624x224.jpg 624w\" sizes=\"(max-width: 2560px) 100vw, 2560px\" \/><\/figure>\n\n\n\n<figure class=\"wp-block-image size-large\"><img decoding=\"async\" width=\"1024\" height=\"344\" data-id=\"11947\" src=\"https:\/\/hyperbate.fr\/castagne\/files\/2024\/07\/cene_sopranos.jpg\" alt=\"\" class=\"wp-image-11947\" srcset=\"https:\/\/hyperbate.fr\/castagne\/files\/2024\/07\/cene_sopranos.jpg 1024w, https:\/\/hyperbate.fr\/castagne\/files\/2024\/07\/cene_sopranos-300x101.jpg 300w, https:\/\/hyperbate.fr\/castagne\/files\/2024\/07\/cene_sopranos-768x258.jpg 768w, https:\/\/hyperbate.fr\/castagne\/files\/2024\/07\/cene_sopranos-624x210.jpg 624w\" sizes=\"(max-width: 1024px) 100vw, 1024px\" \/><\/figure>\n\n\n\n<figure class=\"wp-block-image size-large\"><img decoding=\"async\" width=\"800\" height=\"442\" data-id=\"11948\" src=\"https:\/\/hyperbate.fr\/castagne\/files\/2024\/07\/cene_bunuel.jpg\" alt=\"\" class=\"wp-image-11948\" srcset=\"https:\/\/hyperbate.fr\/castagne\/files\/2024\/07\/cene_bunuel.jpg 800w, https:\/\/hyperbate.fr\/castagne\/files\/2024\/07\/cene_bunuel-300x166.jpg 300w, https:\/\/hyperbate.fr\/castagne\/files\/2024\/07\/cene_bunuel-768x424.jpg 768w, https:\/\/hyperbate.fr\/castagne\/files\/2024\/07\/cene_bunuel-624x345.jpg 624w\" sizes=\"(max-width: 800px) 100vw, 800px\" \/><\/figure>\n\n\n\n<figure class=\"wp-block-image size-large\"><img decoding=\"async\" width=\"932\" height=\"557\" data-id=\"11949\" src=\"https:\/\/hyperbate.fr\/castagne\/files\/2024\/07\/cene_simpsons.jpg\" alt=\"\" class=\"wp-image-11949\" srcset=\"https:\/\/hyperbate.fr\/castagne\/files\/2024\/07\/cene_simpsons.jpg 932w, https:\/\/hyperbate.fr\/castagne\/files\/2024\/07\/cene_simpsons-300x179.jpg 300w, https:\/\/hyperbate.fr\/castagne\/files\/2024\/07\/cene_simpsons-768x459.jpg 768w, https:\/\/hyperbate.fr\/castagne\/files\/2024\/07\/cene_simpsons-624x373.jpg 624w\" sizes=\"(max-width: 932px) 100vw, 932px\" \/><\/figure>\n<\/figure>\n\n\n\n<p>Thomas Jolly, auteur de la mise-en-sc\u00e8ne, s&rsquo;est justifi\u00e9 en affirmant qu&rsquo;il n&rsquo;avait pas souhait\u00e9 faire r\u00e9f\u00e9rence \u00e0 la C\u00e8ne ni \u00e0 la religion, expliquant s&rsquo;\u00eatre notamment inspir\u00e9 d&rsquo;un tableau hollandais du XVIIe si\u00e8cle, <em>Le Festin des dieux<\/em>, par Jan van Bijlert, peinture conserv\u00e9e au Mus\u00e9e Magnin de Dijon. Si ce tableau n&rsquo;est pas aussi c\u00e9l\u00e8bre que certains l&rsquo;affirment \u00e0 pr\u00e9sent (il n&rsquo;a eu droit \u00e0 <a href=\"https:\/\/fr.wikipedia.org\/wiki\/Le_Festin_des_dieux_(Bijlert)\" data-type=\"link\" data-id=\"https:\/\/fr.wikipedia.org\/wiki\/Le_Festin_des_dieux_(Bijlert)\" target=\"_blank\" rel=\"noreferrer noopener\">une page Wikip\u00e9dia<\/a> qu&rsquo;apr\u00e8s la pol\u00e9mique\u202f!), son sujet est quant \u00e0 lui tr\u00e8s classique, il s&rsquo;agit d&rsquo;un banquet des dieux de l&rsquo;Olympe. Peut-\u00eatre pas n&rsquo;importe quel banquet, car on soup\u00e7onne l&rsquo;artiste d&rsquo;avoir secr\u00e8tement voulu peindre&#8230; La C\u00e8ne. En effet, \u00e9voluant dans le contexte de la R\u00e9forme, qui proscrivait la peinture sacr\u00e9e et ne permettait plus d&rsquo;en vivre, Bijlert se serait empar\u00e9 du pr\u00e9texte de de la mythologie pour repr\u00e9senter, malgr\u00e9 tout, le dernier repas. J&rsquo;ignore quels \u00e9l\u00e9ments concrets soutiennent une telle th\u00e8se, d&rsquo;autant que la ville d&rsquo;Utrecht, o\u00f9 le peintre a fait sa carri\u00e8re, \u00e9tait rest\u00e9e presque pour moiti\u00e9 catholique \u2014 une curiosit\u00e9 locale assez unique. Biljert, \u00e0 la m\u00eame \u00e9poque, a peint plusieurs tableaux religieux sans se cacher le moins du monde<sup><a href=\"#footnote_5_11898\" id=\"identifier_5_11898\" class=\"footnote-link footnote-identifier-link\" title=\"Voir la cat&eacute;gorie Biblical paintings by Jan van Bijlert sur Wikimedia Commons.\">5<\/a><\/sup>. Sans rien conna\u00eetre de Bijlert ni de ses intentions (qu&rsquo;on me pardonne cette interpr\u00e9tation de spectateur ignorant), j&rsquo;ai l&rsquo;impression qu&rsquo;il a bel et bien eu l&rsquo;intention de peindre une bacchanale, tout en \u00e9tant visiblement inspir\u00e9 de peintures autant profanes que sacr\u00e9es du mani\u00e9risme et du baroque italiens \u2014 r\u00e9f\u00e9rences qui nous \u00e9loignent franchement de L\u00e9onard de Vinci et de sa C\u00e8ne.<\/p>\n\n\n\n<figure class=\"wp-block-image size-full\"><img decoding=\"async\" width=\"956\" height=\"1024\" src=\"https:\/\/hyperbate.fr\/castagne\/files\/2024\/07\/Bijlert_-_Le_Festin_des_dieux_-_09-530998.jpg\" alt=\"\" class=\"wp-image-11955\" srcset=\"https:\/\/hyperbate.fr\/castagne\/files\/2024\/07\/Bijlert_-_Le_Festin_des_dieux_-_09-530998.jpg 956w, https:\/\/hyperbate.fr\/castagne\/files\/2024\/07\/Bijlert_-_Le_Festin_des_dieux_-_09-530998-280x300.jpg 280w, https:\/\/hyperbate.fr\/castagne\/files\/2024\/07\/Bijlert_-_Le_Festin_des_dieux_-_09-530998-768x823.jpg 768w, https:\/\/hyperbate.fr\/castagne\/files\/2024\/07\/Bijlert_-_Le_Festin_des_dieux_-_09-530998-624x668.jpg 624w\" sizes=\"(max-width: 956px) 100vw, 956px\" \/><figcaption class=\"wp-element-caption\">Des figures diverses et aux attributs eux aussi divers, ce banquet olympien rappelle effectivement le banquet de la c\u00e9r\u00e9monie olympique&#8230; On note dans les deux cas la pr\u00e9sence d&rsquo;une lyre, et celle d&rsquo;une armure.<\/figcaption><\/figure>\n\n\n\n<p>Je trouve personnellement amusant que des questions d&rsquo;Histoire de l&rsquo;Art se soient invit\u00e9es dans un conflit d&rsquo;actualit\u00e9, mais cela s&rsquo;est fait de mani\u00e8re malheureusement un peu superficielle, chacun semblant surtout press\u00e9 de trouver la \u00ab\u00a0preuve\u00a0\u00bb qui l&rsquo;arrange. Le sujet est pourtant passionnant car la C\u00e8ne est loin d&rsquo;\u00eatre un motif \u00e9vident \u00e0 aborder\u202f!<sup><a href=\"#footnote_6_11898\" id=\"identifier_6_11898\" class=\"footnote-link footnote-identifier-link\" title=\"On peut notamment lire La C&egrave;ne et les autres festins : br&egrave;ves remarques sur l&rsquo;iconographie des repas sacr&eacute;s et profanes (dans Th&egrave;mes religieux et th&egrave;mes profanes dans l&rsquo;image m&eacute;di&eacute;vale&nbsp;: transferts, emprunts, oppositions, &eacute;d. Brepols 2014), par David Jonathan Benrubi, qui raconte que la repr&eacute;sentation de la C&egrave;ne a &eacute;t&eacute; au Moyen-&acirc;ge un point de tension entre le sacr&eacute; et le profane&nbsp;: le dernier repas, devenu un point fondamental du rite chr&eacute;tien &mdash; l&rsquo;Eucharistie &mdash;, est aussi un repas, un &laquo;&nbsp;espace dangereux&nbsp;&raquo; (s&eacute;culier, trivial, mixte, peccamineux &mdash; la gourmandise &eacute;tant un p&eacute;ch&eacute; capital\u202f!) que les autorit&eacute;s religieuses m&eacute;di&eacute;vales voudraient moraliser.\">6<\/a><\/sup><\/p>\n\n\n\n<p>Plusieurs r\u00e9f\u00e9rences de la C\u00e9r\u00e9monie sont volontairement impr\u00e9cises&nbsp;: la d\u00e9esse Sequana (la Seine) sur un cheval n&rsquo;est pas une repr\u00e9sentation particuli\u00e8rement connue (mais les fleuves comme des chevaux, si)\u202f; le personnage qui saute de toit en toit n&rsquo;est pas non plus tributaire d&rsquo;une unique r\u00e9f\u00e9rence (un peu d&rsquo;Assassin&rsquo;s Creed, un peu de Fant\u00f4me de l&rsquo;Op\u00e9ra,&#8230;)\u202f; etc., et ma foi, tant mieux, nous \u00e9chappons \u00e0 une forme de lourdeur. Un repas avec un Bacchus bleu sous une cloche, des convives joyeux et une lyre apollinienne, tout \u00e7a semble assez \u00e9videmment faire r\u00e9f\u00e9rence \u00e0 la mythologie antique et non \u00e0 la Passion du Christ.<\/p>\n\n\n\n<p>Mais voil\u00e0, il fallait trouver \u00e0 r\u00e2ler, et ce fut fait dans un affreux festival d&rsquo;arri\u00e8res pens\u00e9es racistes et homophobes, au pr\u00e9texte d&rsquo;une d\u00e9fense de la sensibilit\u00e9 des catholiques.<\/p>\n\n\n\n<figure class=\"wp-block-image size-full\"><img decoding=\"async\" width=\"760\" height=\"290\" src=\"https:\/\/hyperbate.fr\/castagne\/files\/2024\/07\/rioufol_1818292683804193121.png\" alt=\"\" class=\"wp-image-11995\" srcset=\"https:\/\/hyperbate.fr\/castagne\/files\/2024\/07\/rioufol_1818292683804193121.png 760w, https:\/\/hyperbate.fr\/castagne\/files\/2024\/07\/rioufol_1818292683804193121-300x114.png 300w, https:\/\/hyperbate.fr\/castagne\/files\/2024\/07\/rioufol_1818292683804193121-624x238.png 624w\" sizes=\"(max-width: 760px) 100vw, 760px\" \/><figcaption class=\"wp-element-caption\">Comparer les JOs nazis de 1936 \u00e0 ceux de Paris en 2024, car les premiers \u00e9taient trop racistes et les seconds pas assez, joli tour de passe-passe (\u00e0 quand remonte votre dernier scanner, Ivan Rioufol\u202f?).<\/figcaption><\/figure>\n\n\n\n<p>Alain Finkielkraut s&rsquo;est bien \u00e9videmment \u00e9touff\u00e9 d&rsquo;indignation face \u00e0 un spectacle qu&rsquo;il a jug\u00e9 \u00e0 la fois obsc\u00e8ne et conformiste. On aurait \u00e9t\u00e9 d\u00e9\u00e7u s&rsquo;il n&rsquo;avait pas eu des d\u00e9clarations pleurnichardes et grandiloquentes \u00e0 ce sujet. Tout comme Marion Mar\u00e9chal (une <em>\u00ab\u00a0honte internationale \u00e0 cause des provocations autocentr\u00e9es d\u2019une minorit\u00e9 de militants de gauche qui ont pris en otage id\u00e9ologiquement la c\u00e9r\u00e9monie\u00a0\u00bb<\/em>)\u202f; Philippe de Villiers (<em>\u00ab\u00a0tout \u00e9tait laid, tout \u00e9tait woke\u00a0\u00bb<\/em>)\u202f; \u00c9ric Zemmour (<em>\u00ab\u00a0Une vision de la France qui n\u2019est pas la n\u00f4tre, que nous rejetons, que les \u00e9trangers eux-m\u00eames d\u00e9couvrent avec stup\u00e9faction, ou tristesse\u00a0\u00bb<\/em>)\u202f; \u00c9ric Naulleau (<em>\u00ab\u00a0pas un prout wokiste ne manquait \u00e0 l\u2019appel des p\u00e9tomanes qui ont con\u00e7u ce spectacle\u00a0\u00bb<\/em>)\u202f; Idriss Aberkane (<em>\u00ab\u00a0sous-s\u00e9cr\u00e9tion d\u00e9liquescente d&rsquo;un microcosme qui se regarde le nombril (&#8230;) gauche pipi-caca\u00a0\u00bb<\/em>)&#8230; Des groupes ultra-cathos ont organis\u00e9 des sessions de pri\u00e8re destin\u00e9es \u00e0 nettoyer l&rsquo;affront. Parmi les commentateurs n\u00e9gatifs on note aussi la Conf\u00e9rences des \u00e9v\u00eaques catholiques et son homologue l&rsquo;assembl\u00e9e des \u00e9v\u00eaques orthodoxes de France\u202f; le magnat Elon Musk\u202f; l&rsquo;ancien pr\u00e9sident Trump\u202f; le pr\u00e9sident turc Erdogan\u202f; le premier ministre Orb\u00e1n\u202f; le minist\u00e8re russe des affaires \u00e9trang\u00e8res (qui, en f\u00e9e Carabosse puisque la Russie \u00e9tait priv\u00e9e de jeux, parle d&rsquo;un <em>\u00ab\u00a0\u00e9chec massif\u00a0\u00bb<\/em>),&#8230; Je me demande quel effet aurait provoqu\u00e9 la c\u00e9r\u00e9monie si le Rassemblement national avait obtenu la majorit\u00e9 aux \u00e9lections l\u00e9gislatives<sup><a href=\"#footnote_7_11898\" id=\"identifier_7_11898\" class=\"footnote-link footnote-identifier-link\" title=\"Je note que, toujours tr&egrave;s attentifs aux sondages d&rsquo;opinion et continuant leur strat&eacute;gie de maintien des ambigu&iuml;t&eacute;s (laissant chacun croire partager leurs opinions plut&ocirc;t que de risquer de s&rsquo;ali&eacute;ner une part de leur &eacute;lectorat), Marine Le Pen et Jordan Bardella se sont bien gard&eacute;s d&rsquo;&eacute;mettre un avis sur la c&eacute;r&eacute;monie.\">7<\/a><\/sup>.<br>Les r\u00e9actions n\u00e9gatives ne sont pas l&rsquo;exclusivit\u00e9 de l&rsquo;extr\u00eame-droite ou des catholiques (catholiques dont beaucoup, \u00e0 l&rsquo;image de l&rsquo;\u00e9v\u00eaque de Corse Bustillo, n&rsquo;ont pas trouv\u00e9 \u00e0 redire) puisqu&rsquo;elles sont partag\u00e9es par la journaliste Aude Lancelin (une <em>\u00ab\u00a0camelote culturelle \u00e9cul\u00e9e, un kitsch clinquant, un philistinisme lourdingue\u00a0\u00bb<\/em>), et puisque Jean-Luc M\u00e9lenchon, qui dit avoir appr\u00e9ci\u00e9 de nombreux \u00e9l\u00e9ments du spectacle, a regrett\u00e9 qu&rsquo;on prenne le risque de heurter les croyants en faisant r\u00e9f\u00e9rence \u00e0 la C\u00e8ne. Michel Onfray (qui affirme \u00eatre de gauche, mais plus les gens utilisent ce mot et moins je le comprends), quant \u00e0 lui, d\u00e9plore ce qu&rsquo;il voit comme une charge contre <em>\u00ab\u00a0l\u2019homme blanc, quinquag\u00e9naire, jud\u00e9o-chr\u00e9tien\u00a0\u00bb<\/em> (qu&rsquo;on remplace par un homme bleu, quinquag\u00e9naire, jud\u00e9o-chr\u00e9tien ?) et oppose le Parth\u00e9non grec et le Forum romain au spectacle de la parade&#8230; Ignorant apparemment que si les romains ont construit des monuments durables (comme le seront nos parkings brutalistes et nos centres commerciaux, je le crains), ils n&rsquo;\u00e9taient pas les derniers lorsqu&rsquo;il s&rsquo;agissait d&rsquo;organiser des parades et des spectacles<sup><a href=\"#footnote_8_11898\" id=\"identifier_8_11898\" class=\"footnote-link footnote-identifier-link\" title=\"Et cela ne vaut pas que pour l&rsquo;Antiquit&eacute;, nos anc&ecirc;tres du Moyen-&acirc;ge ou de la Renaissance s&rsquo;y connaissaient c&eacute;l&eacute;brations, comme le raconte cet article de Tania L&eacute;vy pour Actuel-Moyen-&acirc;ge.\">8<\/a><\/sup>.<br>Fid\u00e8le \u00e0 son id\u00e9e d&rsquo;une d\u00e9cadence g\u00e9n\u00e9rale pilot\u00e9e par Bruxelles, Onfray explique que nos gouvernants sont d\u00e9connect\u00e9s de la r\u00e9alit\u00e9 de la France profonde&nbsp;:<\/p>\n\n\n\n<blockquote class=\"wp-block-quote is-layout-flow wp-block-quote-is-layout-flow\">\n<p>Ce spectacle a bien montr\u00e9 qu&rsquo;il existe deux France : celle de Paris, remplie par ceux qui nous gouvernent, celles europ\u00e9istes de droite et de gauche, des insoumis aux macronistes (\u2026) Et puis il y a la France des territoires, comme disent les premiers en utilisant le mot des \u00e9thologistes quand ils parlent des animaux qui compissent et conchient leur espace vital. La France du petit peuple qui saute des repas, qui ne mange pas \u00e0 sa faim, qui souffre la mis\u00e8re sociale dans son coin sans se plaindre.<\/p>\n<\/blockquote>\n\n\n\n<p>La majorit\u00e9 silencieuse dont parle Onfray, modeste et catholique, bless\u00e9e par le blasph\u00e8me et qui serait une version Gilets jaunes de l&rsquo;Ang\u00e9lus de Millet, n&rsquo;existe peut-\u00eatre pas tant que \u00e7a, si on se fie aux sondages sur l&rsquo;appr\u00e9ciation populaire de la C\u00e9r\u00e9monie, quasi-unanimement pl\u00e9biscit\u00e9e par ses spectateurs puisque seuls 5% d&rsquo;entre eux ont jug\u00e9 la c\u00e9r\u00e9monie <em>\u00ab\u00a0pas du tout r\u00e9ussie\u00a0\u00bb<\/em>. Peut-\u00eatre est-ce Michel Onfray qui est \u00ab\u00a0d\u00e9connect\u00e9 de la r\u00e9alit\u00e9 des fran\u00e7ais\u00a0\u00bb, allez savoir.<br>Peut-\u00eatre est-il aussi d\u00e9connect\u00e9&#8230; du reste du monde, et ce jusqu&rsquo;en Chine. En effet, le public chinois semble avoir \u00e9t\u00e9 ravi de l&rsquo;apparition de Philippe Katerine sur ses \u00e9crans. Je me demande comment les choses se sont pass\u00e9es, mais malgr\u00e9 un r\u00e8glement anti-LGBT assez strict, le diffuseur chinois a fait le choix de laisser passer ces images d&rsquo;un banquet joyeusement queer rassembl\u00e9 autour d&rsquo;un Katerine bleu et nu. L&rsquo;\u00e9v\u00e9nement a suscit\u00e9 une quantit\u00e9 de \u00ab\u00a0fan-art\u00a0\u00bb sur les r\u00e9seaux sociaux chinois.<br>Dans l&rsquo;Empire du Milieu, pas d&rsquo;inqui\u00e9tude particuli\u00e8re vis-\u00e0-vis de la C\u00e8ne. Je me demande au passage si ce personnage \u00e0 la peau bleue ne fait pas \u00e9cho \u00e0 divers protagonistes d&rsquo;histoires de d\u00e9mons ou de divinit\u00e9s asiatiques \u2014 de l&rsquo;Inde au Japon. Apparemment, Katerine-Bacchus est souvent assimil\u00e9 \u00e0 un matou&#8230; Donc un personnage doux, h\u00e9doniste, attachant et libre, si les chats chinois sont comme les n\u00f4tres.<\/p>\n\n\n\n<div class=\"wp-block-columns is-layout-flex wp-container-core-columns-is-layout-9d6595d7 wp-block-columns-is-layout-flex\">\n<div class=\"wp-block-column is-layout-flow wp-block-column-is-layout-flow\" style=\"flex-basis:100%\">\n<figure class=\"wp-block-gallery has-nested-images columns-4 is-cropped wp-block-gallery-2 is-layout-flex wp-block-gallery-is-layout-flex\">\n<figure class=\"wp-block-image size-large\"><img decoding=\"async\" width=\"647\" height=\"640\" data-id=\"11985\" src=\"https:\/\/hyperbate.fr\/castagne\/files\/2024\/07\/katerine_cn_9.jpg\" alt=\"\" class=\"wp-image-11985\" srcset=\"https:\/\/hyperbate.fr\/castagne\/files\/2024\/07\/katerine_cn_9.jpg 647w, https:\/\/hyperbate.fr\/castagne\/files\/2024\/07\/katerine_cn_9-300x297.jpg 300w, https:\/\/hyperbate.fr\/castagne\/files\/2024\/07\/katerine_cn_9-624x617.jpg 624w\" sizes=\"(max-width: 647px) 100vw, 647px\" \/><\/figure>\n\n\n\n<figure class=\"wp-block-image size-large\"><img decoding=\"async\" width=\"639\" height=\"613\" data-id=\"11987\" src=\"https:\/\/hyperbate.fr\/castagne\/files\/2024\/07\/katerine_cn_7.jpg\" alt=\"\" class=\"wp-image-11987\" srcset=\"https:\/\/hyperbate.fr\/castagne\/files\/2024\/07\/katerine_cn_7.jpg 639w, https:\/\/hyperbate.fr\/castagne\/files\/2024\/07\/katerine_cn_7-300x288.jpg 300w, https:\/\/hyperbate.fr\/castagne\/files\/2024\/07\/katerine_cn_7-624x599.jpg 624w\" sizes=\"(max-width: 639px) 100vw, 639px\" \/><\/figure>\n\n\n\n<figure class=\"wp-block-image size-large\"><img decoding=\"async\" width=\"465\" height=\"616\" data-id=\"11984\" src=\"https:\/\/hyperbate.fr\/castagne\/files\/2024\/07\/katerine_cn_6.jpg\" alt=\"\" class=\"wp-image-11984\" srcset=\"https:\/\/hyperbate.fr\/castagne\/files\/2024\/07\/katerine_cn_6.jpg 465w, https:\/\/hyperbate.fr\/castagne\/files\/2024\/07\/katerine_cn_6-226x300.jpg 226w\" sizes=\"(max-width: 465px) 100vw, 465px\" \/><\/figure>\n\n\n\n<figure class=\"wp-block-image size-large\"><img decoding=\"async\" width=\"828\" height=\"1792\" data-id=\"11986\" src=\"https:\/\/hyperbate.fr\/castagne\/files\/2024\/07\/katerine_cn_5.jpg\" alt=\"\" class=\"wp-image-11986\" srcset=\"https:\/\/hyperbate.fr\/castagne\/files\/2024\/07\/katerine_cn_5.jpg 828w, https:\/\/hyperbate.fr\/castagne\/files\/2024\/07\/katerine_cn_5-139x300.jpg 139w, https:\/\/hyperbate.fr\/castagne\/files\/2024\/07\/katerine_cn_5-768x1662.jpg 768w, https:\/\/hyperbate.fr\/castagne\/files\/2024\/07\/katerine_cn_5-710x1536.jpg 710w, https:\/\/hyperbate.fr\/castagne\/files\/2024\/07\/katerine_cn_5-624x1350.jpg 624w\" sizes=\"(max-width: 828px) 100vw, 828px\" \/><\/figure>\n\n\n\n<figure class=\"wp-block-image size-large\"><img decoding=\"async\" width=\"907\" height=\"616\" data-id=\"11988\" src=\"https:\/\/hyperbate.fr\/castagne\/files\/2024\/07\/Katerine_cn_4.jpg\" alt=\"\" class=\"wp-image-11988\" srcset=\"https:\/\/hyperbate.fr\/castagne\/files\/2024\/07\/Katerine_cn_4.jpg 907w, https:\/\/hyperbate.fr\/castagne\/files\/2024\/07\/Katerine_cn_4-300x204.jpg 300w, https:\/\/hyperbate.fr\/castagne\/files\/2024\/07\/Katerine_cn_4-768x522.jpg 768w, https:\/\/hyperbate.fr\/castagne\/files\/2024\/07\/Katerine_cn_4-624x424.jpg 624w\" sizes=\"(max-width: 907px) 100vw, 907px\" \/><\/figure>\n\n\n\n<figure class=\"wp-block-image size-large\"><img decoding=\"async\" width=\"554\" height=\"1200\" data-id=\"11990\" src=\"https:\/\/hyperbate.fr\/castagne\/files\/2024\/07\/Katerine_cn_1.png\" alt=\"\" class=\"wp-image-11990\" srcset=\"https:\/\/hyperbate.fr\/castagne\/files\/2024\/07\/Katerine_cn_1.png 554w, https:\/\/hyperbate.fr\/castagne\/files\/2024\/07\/Katerine_cn_1-139x300.png 139w\" sizes=\"(max-width: 554px) 100vw, 554px\" \/><\/figure>\n\n\n\n<figure class=\"wp-block-image size-large\"><img decoding=\"async\" width=\"576\" height=\"1200\" data-id=\"11991\" src=\"https:\/\/hyperbate.fr\/castagne\/files\/2024\/07\/Katerine_cn_3.png\" alt=\"\" class=\"wp-image-11991\" srcset=\"https:\/\/hyperbate.fr\/castagne\/files\/2024\/07\/Katerine_cn_3.png 576w, https:\/\/hyperbate.fr\/castagne\/files\/2024\/07\/Katerine_cn_3-144x300.png 144w\" sizes=\"(max-width: 576px) 100vw, 576px\" \/><\/figure>\n\n\n\n<figure class=\"wp-block-image size-large\"><img decoding=\"async\" width=\"800\" height=\"1200\" data-id=\"11989\" src=\"https:\/\/hyperbate.fr\/castagne\/files\/2024\/07\/Katerine_cn_2.jpg\" alt=\"\" class=\"wp-image-11989\" srcset=\"https:\/\/hyperbate.fr\/castagne\/files\/2024\/07\/Katerine_cn_2.jpg 800w, https:\/\/hyperbate.fr\/castagne\/files\/2024\/07\/Katerine_cn_2-200x300.jpg 200w, https:\/\/hyperbate.fr\/castagne\/files\/2024\/07\/Katerine_cn_2-768x1152.jpg 768w, https:\/\/hyperbate.fr\/castagne\/files\/2024\/07\/Katerine_cn_2-624x936.jpg 624w\" sizes=\"(max-width: 800px) 100vw, 800px\" \/><\/figure>\n<\/figure>\n<\/div>\n<\/div>\n\n\n\n<p>L&rsquo;Histoire retiendra peut-\u00eatre qu&rsquo;un mec de cinquante-cinq ans, bedonnant, presque nu et bleu, aura eu le m\u00eame effet lib\u00e9rateur pour la jeunesse chinoise que le d\u00e9hanch\u00e9 d&rsquo;Elvis ou la coupe des Beatles pour les jeunes tch\u00e8ques, allemands ou fran\u00e7ais des ann\u00e9es 1960.<\/p>\n<ol class=\"footnotes\"><li id=\"footnote_1_11898\" class=\"footnote\">Depuis, on a pu constater quelques vraies r\u00e9ussites dans l&rsquo;organisation&nbsp;: ce sont les premiers jeux olympiques \u00e0 obtenir la parit\u00e9 sexuelle parfaite\u202f; les jeux paralympiques, qui vont suivre, sont constamment valoris\u00e9s\u202f; plut\u00f4t que de construire de co\u00fbteux \u00e9quipements sportifs, les organisateurs ont cr\u00e9\u00e9 des stades temporaires dans des lieux bien choisis (Grand Palais, Jardins de Versailles&#8230;)\u202f; la r\u00e9silience face \u00e0 des sabotages intentionnels du r\u00e9seau de communication et du r\u00e9seau ferroviaire\u202f; la cr\u00e9ation d&rsquo;une identit\u00e9 visuelle plut\u00f4t int\u00e9ressante&#8230; Le pire b\u00e9mol \u00e0 l&rsquo;heure o\u00f9 j&rsquo;\u00e9cris, c&rsquo;est le syst\u00e8me de restauration collectives&nbsp;: mal pay\u00e9s, 300 employ\u00e9s temporaires ont d\u00e9missionn\u00e9, et les athl\u00e8tes grognent face \u00e0 la pi\u00e8tre qualit\u00e9 de la nourriture&#8230; Un peu honteux pour un pays de gastronomie. <span class=\"footnote-back-link-wrapper\"> [<a href=\"#identifier_1_11898\" class=\"footnote-link footnote-back-link\">&#8617;<\/a>]<\/span><\/li><li id=\"footnote_2_11898\" class=\"footnote\">Les R\u00e9volutionnaires ont d\u00e9capit\u00e9 le roi \u2014 y compris ceux qui \u00e9taient oppos\u00e9s \u00e0 la peine de mort \u2014 car c&rsquo;\u00e9tait le moyen symbolique pour acter la fin du pouvoir royal, apr\u00e8s l&rsquo;\u00e9chec d&rsquo;une promesse de monarchie constitutionnelle. Marie-Antoinette, victime collat\u00e9rale, avait quant \u00e0 elle subi des ann\u00e9es de rumeurs malveillantes et sexistes, ainsi d&rsquo;une forme de x\u00e9nophobie (<em>\u00ab\u00a0l&rsquo;\u00e9trang\u00e8re\u00a0\u00bb<\/em>, <em>\u00ab\u00a0l&rsquo;autrichienne\u00a0\u00bb<\/em>)&#8230; Sa mort symbolise la fin d&rsquo;un si\u00e8cle \u00ab\u00a0f\u00e9minin\u00a0\u00bb \u2014 qu&rsquo;on se rappelle qu&rsquo;il n&rsquo;y a plus eu de femme acad\u00e9micienne des Beaux-Arts pendant les deux si\u00e8cles qui ont suivi \u2014 et l&rsquo;institution de loi phallocratiques port\u00e9es par les r\u00e9volutionnaires, par l&rsquo;Empereur, et jusqu&rsquo;assez r\u00e9cemment,&#8230; <br>On peut n\u00e9anmoins se dire que c&rsquo;est le sens du <em>\u00ab\u00a0\u00e7a ira\u00a0\u00bb<\/em> que les organisateurs font chanter \u00e0 Marie-Antoinette&nbsp;: le temps passe et finit par panser les plaies du pass\u00e9. <span class=\"footnote-back-link-wrapper\"> [<a href=\"#identifier_2_11898\" class=\"footnote-link footnote-back-link\">&#8617;<\/a>]<\/span><\/li><li id=\"footnote_3_11898\" class=\"footnote\">On me fait remarquer que ce choix d&rsquo;une peau bleue n&rsquo;a pas fait particuli\u00e8rement d\u00e9bat et n&rsquo;a pas \u00e9t\u00e9 justifi\u00e9. Pour ma part, je suppose qu&rsquo;il sert essentiellement \u00e0 \u00e9viter l&rsquo;impression g\u00eanante que provoquerait la vision du m\u00eame personnage avec la peau rose&#8230; <span class=\"footnote-back-link-wrapper\"> [<a href=\"#identifier_3_11898\" class=\"footnote-link footnote-back-link\">&#8617;<\/a>]<\/span><\/li><li id=\"footnote_4_11898\" class=\"footnote\">Citons <a href=\"https:\/\/legrandcontinent.eu\/fr\/2024\/07\/30\/oui-ca-ira-une-conversation-fleuve-avec-patrick-boucheron-co-auteur-de-la-ceremonie-douverture-des-jo-de-paris-2024\/\" data-type=\"link\" data-id=\"https:\/\/legrandcontinent.eu\/fr\/2024\/07\/30\/oui-ca-ira-une-conversation-fleuve-avec-patrick-boucheron-co-auteur-de-la-ceremonie-douverture-des-jo-de-paris-2024\/\" target=\"_blank\" rel=\"noreferrer noopener\">Patrick Boucheron<\/a>, historien et consultant pour la c\u00e9r\u00e9monie&nbsp;: <em>\u00ab\u00a0Maintenant, ne soyons pas na\u00effs&nbsp;: cette pol\u00e9mique est tout sauf spontan\u00e9e, l\u2019image en question n\u2019aurait choqu\u00e9e personne si certains ne l\u2019avaient pas faite advenir en la montrant du doigt, elle n\u2019aurait bless\u00e9 personne si on ne s\u2019\u00e9tait pas acharn\u00e9 \u00e0 la pr\u00e9tendre blessante. Et qui \u00e7a on&nbsp;? Ceux qui ont int\u00e9r\u00eat \u00e0 cliver, \u00e0 s\u00e9parer, \u00e0 d\u00e9sunir. Ils \u00e9taient furieux de voir que la c\u00e9r\u00e9monie produisait une \u00e9motion puissante et g\u00e9n\u00e9ralis\u00e9e, ils s\u2019engouffraient dans la br\u00e8che pour manifester cet art de d\u00e9tester dont ils sont les virtuoses, et qu\u2019on leur laisse bien volontiers.\u00a0\u00bb<\/em><span class=\"footnote-back-link-wrapper\"> [<a href=\"#identifier_4_11898\" class=\"footnote-link footnote-back-link\">&#8617;<\/a>]<\/span><\/li><li id=\"footnote_5_11898\" class=\"footnote\">Voir la cat\u00e9gorie <a href=\"https:\/\/commons.wikimedia.org\/wiki\/Category:Biblical_paintings_by_Jan_van_Bijlert\" data-type=\"link\" data-id=\"https:\/\/commons.wikimedia.org\/wiki\/Category:Biblical_paintings_by_Jan_van_Bijlert\" target=\"_blank\" rel=\"noreferrer noopener\"><em>Biblical paintings by Jan van Bijlert<\/em><\/a> sur Wikimedia Commons. <span class=\"footnote-back-link-wrapper\"> [<a href=\"#identifier_5_11898\" class=\"footnote-link footnote-back-link\">&#8617;<\/a>]<\/span><\/li><li id=\"footnote_6_11898\" class=\"footnote\">On peut notamment lire <em><a href=\"https:\/\/www.academia.edu\/30000077\/La_Ce_ne_et_les_autres_festins_bre_ves_remarques_sur_l_iconographie_des_repas_sacre_s_et_profanes\" data-type=\"link\" data-id=\"https:\/\/www.academia.edu\/30000077\/La_Ce_ne_et_les_autres_festins_bre_ves_remarques_sur_l_iconographie_des_repas_sacre_s_et_profanes\" target=\"_blank\" rel=\"noreferrer noopener\">La C\u00e8ne et les autres festins : br\u00e8ves remarques sur l&rsquo;iconographie des repas sacr\u00e9s et profanes<\/a><\/em> (dans <em>Th\u00e8mes religieux et th\u00e8mes profanes dans l&rsquo;image m\u00e9di\u00e9vale\u00a0: transferts, emprunts, oppositions<\/em>, \u00e9d. Brepols 2014), par David Jonathan Benrubi, qui raconte que la repr\u00e9sentation de la C\u00e8ne a \u00e9t\u00e9 au Moyen-\u00e2ge un point de tension entre le sacr\u00e9 et le profane\u00a0: le dernier repas, devenu un point fondamental du rite chr\u00e9tien \u2014 l&rsquo;Eucharistie \u2014, est aussi un repas, un \u00ab\u00a0espace dangereux\u00a0\u00bb (s\u00e9culier, trivial, mixte, peccamineux \u2014 la gourmandise \u00e9tant un p\u00e9ch\u00e9 capital\u202f!) que les autorit\u00e9s religieuses m\u00e9di\u00e9vales voudraient moraliser. <span class=\"footnote-back-link-wrapper\"> [<a href=\"#identifier_6_11898\" class=\"footnote-link footnote-back-link\">&#8617;<\/a>]<\/span><\/li><li id=\"footnote_7_11898\" class=\"footnote\">Je note que, toujours tr\u00e8s attentifs aux sondages d&rsquo;opinion et continuant leur strat\u00e9gie de maintien des ambigu\u00eft\u00e9s (laissant chacun croire partager leurs opinions plut\u00f4t que de risquer de s&rsquo;ali\u00e9ner une part de leur \u00e9lectorat), Marine Le Pen et Jordan Bardella se sont bien gard\u00e9s d&rsquo;\u00e9mettre un avis sur la c\u00e9r\u00e9monie.<span class=\"footnote-back-link-wrapper\"> [<a href=\"#identifier_7_11898\" class=\"footnote-link footnote-back-link\">&#8617;<\/a>]<\/span><\/li><li id=\"footnote_8_11898\" class=\"footnote\">Et cela ne vaut pas que pour l&rsquo;Antiquit\u00e9, nos anc\u00eatres du Moyen-\u00e2ge ou de la Renaissance s&rsquo;y connaissaient c\u00e9l\u00e9brations, comme le raconte <a href=\"https:\/\/actuelmoyenage.wordpress.com\/2024\/08\/02\/entrees-royales-et-olympiques\/\" data-type=\"link\" data-id=\"https:\/\/actuelmoyenage.wordpress.com\/2024\/08\/02\/entrees-royales-et-olympiques\/\" target=\"_blank\" rel=\"noreferrer noopener\">cet article de Tania L\u00e9vy pour Actuel-Moyen-\u00e2ge<\/a>.<span class=\"footnote-back-link-wrapper\"> [<a href=\"#identifier_8_11898\" class=\"footnote-link footnote-back-link\">&#8617;<\/a>]<\/span><\/li><\/ol>","protected":false},"excerpt":{"rendered":"<p>Je ne suis pas sportif, je ne suis pas commentateur sportif de canap\u00e9 ni m\u00eame spectateur de canap\u00e9, et des Jeux Olympiques de Paris, je ne voyais que les inconv\u00e9nients, entre les travaux, la surench\u00e8re s\u00e9curitaire, les th\u00e8mes sportifs impos\u00e9s aux animateurs culturels, le co\u00fbt pharaonique1&#8230; Mais bon, j&rsquo;ai regard\u00e9 la c\u00e9r\u00e9monie d&rsquo;ouverture. Je ne [&hellip;]<\/p>\n","protected":false},"author":1,"featured_media":0,"comment_status":"open","ping_status":"open","sticky":false,"template":"","format":"standard","meta":{"footnotes":""},"categories":[19,5,6],"tags":[],"class_list":["post-11898","post","type-post","status-publish","format-standard","hentry","category-chanson","category-identites","category-religion"],"_links":{"self":[{"href":"https:\/\/hyperbate.fr\/castagne\/wp-json\/wp\/v2\/posts\/11898","targetHints":{"allow":["GET"]}}],"collection":[{"href":"https:\/\/hyperbate.fr\/castagne\/wp-json\/wp\/v2\/posts"}],"about":[{"href":"https:\/\/hyperbate.fr\/castagne\/wp-json\/wp\/v2\/types\/post"}],"author":[{"embeddable":true,"href":"https:\/\/hyperbate.fr\/castagne\/wp-json\/wp\/v2\/users\/1"}],"replies":[{"embeddable":true,"href":"https:\/\/hyperbate.fr\/castagne\/wp-json\/wp\/v2\/comments?post=11898"}],"version-history":[{"count":3,"href":"https:\/\/hyperbate.fr\/castagne\/wp-json\/wp\/v2\/posts\/11898\/revisions"}],"predecessor-version":[{"id":12052,"href":"https:\/\/hyperbate.fr\/castagne\/wp-json\/wp\/v2\/posts\/11898\/revisions\/12052"}],"wp:attachment":[{"href":"https:\/\/hyperbate.fr\/castagne\/wp-json\/wp\/v2\/media?parent=11898"}],"wp:term":[{"taxonomy":"category","embeddable":true,"href":"https:\/\/hyperbate.fr\/castagne\/wp-json\/wp\/v2\/categories?post=11898"},{"taxonomy":"post_tag","embeddable":true,"href":"https:\/\/hyperbate.fr\/castagne\/wp-json\/wp\/v2\/tags?post=11898"}],"curies":[{"name":"wp","href":"https:\/\/api.w.org\/{rel}","templated":true}]}}