{"id":10776,"date":"2022-12-24T15:00:32","date_gmt":"2022-12-24T14:00:32","guid":{"rendered":"https:\/\/hyperbate.fr\/castagne\/?p=10776"},"modified":"2022-12-28T10:36:36","modified_gmt":"2022-12-28T09:36:36","slug":"art-liberte-et-responsabilite","status":"publish","type":"post","link":"https:\/\/hyperbate.fr\/castagne\/2022\/12\/24\/art-liberte-et-responsabilite\/","title":{"rendered":"Art, libert\u00e9, et responsabilit\u00e9"},"content":{"rendered":"\n<p><em>(contexte : apr\u00e8s quelques jours d&rsquo;agitation m\u00e9diatique cons\u00e9cutive \u00e0 l&rsquo;annonce de la tenue d&rsquo;une exposition laissant \u00ab\u00a0carte blanche\u00a0\u00bb \u00e0 Bastien Viv\u00e8s, accus\u00e9 de publications p\u00e9dopornographiques et de propos insultants et mena\u00e7ants envers une cons\u0153ur autrice de bande dessin\u00e9e, le Festival d&rsquo;Angoul\u00eame choisit de d\u00e9programmer l&rsquo;\u00e9v\u00e9nement) <\/em><\/p>\n\n\n\n<p>Une fois que les opinions sont s\u00e9diment\u00e9es sur un sujet, tout nouveau discours n&rsquo;est abord\u00e9 qu&rsquo;avec l&rsquo;impatience de d\u00e9cider s&rsquo;il faut l&rsquo;applaudir ou le honnir, et, partant, si celui qui parle est ami ou ennemi. Si vous vous sentez dans cet \u00e9tat d&rsquo;esprit, abandonnez d\u00e8s maintenant la lecture de cet article, il ne vous sera pas utile.<\/p>\n\n\n\n<figure class=\"wp-block-image size-full\"><img decoding=\"async\" width=\"792\" height=\"704\" src=\"https:\/\/hyperbate.fr\/castagne\/files\/2022\/12\/image-2.png\" alt=\"\" class=\"wp-image-10908\" srcset=\"https:\/\/hyperbate.fr\/castagne\/files\/2022\/12\/image-2.png 792w, https:\/\/hyperbate.fr\/castagne\/files\/2022\/12\/image-2-300x267.png 300w, https:\/\/hyperbate.fr\/castagne\/files\/2022\/12\/image-2-768x683.png 768w, https:\/\/hyperbate.fr\/castagne\/files\/2022\/12\/image-2-624x555.png 624w\" sizes=\"(max-width: 792px) 100vw, 792px\" \/><figcaption class=\"wp-element-caption\"><em>Dans mes yeux<\/em>, publi\u00e9 par Bastien Viv\u00e8s (alors \u00e2g\u00e9 de vingt-cinq ans) en 2009.<\/figcaption><\/figure>\n\n\n\n<p>Je reconnais du talent \u00e0 Bastien Viv\u00e8s, mais je n&rsquo;ai jamais \u00e9t\u00e9 vraiment int\u00e9ress\u00e9 par son \u0153uvre. Lorsqu&rsquo;il d\u00e9butait, j&rsquo;avais \u00e9t\u00e9 \u00e9pat\u00e9 par sa maturit\u00e9 graphique (<em>Le go\u00fbt du chlore<\/em>, <em>Dans mes yeux<\/em>), mais depuis, j&rsquo;ai du mal \u00e0 me passionner par son syst\u00e8me, que je peine \u00e0 juger autrement que superficiel visuellement (j&rsquo;ai toujours l&rsquo;impression de voir ce qu&rsquo;on nommait nagu\u00e8re en communication des <em>roughs<\/em>). Cependant, il serait malvenu que j&rsquo;aie une opinion d\u00e9finitive, car, soyons tr\u00e8s honn\u00eates, je n&rsquo;ai pas lu grand chose de lui derni\u00e8rement. Il me semble que j&rsquo;ai entam\u00e9 la lecture de son <em>Cortomaltese<\/em>, mais je ne me souviens pas de ce que j&rsquo;en ai pens\u00e9 ni si je l&rsquo;ai termin\u00e9 ce qui signe peut-\u00eatre avant tout mon indiff\u00e9rence au projet d&rsquo;un <em>Cortomaltese<\/em> qui ne soit pas de la main d&rsquo;Hugo Pratt.<br>De par ses positions publiques les plus insupportables \u2014 celles qui ont servi \u00e0 instruire son proc\u00e8s sur les r\u00e9seaux sociaux \u2014, il me renvoie l&rsquo;image d&rsquo;un ado attard\u00e9, avec tout ce que \u00e7a implique en termes d&rsquo;incons\u00e9quence et d&rsquo;insensibilit\u00e9, de l\u00e9g\u00e8ret\u00e9 au plus mauvais sens du terme. Et quand il semble \u00e9motionnellement impliqu\u00e9, c&rsquo;est en s&rsquo;en prenant \u00e0 l&rsquo;autrice Emma Clit, dans des termes assez ignobles, ind\u00e9fendables et, l\u00e0 encore, d&rsquo;une insensibilit\u00e9 crasse (<em>\u00ab\u00a0On devrait buter son gosse\u00a0\u00bb<\/em>). Les mots, certes, ne sont que des mots, mais ils ont un poids et ils peuvent faire mal. Viv\u00e8s accuse les r\u00e9seaux sociaux de l&rsquo;avoir <em>\u00ab\u00a0rendu con\u00a0\u00bb<\/em>, et c&rsquo;est un fait, ces agoras ne r\u00e9ussissent pas \u00e0 tout le monde, mais de m\u00eame que tout le monde n&rsquo;a pas \u00ab\u00a0l&rsquo;alcool mauvais\u00a0\u00bb, on est en droit de se demander si les r\u00e9seaux sociaux, en supprimant quelques filtres, ne font pas que d\u00e9sinhiber une mentalit\u00e9 latente. En intitulant un album pornographique <em>La d\u00e9charge mentale<\/em>, bien apr\u00e8s avoir quitt\u00e9 Facebook, Viv\u00e8s fait une allusion transparente au sujet de la \u00ab\u00a0charge mentale\u00a0\u00bb qui a amen\u00e9 le succ\u00e8s \u00e0 Emma Clit, et on peut se demander quelle est la part du clin d&rsquo;\u0153il est quelle est la part de l&rsquo;acharnement<sup><a href=\"#footnote_1_10776\" id=\"identifier_1_10776\" class=\"footnote-link footnote-identifier-link\" title=\"L&rsquo;&eacute;diteur, Les Requins marteaux, explique ne pas avoir eu connaissance de la r&eacute;f&eacute;rence et avoir &agrave; l&rsquo;&eacute;poque tent&eacute; de convaincre Viv&egrave;s de choisir un titre plus clair. Mais l&rsquo;auteur y tenait.\">1<\/a><\/sup>. L&rsquo;argument des r\u00e9seaux-sociaux-qui-abrutissent ne tient plus, puisqu&rsquo;il s&rsquo;agit d&rsquo;un livre, et Viv\u00e8s semble d\u00e9voiler ici que son hostilit\u00e9 \u00e0 Emma n&rsquo;est pas tant due \u00e0 la m\u00e9diocrit\u00e9 de son dessin qu&rsquo;au caract\u00e8re f\u00e9ministe et engag\u00e9 de son propos et, peut-\u00eatre aussi, \u00e0 la popularit\u00e9 d&rsquo;icelui<sup><a href=\"#footnote_2_10776\" id=\"identifier_2_10776\" class=\"footnote-link footnote-identifier-link\" title=\"Utiliser la pornographie pour dominer, moquer, est-ce une transposition symbolique du viol, o&ugrave; le sexe &mdash; activit&eacute; qui devrait &ecirc;tre id&eacute;alement plaisante pour ceux qui y participent &mdash; sert &agrave; causer de la souffrance, de l&rsquo;humiliation ?\">2<\/a><\/sup>.<\/p>\n\n\n<div class=\"wp-block-image\">\n<figure class=\"aligncenter size-full is-resized\"><img decoding=\"async\" src=\"https:\/\/hyperbate.fr\/castagne\/files\/2022\/12\/image-3.png\" alt=\"\" class=\"wp-image-10911\" width=\"617\" height=\"565\" srcset=\"https:\/\/hyperbate.fr\/castagne\/files\/2022\/12\/image-3.png 617w, https:\/\/hyperbate.fr\/castagne\/files\/2022\/12\/image-3-300x275.png 300w\" sizes=\"(max-width: 617px) 100vw, 617px\" \/><figcaption class=\"wp-element-caption\"><em><a rel=\"noreferrer noopener\" href=\"https:\/\/emmaclit.com\/2017\/05\/09\/repartition-des-taches-hommes-femmes\/\" target=\"_blank\">Fallait demander<\/a><\/em>, par Emma Clit. L&rsquo;autrice est la premi\u00e8re \u00e0 dire qu&rsquo;elle n&rsquo;est pas une grande dessinatrice, mais son travail, n&rsquo;en d\u00e9plaise \u00e0 ses d\u00e9tracteurs, touche une corde sensible, puisqu&rsquo;il a \u00e9t\u00e9 amplement relay\u00e9. Et ce n&rsquo;est sans doute pas pour son seul sujet que cette bande dessin\u00e9e a connu le succ\u00e8s (sur les r\u00e9seaux sociaux mais ensuite sous forme d&rsquo;albums, aux ventes certainement sup\u00e9rieures \u00e0 celles des albums pornographiques de Viv\u00e8s) : l&rsquo;absence de sophistication graphique ostentatoire cr\u00e9e une proximit\u00e9 avec les lecteurs et les expos\u00e9s sont plut\u00f4t bien men\u00e9s, en tout cas sur les sujets f\u00e9ministes \u2014 elle traite aussi de questions telles que la gestion de la pand\u00e9mie par le gouvernement, les violences polici\u00e8res ou le r\u00e9chauffement climatique, mais, hmmm, faites-vous votre opinion par vous-m\u00eames. <\/figcaption><\/figure>\n<\/div>\n\n\n<p>Bref, Viv\u00e8s est sans doute un sale m\u00f4me avant tout, qui a au fond peut-\u00eatre un peu de mal \u00e0 accepter que les femmes ne soient pas des objets. En tout cas, il raconte que ce qui l&rsquo;int\u00e9resse, ce qui caract\u00e9rise son \u0153uvre, c&rsquo;est l&rsquo;\u00e9tude de la naissance du sentiment amoureux, et j&rsquo;imagine que \u00e7a implique une forme d&rsquo;aversion pour ce qui suit : construire, durer, laisser l&rsquo;autre exister au del\u00e0 de ce qu&rsquo;on projette sur lui. Sans doute \u00e9voque-t-il (dans son \u0153uvre ou ses propos) des th\u00e8mes tels que la p\u00e9dophilie ou l&rsquo;inceste avec une r\u00e9currence un peu inqui\u00e9tante, car malgr\u00e9 le masque de l&rsquo;humour, de la transgression et de la provocation, il y a peut-\u00eatre quelque chose de visc\u00e9ralement ancr\u00e9. Il n&rsquo;est en revanche a priori coupable d&rsquo;aucun crime lui-m\u00eame, rien \u00e0 voir avec Gabriel Matzneff, \u00e0 qui il est pourtant r\u00e9guli\u00e8rement compar\u00e9, qui passait spontan\u00e9ment aux aveux avec une insoutenable satisfaction. <\/p>\n\n\n\n<p>L&rsquo;ambition artistique, esth\u00e9tique, po\u00e9tique, la transgression, l&rsquo;humour, la fantaisie, le fantasme, ou tout b\u00eatement la fiction, peuvent \u00eatre autant de faux-nez pour des pulsions douteuses, des moyens pour faire passer des id\u00e9es inconscientes ou subconscientes, des d\u00e9mons que l&rsquo;on ne saurait assumer frontalement (socialement ou vis-\u00e0-vis de soi-m\u00eame) : profiter, dominer, agresser, assassiner,&#8230; D\u00e8s lors, est-ce que la cr\u00e9ation est l&rsquo;outil d&rsquo;un sain d\u00e9foulement, d&rsquo;une vidange psychique ? Une forme d&rsquo;hygi\u00e8ne mentale ? Voire une une transsubstantiation, une transmutation, la transformation du plomb en or ?<br>On se doute en tout cas que \u00e7a ne peut pas vouloir rien dire du tout, et si effectivement les \u0153uvres pornographiques de Bastien Viv\u00e8s contiennent syst\u00e9matiquement des allusions \u00e0 la p\u00e9dophilie et \u00e0 l&rsquo;inceste<sup><a href=\"#footnote_3_10776\" id=\"identifier_3_10776\" class=\"footnote-link footnote-identifier-link\" title=\"J&rsquo;&eacute;cris &laquo;&nbsp;si&nbsp;&raquo;, car je n&rsquo;en sais rien, je n&rsquo;ai pas lu Petit Paul, Les Melons de la col&egrave;re ou encore La d&eacute;charge mentale. Et je n&rsquo;ai pas envie de le faire. Un des gros probl&egrave;mes dans le d&eacute;bat actuel est que peu de gens les ont lus, les ventes de ces albums sont n&eacute;gligeables (pour un auteur de best-sellers) et il y a beaucoup plus de gens qui ont un avis tranch&eacute; que de gens qui ont un avis fond&eacute;. Je note que personne n&rsquo;a parl&eacute; du dernier album pornographique de Viv&egrave;s, Burne Out, qui, si je me fie au synopsis sur le site de l&rsquo;&eacute;diteur, met en sc&egrave;ne un premier ministre au centre d&rsquo;un shitstorm lorsque l&rsquo;on r&eacute;v&egrave;le qu&rsquo;il est amateur de mangas pornographiques. Il doit alors s&rsquo;excuser publiquement. Voil&agrave; qui fait &eacute;tonnamment &eacute;cho &agrave; la situation actuelle de l&rsquo;auteur.\">3<\/a><\/sup>, il est l\u00e9gitime de se demander (et en tout cas lui devrait se le demander) par quoi il est hant\u00e9, et pourquoi. Peut-\u00eatre est-il seulement tributaire \u2014ce ne serait pas inattendu pour quelqu&rsquo;un qui est n\u00e9 au milieu des ann\u00e9es 1980 d&rsquo;une culture manga adulte, qui peut se montrer particuli\u00e8rement complaisante vis-\u00e0-vis des violences sexuelles, du sexisme et m\u00eame de la p\u00e9dophilie et de l&rsquo;inceste.<\/p>\n\n\n\n<figure class=\"wp-block-image size-full\"><img decoding=\"async\" width=\"699\" height=\"705\" src=\"https:\/\/hyperbate.fr\/castagne\/files\/2022\/12\/image.png\" alt=\"\" class=\"wp-image-10848\" srcset=\"https:\/\/hyperbate.fr\/castagne\/files\/2022\/12\/image.png 699w, https:\/\/hyperbate.fr\/castagne\/files\/2022\/12\/image-297x300.png 297w, https:\/\/hyperbate.fr\/castagne\/files\/2022\/12\/image-150x150.png 150w, https:\/\/hyperbate.fr\/castagne\/files\/2022\/12\/image-624x629.png 624w\" sizes=\"(max-width: 699px) 100vw, 699px\" \/><figcaption class=\"wp-element-caption\"><a rel=\"noreferrer noopener\" href=\"https:\/\/www.instagram.com\/p\/Cl5tIhINW7v\/\" target=\"_blank\">Sur Instagram<\/a>, Bastien Viv\u00e8s se repr\u00e9sente allant au poste de police pour parler du harc\u00e8lement dont il fait l&rsquo;objet sur les r\u00e9seaux sociaux mais alors qu&rsquo;il explique ce qui est reproch\u00e9 son \u0153uvre, il finit par passer du statut de victime \u00e0 celui de suspect. Cette s\u00e9quence est assez dr\u00f4le mais elle sonne comme une forme d&rsquo;aveu : en disant \u00e0 haute voix le contenu de ses bandes dessin\u00e9es, l&rsquo;auteur constate ce qu&rsquo;il renvoie&#8230;<br>J&rsquo;ai lu une fois que les enqu\u00eateurs de police ne riaient pas avec l&rsquo;humour, en mati\u00e8re criminelle, car ce moyen d&rsquo;obtenir la sympathie ou la connivence sert aussi \u00e0 lancer des perches, \u00e0 tester ce qui est admissible et les cons\u00e9quences qu&rsquo;auront un aveu.<\/figcaption><\/figure>\n\n\n\n<p>Je dois pourtant dire que quand j&rsquo;entends parler de p\u00e9dophilie, je tends l&rsquo;oreille avec m\u00e9fiance, car je sais que ce crime a plus d&rsquo;une fois servi de pr\u00e9texte \u00e0 bien autre chose que la d\u00e9fense de ses victimes. C&rsquo;est en confondant malhonn\u00eatement homosexualit\u00e9 et p\u00e9dophilie qu&rsquo;on brimait les homosexuels, il n&rsquo;y a pas si longtemps ; c&rsquo;est au pr\u00e9texte de surveiller quelques centaines de criminels sexuels multi-r\u00e9cidivistes qu&rsquo;a \u00e9t\u00e9 cr\u00e9\u00e9 le fichier national d&#8217;empreintes g\u00e9n\u00e9tiques, qui conserve d\u00e9sormais plus de 5 millions d&rsquo;\u00e9chantillons diff\u00e9rents, dont des centaines de milliers de simples manifestants ; c&rsquo;est le spectre de r\u00e9seaux p\u00e9dopornographiques<sup><a href=\"#footnote_4_10776\" id=\"identifier_4_10776\" class=\"footnote-link footnote-identifier-link\" title=\"Les diverses lois r&eacute;duisant la libert&eacute; d&rsquo;expression sur Internet sont propos&eacute;es au nom de la lutte contre le terrorisme, ou au nom de la lutte contre la p&eacute;dopornographie. Pourtant, sur ce dernier domaine, il n&rsquo;existe pas vraiment d&rsquo;estimations sur l&rsquo;ampleur r&eacute;elle du ph&eacute;nom&egrave;ne ni sur l&rsquo;efficacit&eacute; des mesures de censure : je me souviens d&rsquo;un policier des renseignements g&eacute;n&eacute;raux (ou peut-&ecirc;tre d&eacute;j&agrave; de la DGSI) qui craignait que ces mesures soient contre-productives, en poussant les criminels &agrave; une forme efficace de clandestinit&eacute;, et en emp&ecirc;chant les autorit&eacute;s d&rsquo;enqu&ecirc;ter.\">4<\/a><\/sup> qui sert \u00e0 faire passer des lois de censure automatis\u00e9e ou qui alimente les plus v\u00e9n\u00e9neuses rumeurs complotistes. Et si tout \u00e7a est possible, c&rsquo;est parce qu&rsquo;il n&rsquo;y a rien de plus universellement r\u00e9pugnant que la p\u00e9docriminalit\u00e9. C&rsquo;est un sujet qui provoque chez chacun de nous un profond malaise et personne n&rsquo;aimerait se voir accuser d&rsquo;avoir quoi que ce soit \u00e0 voir avec les p\u00e9dophiles. Le crime est si odieux, en v\u00e9rit\u00e9, qu&rsquo;on a vite peur d&rsquo;\u00eatre accus\u00e9 de complaisance si on r\u00e9clame des preuve qu&rsquo;il a bien \u00e9t\u00e9 commis. Le crime est si d\u00e9go\u00fbtant qu&rsquo;on a la naus\u00e9e \u00e0 l&rsquo;id\u00e9e que quelqu&rsquo;un s&rsquo;en d\u00e9lecte, f\u00fbt-ce sous forme de dessins d&rsquo;imagination et avec un sc\u00e9nario idiot<sup><a href=\"#footnote_5_10776\" id=\"identifier_5_10776\" class=\"footnote-link footnote-identifier-link\" title=\"Je n&rsquo;ai pas lu Petit Paul, mais si je me fie au synopsis &mdash; un gar&ccedil;onnet poursuivi des ardeurs de toutes les femmes du fait de son sexe de quatre-vingt centim&egrave;tres \u2012 ne correspond &agrave; ma connaissance &agrave; aucun fantasme courant !\">5<\/a><\/sup>, et qu&rsquo;on est r\u00e9volt\u00e9 \u00e0 l&rsquo;id\u00e9e que quelqu&rsquo;un gagne de l&rsquo;argent en titillant des passions abjectes.<\/p>\n\n\n\n<figure class=\"wp-block-image size-full is-resized\"><img decoding=\"async\" src=\"https:\/\/hyperbate.fr\/castagne\/files\/2022\/12\/image-9.png\" alt=\"\" class=\"wp-image-10950\" width=\"653\" height=\"438\" srcset=\"https:\/\/hyperbate.fr\/castagne\/files\/2022\/12\/image-9.png 865w, https:\/\/hyperbate.fr\/castagne\/files\/2022\/12\/image-9-300x202.png 300w, https:\/\/hyperbate.fr\/castagne\/files\/2022\/12\/image-9-624x420.png 624w\" sizes=\"(max-width: 653px) 100vw, 653px\" \/><figcaption class=\"wp-element-caption\">La loi du 29 juillet 1881, tout en conf\u00e9rant \u00e0 la presse un niveau de libert\u00e9 qui n&rsquo;a \u00e9t\u00e9 d\u00e9pass\u00e9 que pendant quelques mois de la R\u00e9volution, a tenu \u00e0 condamner l&rsquo;obsc\u00e9nit\u00e9 dessin\u00e9e, grav\u00e9e, peinte (mais le texte, lui, n&rsquo;est pas mentionn\u00e9 !). Ce passage du texte n&rsquo;a \u00e9t\u00e9 abrog\u00e9 qu&rsquo;en 1939. Je lis ici, comme dans l&rsquo;affaire qui sert de pr\u00e9texte \u00e0 ce billet, une illustration du pouvoir magique du dessin. Un b\u00eate trait sur du papier, une t\u00e2che, pour ainsi dire, suffit \u00e0 cr\u00e9er un monde, une r\u00e9alit\u00e9, il peut heurter, il peut faire rire, il peut provoquer l&rsquo;excitation sexuelle, le d\u00e9go\u00fbt, il peut \u00e9mouvoir, il suffit de changer un tout petit peu la taille ou la direction d&rsquo;un sourcil dessin\u00e9 pour cr\u00e9er une expression, donner vie \u00e0 un personnage&#8230; J&rsquo;avoue que je trouve \u00e7a beau.<\/figcaption><\/figure>\n\n\n\n<p>Si le fait que l&rsquo;\u00e9motion passe avant la raison est un probl\u00e8me, on ne saurait chasser d&rsquo;un revers de main toute critique port\u00e9e envers une \u0153uvre en opposant la libert\u00e9 sup\u00e9rieure de l&rsquo;artiste. Les artistes sont responsables de leurs \u0153uvres, c&rsquo;est m\u00eame la caract\u00e9ristique premi\u00e8re de leur statut. L&rsquo;art peut \u00eatre le fruit d&rsquo;une n\u00e9cessit\u00e9 int\u00e9rieure pour celle ou celui qui le produit, qui l&rsquo;\u00e9met, peut m\u00eame \u00eatre un moyen d&rsquo;exorciser des obsessions malsaines, mais il a aussi un effet potentiel sur les spectateurs qui le re\u00e7oivent. Pendant les quelques si\u00e8cles qui ont forg\u00e9 notre notion moderne d&rsquo;Art on a voulu croire que cet effet ne pouvait \u00eatre que d&rsquo;une nature noble : d\u00e9lectation esth\u00e9tique, transcendance des passions, \u00e9merveillement, m\u00e9ditation sur la condition humaine,&#8230; Et puis notre familiarit\u00e9 croissante avec le domaine de la communication, de la r\u00e9clame, ainsi que l&rsquo;anthropologie culturelle, l&rsquo;iconologie, la th\u00e9orie critique, le structuralisme, la s\u00e9miologie, nous ont fait perdre un peu de notre na\u00efvet\u00e9 : l&rsquo;art n&rsquo;est pas que de l&rsquo;art, la fiction n&rsquo;est pas que la fiction, ce peuvent \u00eatre des sympt\u00f4mes, des maux, de la propagande (au sens le plus d\u00e9passionn\u00e9 du terme), des modes d&#8217;emploi, des outils qui exposent ce qui rel\u00e8ve de la doxa, et\/ou qui conforment cette doxa, qui rendent acceptables ou familiers des points de vue qui nagu\u00e8re nous semblaient incongrus ou r\u00e9voltants.<br>L&rsquo;art et la fiction en sont m\u00eame devenus des terrains id\u00e9ologiques de premier plan, et dans les industries culturelles de masse, chez <em>Marvel<\/em>, chez <em>Disney<\/em>, le hasard a peu de place, les choix de sc\u00e9nario ou de distribution ont souvent une raison d&rsquo;\u00eatre id\u00e9ologique (encore, au sens le plus d\u00e9passionn\u00e9 du terme, vouloir utiliser la fiction pour promouvoir un certain mod\u00e8le de soci\u00e9t\u00e9 n&rsquo;est pas un mal en soi, tout d\u00e9pend du mod\u00e8le en question !) : d\u00e9signer les oppressions ; f\u00e9miniser un personnage ; donner une place \u00e0 des orientations sexuelles jusqu&rsquo;ici silenci\u00e9es ou m\u00e9pris\u00e9es ; donner une place \u00e0 des personnes non-blanches ; cesser d&rsquo;objectiver et d&rsquo;enfermer dans des clich\u00e9s toute personne \u00ab\u00a0pas comme nous\u00a0\u00bb ; et aller jusqu&rsquo;\u00e0 embaucher des <em>sensivity readers<\/em> et autres experts pour s&rsquo;assurer qu&rsquo;une \u0153uvre ne fera de mal \u00e0 personne. Pour toute une jeune g\u00e9n\u00e9ration, \u00e7a semble \u00eatre une \u00e9vidence. Pour d&rsquo;autres, \u00e7a l&rsquo;est moins, et on s&rsquo;inqui\u00e8te de libert\u00e9 de cr\u00e9ation, voire de puritanisme \u00e9tasunien, car il est un fait que cette vision moralisatrice du r\u00f4le de l&rsquo;art a toujours \u00e9t\u00e9 une banalit\u00e9 de l&rsquo;autre c\u00f4t\u00e9 de l&rsquo;Atlantique. C&rsquo;\u00e9tait pour nous une curiosit\u00e9 il y a trente ans sous le nom de \u00ab\u00a0Political correctness\u00a0\u00bb. Et plus t\u00f4t, \u00e7a existait d\u00e9j\u00e0 mais nous n&rsquo;en \u00e9tions pas conscients : les labels <em>Comics code authority<\/em> et <em>MPAA<\/em> ne nous disaient pas grand chose, d&rsquo;autant que nos traducteurs, ici, s&rsquo;autorisaient des alt\u00e9rations fantaisistes et moralisaient ou immoralisaient les \u0153uvres avec des crit\u00e8res en phase avec notre mentalit\u00e9 locale de l&rsquo;\u00e9poque. La culture globalis\u00e9e actuelle est effectivement tr\u00e8s \u00e9tasunienne. Aurons-nous un jour peur des poitrines f\u00e9minines, comme le proph\u00e9tise Michel Ocelot, l&rsquo;auteur de Kirikou<sup><a href=\"#footnote_6_10776\" id=\"identifier_6_10776\" class=\"footnote-link footnote-identifier-link\" title=\"Michel Ocelot, interview&eacute; sur Brut le 10 d&eacute;cembre 2022.\">6<\/a><\/sup> ? Craindrons-nous les poils sous les aisselles, jugerons-nous hideuses les bouches qui n&rsquo;ont pas \u00e9t\u00e9 trait\u00e9es par un orthodontiste, les nez qui ne sont pas pass\u00e9s sous un scalpel ? Mangerons-nous des nuggets en baquet plut\u00f4t que de manger ensemble autour d&rsquo;une table ? Binge-drinkerons-nous des \u00ab\u00a0shots\u00a0\u00bb jusqu&rsquo;au coma au lieu de cultiver notre alcoolisme social vieille-France ? Adopterons-nous un \u00e0 un les rites qu&rsquo;exposent les fictions de mani\u00e8re apparemment tr\u00e8s codifi\u00e9e (demande de mariage surprise avec genou \u00e0 terre ; bal de promo ; <em>spring break<\/em> ; etc.) ? Aurons-nous en t\u00eate un mod\u00e8le tr\u00e8s pr\u00e9cis de ce que sont la r\u00e9ussite professionnelle, amicale et amoureuse ? C&rsquo;est aussi tout \u00e7a, l&rsquo;Am\u00e9rique.<\/p>\n\n\n\n<figure class=\"wp-block-image size-full\"><img decoding=\"async\" width=\"1133\" height=\"775\" src=\"https:\/\/hyperbate.fr\/castagne\/files\/2022\/12\/image-8.png\" alt=\"\" class=\"wp-image-10939\" srcset=\"https:\/\/hyperbate.fr\/castagne\/files\/2022\/12\/image-8.png 1133w, https:\/\/hyperbate.fr\/castagne\/files\/2022\/12\/image-8-300x205.png 300w, https:\/\/hyperbate.fr\/castagne\/files\/2022\/12\/image-8-768x525.png 768w, https:\/\/hyperbate.fr\/castagne\/files\/2022\/12\/image-8-624x427.png 624w\" sizes=\"(max-width: 1133px) 100vw, 1133px\" \/><figcaption class=\"wp-element-caption\">Bastien Viv\u00e8s, <em>Le Go\u00fbt du chlore<\/em>, 2009. Deux jeunes gens tombent amoureux \u00e0 la piscine. <a rel=\"noreferrer noopener\" href=\"https:\/\/www.instagram.com\/p\/Cl-zqQnA1ij\/\" target=\"_blank\">Sur Instagram<\/a>, j&rsquo;ai vu des vignettes de cette bande dessin\u00e9e convoqu\u00e9s pour d\u00e9montrer une constante dans l&rsquo;int\u00e9r\u00eat pour le corps des adolescent.es et des enfants, et leur \u00e9rotisation, par Viv\u00e8s. Je comprends qu&rsquo;on se demande si Viv\u00e8s participe d&rsquo;une \u00ab\u00a0culture du viol\u00a0\u00bb et d&rsquo;une \u00ab\u00a0virilit\u00e9 toxique\u00a0\u00bb mais j&rsquo;avoue que prendre des dessins du \u00ab\u00a0Gout du chlore\u00a0\u00bb comme preuve me laisse un brin dubitatif. <\/figcaption><\/figure>\n\n\n\n<p>Une chose en tout cas me semble claire : moraliser l&rsquo;art, moraliser la fiction, peut \u00eatre fait plus ou moins sinc\u00e8rement, plus ou moins naturellement, plus ou moins bien.<br>Raconter une bande d&rsquo;ami.e.s compos\u00e9s d&rsquo;une musulmane pratiquante voil\u00e9e, d&rsquo;une fille lesbienne tatou\u00e9e et d&rsquo;un homme trans d\u00e9sesp\u00e9r\u00e9ment amoureux d&rsquo;une femme h\u00e9t\u00e9rosexuelle membre des T\u00e9moins de J\u00e9hovah, dans une soci\u00e9t\u00e9 o\u00f9 les plus de trente-cinq ans sont au mieux une nuisance et au pire des \u00ab\u00a0personnages non joueurs\u00a0\u00bb<sup><a href=\"#footnote_7_10776\" id=\"identifier_7_10776\" class=\"footnote-link footnote-identifier-link\" title=\"Notion issue du jeu vid&eacute;o, le personnage non joueur (PNJ) est comme son nom l&rsquo;indique un personnage qui n&rsquo;est l&agrave; que pour faire foule. Un figurant, quoi.\">7<\/a><\/sup>, \u00e7a marche une fois, c&rsquo;est m\u00eame agr\u00e9able \u00e0 voir, comme toute situation oxymoresque, mais si \u00e7a s&rsquo;installe par automatisme, sans apporter grand chose de plus, \u00e7a devient rapidement artificiel et p\u00e9nible.<br>Les grosses usines \u00e0 fiction comme <em>HBO<\/em> ou <em>Netflix<\/em> savent assur\u00e9ment s&rsquo;y prendre et surprendre, elles ont des arm\u00e9es de sc\u00e9naristes pour r\u00e9inventer r\u00e9guli\u00e8rement leurs recettes lorsque celles-ci deviennent trop banales, mais des bandes dessin\u00e9es qui ne sont mues que par les bonnes intentions de leurs auteur.ice.s peinent \u00e0 mon avis \u00e0 remuer le lecteur. S&rsquo;il suffisait d&rsquo;\u00eatre <em>gutmensch<\/em>, bien-pensant, pour faire vibrer le public, \u00e7a se saurait.<\/p>\n\n\n\n<p>Au del\u00e0 du spectre de la censure et de l&rsquo;autocensure que l&rsquo;on craint derri\u00e8re tout projet de moralisation de l&rsquo;art, on peut redouter le manque de po\u00e9sie d&rsquo;un art utilitaire, uniquement destin\u00e9 \u00e0 nous convaincre de quelque chose, d\u00e9di\u00e9 \u00e0 nous vendre un mod\u00e8le de soci\u00e9t\u00e9, ou tout simplement, une forme de cr\u00e9ation o\u00f9 le myst\u00e8re et le hasard n&rsquo;ont pas de place. Et m\u00eame, une forme de cr\u00e9ation o\u00f9 l&rsquo;on doit montrer patte-blanche, faire la d\u00e9monstration de sa l\u00e9gitimit\u00e9 sur un sujet. J&rsquo;ai par exemple une fois entendu un romancier se faire vertement reprocher d&rsquo;avoir \u00e9crit \u00e0 la premi\u00e8re personne un roman dont la protagoniste est une femme \u2014 or les personnes qui avaient \u00e9mis la critique admettaient que le roman \u00e9tait plut\u00f4t bon, leur probl\u00e8me \u00e9tait un probl\u00e8me de principe ! On se souvient des d\u00e9bats qui ont lieu lorsque un acteur ou une actrice n&rsquo;a pas toutes les caract\u00e9ristiques de la personne dont elle prend le r\u00f4le : Zoe Saldana qui n&rsquo;\u00e9tait pas assez noire pour interpr\u00e9ter Nina Simone, ou Eddie Redmayne \u00e0 qui on a reproch\u00e9 d&rsquo;interpr\u00e9ter une femme transgenre en \u00e9tant un homme cisgenre, dans le film <em>Danish girl<\/em>. L&rsquo;un et l&rsquo;autre se sont par la suite excus\u00e9s platement d&rsquo;avoir accept\u00e9 des r\u00f4les qui ne se confondaient pas avec leur vie. <\/p>\n\n\n\n<figure class=\"wp-block-image size-full\"><a href=\"https:\/\/www.youtube.com\/watch?v=C_vc052SpF4\" target=\"_blank\" rel=\"noreferrer noopener\"><img decoding=\"async\" width=\"1280\" height=\"823\" src=\"https:\/\/hyperbate.fr\/castagne\/files\/2022\/12\/image-4.png\" alt=\"\" class=\"wp-image-10914\" srcset=\"https:\/\/hyperbate.fr\/castagne\/files\/2022\/12\/image-4.png 1280w, https:\/\/hyperbate.fr\/castagne\/files\/2022\/12\/image-4-300x193.png 300w, https:\/\/hyperbate.fr\/castagne\/files\/2022\/12\/image-4-768x494.png 768w, https:\/\/hyperbate.fr\/castagne\/files\/2022\/12\/image-4-624x401.png 624w\" sizes=\"(max-width: 1280px) 100vw, 1280px\" \/><\/a><\/figure>\n\n\n\n<p>Il suffit de se rem\u00e9morer de l&rsquo;interpr\u00e9tation raciste de M. Yunioshi par Mickey Rooney dans <em>Breakfast at Tiffany&rsquo;s<\/em> (et autres exemples odieux de <em>Yellowface<\/em> et de <em>Blackface<\/em>, ou encore de <em>mansplaining<\/em><sup><a href=\"#footnote_8_10776\" id=\"identifier_8_10776\" class=\"footnote-link footnote-identifier-link\" title=\"Mansplaining : lorsqu&rsquo;un homme explique avec condescendance &agrave; une femme ce qu&rsquo;elle ressent, ce qu&rsquo;elle devrait dire ou penser&hellip;\">8<\/a><\/sup>) pour comprendre le probl\u00e8me qui motive tr\u00e8s l\u00e9gitimement ces reproches, et ne parlons pas de l&rsquo;injustice professionnelle qui op\u00e8re lorsque Nicole Kidman ou Charlize Theron passent des heures \u00e0 se faire maquiller, se font ajouter des proth\u00e8ses afin d&rsquo;avoir un physique banal correspondant \u00e0 un r\u00f4le, alors qu&rsquo;il existe foule d&rsquo;actrices qualifi\u00e9es et dont le physique est adapt\u00e9.  <br>Pourtant, dans ces affaires, j&rsquo;ai parfois du mal \u00e0 ne pas penser \u00e0 un \u00e9pisode <em>Lucky Luke<\/em><sup><a href=\"#footnote_9_10776\" id=\"identifier_9_10776\" class=\"footnote-link footnote-identifier-link\" title=\"Morris\/Goscinny : Le Cavalier blanc, 1975.\">9<\/a><\/sup> o\u00f9 le public d&rsquo;une pi\u00e8ce de th\u00e9\u00e2tre prend les acteurs pour leurs personnages&#8230; Or l&rsquo;Art, depuis toujours, c&rsquo;est l&rsquo;artifice, c&rsquo;est la tromperie, il ne suffit pas qu&rsquo;une personne \u00ab\u00a0soit\u00a0\u00bb son r\u00f4le pour bien l&rsquo;interpr\u00e9ter, et du reste, choisir une personne pour cette raison, c&rsquo;est un peu la r\u00e9duire elle aussi \u00e0 un clich\u00e9.<br>Il est tentant, mais pas forc\u00e9ment pertinent car les motivations profondes diff\u00e8rent, de voir dans ces d\u00e9bats l&rsquo;image-miroir de l&rsquo;hostilit\u00e9 r\u00e9actionnaire qui se manifeste lorsque tel ou tel remake a une actrice \u00e0 la peau plus brune que dans l&rsquo;\u0153uvre originale, ou lorsque certains spectateurs de <em>Star Wars<\/em> ont plus de mal \u00e0 imaginer un <em>stormtrooper<\/em> noir qu&rsquo;un <em>Jedi<\/em> vert de quarante centim\u00e8tres de haut&#8230;<sup><a href=\"#footnote_10_10776\" id=\"identifier_10_10776\" class=\"footnote-link footnote-identifier-link\" title=\"Un des d&eacute;bats les plus stupides dans le registre : des gens ont reproch&eacute; &agrave; Disney de faire une s&eacute;rie She-Hulk, en supposant qu&rsquo;il s&rsquo;agissait d&rsquo;une lubie &laquo;&nbsp;woke&nbsp;&raquo;&hellip; Alors que le personnage en question a &eacute;t&eacute; cr&eacute;&eacute; il y a plus de quarante ans !\">10<\/a><\/sup><br>La question de la l\u00e9gitimit\u00e9 \u00e0 \u00e9crire sur tel ou tel sujet me semble ind\u00e9merdable, et aussi, elle me semble nier de mani\u00e8re furieusement essentialiste la capacit\u00e9 que chacun peut avoir \u00e0 se mettre \u00e0 la place d&rsquo;un autre, \u00e0 vouloir se mettre \u00e0 la place de l&rsquo;autre, ou m\u00eame, si la na\u00efvet\u00e9 de celui qui n&rsquo;a pas v\u00e9cu une situation dans sa chair est in\u00e9vitable, la capacit\u00e9 que l&rsquo;on pourra avoir \u00e0 progresser. Je raconte souvent l&rsquo;histoire d&rsquo;Eug\u00e8ne S\u00fce, \u00e9crivain mondain de la restauration, missionn\u00e9 par un journal conservateur pour \u00e9crire un roman sur les bas-fonds de Paris. Le r\u00e9cit d\u00e9bute par des poncifs bourgeois sur l\u2019ind\u00e9crottable et r\u00e9pugnante sc\u00e9l\u00e9ratesse des classes populaires, mais, encourag\u00e9 par son r\u00e9dacteur-en-chef \u00e0 aller enqu\u00eater, Eug\u00e8ne S\u00fce a appris, compris, observ\u00e9, il s&rsquo;est rendu compte (comme son h\u00e9ros Rodolphe, un prince incognito parmi la canaille) que derri\u00e8re un ivrogne, un meurtrier, une prostitu\u00e9e, il pouvait y avoir une longue et injuste histoire. Il s&rsquo;est rendu compte que les gens du peuple pouvaient \u00eatre intelligents, touchants, solidaires,&#8230; <\/p>\n\n\n\n<figure class=\"wp-block-image size-full\"><img decoding=\"async\" width=\"700\" height=\"966\" src=\"https:\/\/hyperbate.fr\/castagne\/files\/2022\/12\/image-1.png\" alt=\"\" class=\"wp-image-10895\" srcset=\"https:\/\/hyperbate.fr\/castagne\/files\/2022\/12\/image-1.png 700w, https:\/\/hyperbate.fr\/castagne\/files\/2022\/12\/image-1-217x300.png 217w, https:\/\/hyperbate.fr\/castagne\/files\/2022\/12\/image-1-624x861.png 624w\" sizes=\"(max-width: 700px) 100vw, 700px\" \/><figcaption class=\"wp-element-caption\">Affiche de Jules Ch\u00e9ret. Ce qui me fait penser \u00e0 l&rsquo;excellent livre <em><a rel=\"noreferrer noopener\" href=\"https:\/\/www.editions205.fr\/products\/l-affiche-a-t-elle-un-genre\" target=\"_blank\">L&rsquo;Affiche a-t-elle un genre ?<\/a><\/em> Par Vanina Pinter, tout juste sorti aux \u00e9ditions 205. Entre autres, l&rsquo;autrice raconte l&rsquo;ambivalence de m\u00eames images en prenant l&rsquo;exemple du XIXe si\u00e8cle, car (ici c&rsquo;est moi qui interpr\u00e8te le propos, ce n&rsquo;est pas dit comme \u00e7a) si l&rsquo;affiche publicitaire peut \u00eatre charg\u00e9e en injonctions sexistes, relever du <em>male gaze<\/em>, elle peut aussi dans le m\u00eame temps offrir une forme d&rsquo;\u00e9vasion, de lib\u00e9ration ou d&rsquo;<em>empowerment<\/em> : dans une fin de si\u00e8cle o\u00f9 le v\u00eatement \u00e9tait une contrainte physique, o\u00f9 les r\u00f4les \u00e9taient genr\u00e9s de mani\u00e8re tout aussi raide, les femmes des affiches de Ch\u00e9ret ou Mucha semblent libres et l\u00e9g\u00e8res,&#8230; <\/figcaption><\/figure>\n\n\n\n<p>Pendant les deux ann\u00e9es qu&rsquo;a dur\u00e9 la publication du feuilleton, non seulement Eug\u00e8ne S\u00fce est devenu antiraciste<sup><a href=\"#footnote_11_10776\" id=\"identifier_11_10776\" class=\"footnote-link footnote-identifier-link\" title=\"Le docteur David, ancien esclave, m&eacute;decin et surdou&eacute;, n&rsquo;est pas franchement typique des fictions des ann&eacute;es 1840 ! &mdash; rappelons que l&rsquo;esclavagisme avait &eacute;t&eacute; r&eacute;tabli par Bonaparte dans les colonies et n&rsquo;a &eacute;t&eacute; d&eacute;finitivement aboli qu&rsquo;en 1848.\">11<\/a><\/sup>, socialiste (et d\u00e9put\u00e9 de la Seine sous cette \u00e9tiquette, jusqu&rsquo;\u00e0 ce que le coup d&rsquo;\u00c9tat de Napol\u00e9on III le contraigne \u00e0 l&rsquo;exil), mais il avait entra\u00een\u00e9 toute la France avec lui, car chaque nouvel \u00e9pisode \u00e9tait lu par tous ceux qui savaient lire, et racont\u00e9 aux autres : les personnages de la Louve, Bras-Rouge, le Ma\u00eetre-d&rsquo;\u00e9cole ou Rigolette \u00e9taient aussi connus que le sont pour nous les protagonistes de <em>Game of Thrones<\/em>, et il nous en reste d&rsquo;ailleurs au moins un nom commun puisque les concierges monsieur et madame Pipelet sont \u00e0 l&rsquo;origine du substantif \u00ab\u00a0pipelet\/pipelette\u00a0\u00bb. On dit que <em>Les Myst\u00e8res de Paris<\/em> sont une des causes de la r\u00e9volution de 1848, rien que \u00e7a ! J&rsquo;aime ces histoires qui rappellent que l&rsquo;on peut progresser par la fiction, y compris quand on en est l&rsquo;auteur.<br>La l\u00e9gitimit\u00e9 intrins\u00e8que aux auteurs est une affaire ind\u00e9merdable parce qu&rsquo;elle peut aussi se perdre : quand un rappeur devenu millionnaire, vivant de l&rsquo;autre c\u00f4t\u00e9 d&rsquo;un oc\u00e9an, \u00e0 dix mille kilom\u00e8tres de la cit\u00e9 o\u00f9 il a grandi, continue \u00e0 se complaire dans un <em>gangsta rap<\/em> qui \u00e9pouse grosso-modo la vision des banlieues que v\u00e9hicule <em>CNews<\/em> et n&rsquo;a plus aucun lien avec la r\u00e9alit\u00e9 sociale dont il se revendique (mais qu&rsquo;il participe \u00e0 forger), o\u00f9 est sa l\u00e9gitimit\u00e9 ? On peut continuer longtemps et toute position dogmatique sur le sujet me semble constituer une impasse.<\/p>\n\n\n\n<figure class=\"wp-block-image size-full\"><a href=\"https:\/\/www.mesopinions.com\/petition\/enfants\/pedocriminalite-deprogrammation-expo-bastien-vives-festival\/193829\" target=\"_blank\" rel=\"noreferrer noopener\"><img decoding=\"async\" width=\"1060\" height=\"540\" src=\"https:\/\/hyperbate.fr\/castagne\/files\/2022\/12\/image-6.png\" alt=\"\" class=\"wp-image-10925\" srcset=\"https:\/\/hyperbate.fr\/castagne\/files\/2022\/12\/image-6.png 1060w, https:\/\/hyperbate.fr\/castagne\/files\/2022\/12\/image-6-300x153.png 300w, https:\/\/hyperbate.fr\/castagne\/files\/2022\/12\/image-6-768x391.png 768w, https:\/\/hyperbate.fr\/castagne\/files\/2022\/12\/image-6-624x318.png 624w\" sizes=\"(max-width: 1060px) 100vw, 1060px\" \/><\/a><figcaption class=\"wp-element-caption\">Plus de 100 000 signataires pour cette p\u00e9tition initi\u00e9e par BeBraveFrance, une ONG qui lutte contre la p\u00e9docriminalit\u00e9. <a rel=\"noreferrer noopener\" href=\"https:\/\/www.change.org\/p\/contre-l-exposition-de-bastien-viv%C3%A8s-pendant-le-festival-de-la-bande-dessin%C3%A9e\" target=\"_blank\">Une seconde p\u00e9tition<\/a>, initi\u00e9e par des \u00e9tudiants en \u00e9cole d&rsquo;art, a connu un succ\u00e8s plus modeste mais pas n\u00e9gligeable. S&rsquo;il y a eu quelques prises de parole embarrass\u00e9es pour dire que non, Bastien Viv\u00e8s n&rsquo;est pas un monstre, on ne peut pas dire que ce dernier ait b\u00e9n\u00e9fici\u00e9 d&rsquo;un soutien important.<\/figcaption><\/figure>\n\n\n\n<p>Peu importe les r\u00e9flexions qui pr\u00e9c\u00e8dent.<br>L&rsquo;affaire est d\u00e9sormais pli\u00e9e, l&rsquo;exposition n&rsquo;aura pas lieu, on ne saura pas ce qu&rsquo;elle aurait d\u00fb pr\u00e9senter, on ne sait pas si elle sera remplac\u00e9e par une exposition de planches d&rsquo;Emma Clit ou par rien du tout<sup><a href=\"#footnote_12_10776\" id=\"identifier_12_10776\" class=\"footnote-link footnote-identifier-link\" title=\"Au fait, j&rsquo;ai lu quelqu&rsquo;un se lamenter que le Festival d&rsquo;Angoul&ecirc;me n&rsquo;exposait que des hommes, mais cette ann&eacute;e c&rsquo;est tr&egrave;s faux et j&rsquo;esp&egrave;re que les personnes qui s&rsquo;int&eacute;ressent au sujet iront voir les expositions consacr&eacute;es &agrave; Julie Doucet (laur&eacute;ate du grand prix), Marguerite Abouet et Madeleine Riffaud ! Il est tristement paradoxal d&rsquo;ailleurs que Bastien Viv&egrave;s soit, avec une petite expo, le grand sujet de la 50e &eacute;dition du festival, alors que c&rsquo;est bien l&rsquo;exposition de Julie Doucet et son retour &agrave; la bande dessin&eacute;e qui devrait nous passionner.\">12<\/a><\/sup>, l&rsquo;auteur incrimin\u00e9 s&rsquo;est platement excus\u00e9 aupr\u00e8s de celles et ceux qu&rsquo;il aurait bless\u00e9s (sinc\u00e8re ou pas, que peut-il faire de plus ?), le festival a publi\u00e9 un communiqu\u00e9 o\u00f9 il capitule, expliquant c\u00e9der \u00e0 la force de la mobilisation et aux menaces diverses, bref, tout est bien qui finit bien, les gentils ont terrass\u00e9 les m\u00e9chants (ou le m\u00e9chant), m\u00eame si je note que ceux qui ont obtenu la t\u00eate de l&rsquo;expo n&rsquo;arrivent pas tous \u00e0 assumer leur victoire, \u00e7a se constate dans les commentaires au communiqu\u00e9 du Festival pleins de <em>\u00ab\u00a0on ne voulait pas s&rsquo;en prendre \u00e0 un homme mais \u00e0 un syst\u00e8me\u00a0\u00bb<\/em> et autres <em>\u00ab\u00a0on ne voulait pas censurer mais juste emp\u00eacher l&rsquo;expo de se tenir\u00a0\u00bb<\/em>. Si je comprends assez bien le calcul qui pousse \u00e0 \u00eatre mauvais perdant, je n&rsquo;ai jamais compris les mauvais gagnants ! On ne peut pas avoir le beurre et l&rsquo;argent du beurre, porter l&rsquo;estoc triomphalement tout en affirmant \u00eatre celui qui a re\u00e7u le coup, faire taire en affirmant repr\u00e9senter les paroles contraintes au silence, pr\u00e9valoir tout en affirmant que c&rsquo;est l&rsquo;autre le \u00ab\u00a0dominant\u00a0\u00bb. On ne peut pas demander et obtenir l&rsquo;occultation d&rsquo;une \u0153uvre \u00e0 coup de p\u00e9titions puis dire qu&rsquo;on est oppos\u00e9 \u00e0 toute censure. Il y a eu un rapport de force, et la victoire d&rsquo;un camp montre de quel c\u00f4t\u00e9 \u00e9tait, cette fois en tout cas, le nombre et la puissance. Je comprends tout de m\u00eame celles et ceux qui vivent mal l&rsquo;impasse logique qui \u00e9merge lorsque les gentils se retrouvent \u00e0 dix mille contre un, et que parmi ces gentils, on en trouve dont les propos sont d&rsquo;une violence ou d&rsquo;une outrance qui n&rsquo;a pas grand chose \u00e0 envier \u00e0 celle cens\u00e9ment combattue.<br>Enfin certains l&rsquo;assument, comme Emma Clit, sur le M\u00e9dia :<\/p>\n\n\n\n<blockquote class=\"wp-block-quote is-layout-flow wp-block-quote-is-layout-flow\">\n<p>\u00ab\u00a0si ils [les gens du festival] ne r\u00e9agissent que quand il y a des menaces, comment reprocher \u00e0 des personnes d&rsquo;en passer par l\u00e0 ?\u00a0\u00bb<\/p>\n<cite><a rel=\"noreferrer noopener\" href=\"https:\/\/www.youtube.com\/watch?v=FY_Rif-mIIA\" target=\"_blank\">Emma Clit sur Le M\u00e9dia<\/a>, le 15\/12\/2022<sup><a href=\"#footnote_13_10776\" id=\"identifier_13_10776\" class=\"footnote-link footnote-identifier-link\" title=\"Dans la m&ecirc;me interview, on demande &agrave; Emma si &laquo;&nbsp;il n&rsquo;y aurait pas un grand m&eacute;nage &agrave; faire dans le monde de l&rsquo;&eacute;dition fran&ccedil;ais&nbsp;&raquo;, &agrave; quoi la jeune femme r&eacute;pond que, puisqu&rsquo;il est impossible que les gens en place se r&eacute;veillassent un matin frapp&eacute;s par la lumi&egrave;re, il faut les frapper au porte-monnaie, les attaquer m&eacute;diatiquement, et puis finalement, &laquo;&nbsp;la solution ce serait de changer toutes les &eacute;quipes [en les rempla&ccedil;ant] par des gens qui sont ouverts &agrave; ces questions-l&agrave;&nbsp;&raquo;.Emma Clit est coutumi&egrave;re des propositions radicales, en 2018 elle avait publi&eacute; un billet de blog pour demander &agrave; ses lecteurs de faire pression pour faire retirer des librairies le livre &laquo;&nbsp;On a chop&eacute; la pubert&eacute;&nbsp;&raquo; (Anne Guillard, S&eacute;verine Clochard, M&eacute;lissa Cont&eacute;), et une autre fois sur Twitter elle a lanc&eacute; l&rsquo;halali contre &laquo;&nbsp;La Guerre des bisous&nbsp;&raquo;, de Vincent Cuvellier. Enfin, cette semaine, suite &agrave; l&rsquo;annonce par Jean-Marc Rochette de son abandon du monde de la bd, elle s&rsquo;est content&eacute;e d&rsquo;ironiser en r&eacute;pondant avec le &laquo;&nbsp;au revoir&nbsp;&raquo; de Valrey Giscard d&rsquo;Estaing. J&rsquo;avoue que ce m&eacute;lange des genres entre un dessin gnangnan et une certaine violence dans le projet me semble, au fond, assez d&eacute;plaisante.\">13<\/a><\/sup>.<\/cite><\/blockquote>\n\n\n\n<p>Bon.<br>J&rsquo;ai quelques questions \u00e0 ceux qui se sont engag\u00e9s pour l&rsquo;annulation de l&rsquo;exposition, et qui viennent d&rsquo;obtenir gain de cause. Ou plut\u00f4t une question : quelle est la suite ? Tr\u00e8s concr\u00e8tement, pour Bastien Viv\u00e8s, que va-t-il se passer ? Est-ce que, par exemple, \u00e0 chaque projet d&rsquo;exposition un peu institutionnelle, \u00e0 chaque prix remis, il y a aura une nouvelle charge du m\u00eame genre ? Si la protestation avait concern\u00e9 une exposition de dessins pornographiques, pas de probl\u00e8me, une limite \u00e9tait \u00e9nonc\u00e9e clairement, mais l\u00e0 ce n&rsquo;\u00e9tait pas le cas, alors cela signifie-t-il que plus aucune exposition de Bastien Viv\u00e8s n&rsquo;est envisageable ? Ou bien est-ce que \u00e7a ne concerne que ce festival pr\u00e9cis ? Ses publications probl\u00e9matiques sur les r\u00e9seaux sociaux existent pour l&rsquo;\u00e9ternit\u00e9, seront toujours r\u00e9voltantes, elles pourront toujours \u00eatre ressorties, compil\u00e9es de mani\u00e8re \u00e0 nous faire le portrait d&rsquo;un homme ignoble. Donc est-ce que Bastien Viv\u00e8s est plus ou moins condamn\u00e9, comme d&rsquo;autres l&rsquo;ont \u00e9t\u00e9 avant lui, \u00e0 ne plus trouver d&rsquo;amis que chez <em>Causeur<\/em>, <em>Valeurs<\/em>, et autres m\u00e9dias qui surfent sur l'\u00a0\u00bbanti-wokisme\u00a0\u00bb, comme c&rsquo;est le cas du dessinateur Xavier Gorce ? Et est-ce que, par ricochet, par contamination, ses amis ou les gens qui travaillent avec lui, se le feront reprocher ou se verront forc\u00e9s de choisir entre la rupture ou l&rsquo;ostracisation ? Jean-Marc Rochette, auteur consid\u00e9rable (<em>Le Transperceneige<\/em>, <em>L&rsquo;Or et l&rsquo;esprit<\/em>, <em>Ailefroide<\/em>), a annonc\u00e9 mettre fin \u00e0 sa carri\u00e8re d&rsquo;auteur de bande dessin\u00e9e apr\u00e8s s&rsquo;\u00eatre fait reprocher d&rsquo;avoir d\u00e9fendu Viv\u00e8s, et parce qu&rsquo;il craint un domaine soumis \u00e0 l&rsquo;approbation de commissaires politiques. J&rsquo;ai du mal \u00e0 imaginer que ce soit l&rsquo;a seule et unique raison de son annonce, Rochette ayant toujours \u00e9t\u00e9 tent\u00e9 par une carri\u00e8re de peintre ou de sculpteur, mais c&rsquo;est une sacr\u00e9e perte.<br>Quelle place est donn\u00e9e au futur, dans cette affaire, quel est le sc\u00e9nario id\u00e9al pour l&rsquo;avenir ? Que Viv\u00e8s ait le droit de publier (on n&rsquo;est pas pour la censure, hein) mais c&rsquo;est tout ? Est-ce qu&rsquo;il aura le droit de changer, de gagner sinc\u00e8rement en maturit\u00e9 ? Est-ce qu&rsquo;il existe un futur possible o\u00f9 Bastien Viv\u00e8s a la possibilit\u00e9 de profiter de la le\u00e7on re\u00e7ue ?<\/p>\n\n\n\n<figure class=\"wp-block-image\" id=\"block-b67517eb-ad7e-4af4-a4d6-9a86fc76bf4e\"><img decoding=\"async\" src=\"https:\/\/hyperbate.fr\/castagne\/files\/2022\/12\/image-5.png\" alt=\"L\u2019attribut alt de cette image est vide, son nom de fichier est image-5.png.\"\/><figcaption class=\"wp-element-caption\">Une s\u00e9ance d&rsquo;autocritique publique (\u00ab\u00a0s\u00e9ances de lutte\u00a0\u00bb) pendant la R\u00e9volution culturelle. Les coupables ne se contentent pas d&rsquo;admettre leurs crimes av\u00e9r\u00e9s ou imaginaires, ils devaient rester debout des heures, t\u00eate baiss\u00e9e, en \u00e9tant souvent insult\u00e9s, humili\u00e9s et battus, notamment par leurs amis et des membres de leur propre famille \u2014 qui n&rsquo;avait pas le choix, car s&rsquo;ils avaient refus\u00e9, ils devenaient coupables \u00e0 leur tour. Tous n&rsquo;ont pas surv\u00e9cu \u00e0 ce processus de r\u00e9demption.<br>(il n&rsquo;y a pas qu&rsquo;\u00e0 moi que cette r\u00e9f\u00e9rence vient spontan\u00e9ment, je vois que c&rsquo;est aussi le cas de Jean-Marc Rochette dans le post o\u00f9 il annonce quitter la bande dessin\u00e9e)<br>Photo : Li Zhensheng, 1966.<\/figcaption><\/figure>\n\n\n\n<p id=\"block-0dd4353c-4c6f-4397-88ce-232e5fb956e7\">L&rsquo;Histoire regorge de solutions pour donner une forme de porte de sortie aux r\u00e9prouv\u00e9s de la morale commune (et par ricochet, \u00e0 ceux qui se sont li\u00e9s contre eux) : l&rsquo;exil forc\u00e9 ; l&rsquo;obligation de changer de profession ; les s\u00e9jours dans des camps de redressement et les s\u00e9ances publiques d&rsquo;auto-critique ; la prison ; l&rsquo;exorcisme ; l&rsquo;ex\u00e9cution capitale ; les s\u00e9ances symboliques de purification (question, autodaf\u00e9s, etc.) ; l&rsquo;enfermement dans un monast\u00e8re ; la conversion religieuse ; la tr\u00e9panation ; etc. Mais dans un monde plus compatissant, o\u00f9 l&rsquo;on a plus de mal \u00e0 assumer une certaine brutalit\u00e9 comme outil de discipline sociale, que propose-t-on \u00e0 ce jeune auteur qui doit attendre encore trente ans (au minimum) avant de pouvoir faire valoir ses droits \u00e0 la retraite ? Un suivi psychologique ? Un passage devant la justice ? Il me semble qu&rsquo;avec Internet, qui n&rsquo;oublie rien, avec les archives de diverses \u00e9poques qui se t\u00e9lescopent, nous risquons tous de rester enferm\u00e9s dans un espace sans chronologie, donc sans issue et sans possibilit\u00e9 de progr\u00e8s, mais comme l&rsquo;article est d\u00e9j\u00e0 bien long, je ne vais pas d\u00e9velopper ce point de vue pour cette fois.<\/p>\n\n\n\n<p id=\"block-9a41840c-e5dc-43c6-98fb-4d63136d60ad\"><strong>Lire ailleurs<\/strong> : <em><a rel=\"noreferrer noopener\" href=\"https:\/\/blogs.mediapart.fr\/les-invites-de-mediapart\/blog\/171222\/les-raisons-de-la-colere\" target=\"_blank\">Les raisons de la col\u00e8re<\/a><\/em>, par un collectif de 500 autrices et auteurs, qui r\u00e9clament au Festival de mettre en place une charte <em>\u00ab\u00a0afin que les futures s\u00e9lections et programmations du festival soient r\u00e9alis\u00e9es dans le respect du droit des personnes minoris\u00e9es ainsi que dans l\u2019\u00e9galit\u00e9 de leurs repr\u00e9sentations\u00a0\u00bb<\/em> (M\u00e9diapart) ; <em><a rel=\"noreferrer noopener\" href=\"https:\/\/www.actuabd.com\/Le-cas-Vives\" target=\"_blank\">Le cas Viv\u00e8s<\/a><\/em>, par Marl\u00e8ne Agius, qui am\u00e8ne une distance bienvenue au sujet (ActuaBD) ; <a rel=\"noreferrer noopener\" href=\"https:\/\/www.bfmtv.com\/people\/bandes-dessinees\/bastien-vives-vise-par-une-plainte-pour-diffusion-d-images-pedopornographiques-que-dit-la-loi_AV-202212210449.html\" target=\"_blank\"><em>Bastien Viv\u00e8s vis\u00e9 par deux plaintes pour \u00ab\u00a0diffusion d&rsquo;images p\u00e9dopornographiques\u00a0\u00bb: que dit la loi ?<\/em><\/a>, une synth\u00e8se assez s\u00e9rieuse de la question juridique, par J\u00e9r\u00f4me Lachasse (BFM) ; <em><a rel=\"noreferrer noopener\" href=\"https:\/\/actualitte.com\/article\/109254\/humeurs\/de-la-fiction-au-reel-bastien-vives-auteur-de-bande-dessinee\" target=\"_blank\">De la fiction au r\u00e9el : Bastien Viv\u00e8s, auteur de bande dessin\u00e9e<\/a><\/em>, par Vivian Petit (Actualitt\u00e9<sup><a href=\"#footnote_14_10776\" id=\"identifier_14_10776\" class=\"footnote-link footnote-identifier-link\" title=\"Article que le site LundiMatin avait publi&eacute; puis, avec une certaine pleutrerie, d&eacute;publi&eacute; !\">14<\/a><\/sup>) ; et enfin <em><a rel=\"noreferrer noopener\" href=\"https:\/\/imagesociale.fr\/10890\" target=\"_blank\">Moraliser les violences sexuelles ?<\/a><\/em>, par Andr\u00e9 Gunthert (L&rsquo;image sociale).<\/p>\n<ol class=\"footnotes\"><li id=\"footnote_1_10776\" class=\"footnote\">L&rsquo;\u00e9diteur, <em>Les Requins marteaux<\/em>, explique ne pas avoir eu connaissance de la r\u00e9f\u00e9rence et avoir \u00e0 l&rsquo;\u00e9poque tent\u00e9 de convaincre Viv\u00e8s de choisir un titre plus clair. Mais l&rsquo;auteur y tenait. <span class=\"footnote-back-link-wrapper\"> [<a href=\"#identifier_1_10776\" class=\"footnote-link footnote-back-link\">&#8617;<\/a>]<\/span><\/li><li id=\"footnote_2_10776\" class=\"footnote\">Utiliser la pornographie pour dominer, moquer, est-ce une transposition symbolique du viol, o\u00f9 le sexe \u2014 activit\u00e9 qui devrait \u00eatre id\u00e9alement plaisante pour ceux qui y participent \u2014 sert \u00e0 causer de la souffrance, de l&rsquo;humiliation ?<span class=\"footnote-back-link-wrapper\"> [<a href=\"#identifier_2_10776\" class=\"footnote-link footnote-back-link\">&#8617;<\/a>]<\/span><\/li><li id=\"footnote_3_10776\" class=\"footnote\">J&rsquo;\u00e9cris \u00ab\u00a0si\u00a0\u00bb, car je n&rsquo;en sais rien, je n&rsquo;ai pas lu <em>Petit Paul<\/em>, <em>Les Melons de la col\u00e8re<\/em> ou encore <em>La d\u00e9charge mentale<\/em>. Et je n&rsquo;ai pas envie de le faire. Un des gros probl\u00e8mes dans le d\u00e9bat actuel est que peu de gens les ont lus, les ventes de ces albums sont n\u00e9gligeables (pour un auteur de best-sellers) et il y a beaucoup plus de gens qui ont un avis tranch\u00e9 que de gens qui ont un avis fond\u00e9. <br>Je note que personne n&rsquo;a parl\u00e9 du dernier album pornographique de Viv\u00e8s, <em>Burne Out<\/em>, qui, si je me fie <a rel=\"noreferrer noopener\" href=\"https:\/\/bdcul.fr\/livres\/burne-out-bastien-vives\/\" target=\"_blank\">au synopsis sur le site de l&rsquo;\u00e9diteur<\/a>, met en sc\u00e8ne un premier ministre au centre d&rsquo;un <em>shitstorm<\/em> lorsque l&rsquo;on r\u00e9v\u00e8le qu&rsquo;il est amateur de mangas pornographiques. Il doit alors s&rsquo;excuser publiquement. Voil\u00e0 qui fait \u00e9tonnamment \u00e9cho \u00e0 la situation actuelle de l&rsquo;auteur. <span class=\"footnote-back-link-wrapper\"> [<a href=\"#identifier_3_10776\" class=\"footnote-link footnote-back-link\">&#8617;<\/a>]<\/span><\/li><li id=\"footnote_4_10776\" class=\"footnote\">Les diverses lois r\u00e9duisant la libert\u00e9 d&rsquo;expression sur Internet sont propos\u00e9es au nom de la lutte contre le terrorisme, ou au nom de la lutte contre la p\u00e9dopornographie. Pourtant, sur ce dernier domaine, il n&rsquo;existe pas vraiment d&rsquo;estimations sur l&rsquo;ampleur r\u00e9elle du ph\u00e9nom\u00e8ne ni sur l&rsquo;efficacit\u00e9 des mesures de censure : je me souviens d&rsquo;un policier des renseignements g\u00e9n\u00e9raux (ou peut-\u00eatre d\u00e9j\u00e0 de la DGSI) qui craignait que ces mesures soient contre-productives, en poussant les criminels \u00e0 une forme efficace de clandestinit\u00e9, et en emp\u00eachant les autorit\u00e9s d&rsquo;enqu\u00eater. <span class=\"footnote-back-link-wrapper\"> [<a href=\"#identifier_4_10776\" class=\"footnote-link footnote-back-link\">&#8617;<\/a>]<\/span><\/li><li id=\"footnote_5_10776\" class=\"footnote\">Je n&rsquo;ai pas lu <em>Petit Paul<\/em>, mais si je me fie au synopsis \u2014 un gar\u00e7onnet poursuivi des ardeurs de toutes les femmes du fait de son sexe de quatre-vingt centim\u00e8tres \u2012 ne correspond \u00e0 ma connaissance \u00e0 aucun fantasme courant ! <span class=\"footnote-back-link-wrapper\"> [<a href=\"#identifier_5_10776\" class=\"footnote-link footnote-back-link\">&#8617;<\/a>]<\/span><\/li><li id=\"footnote_6_10776\" class=\"footnote\">Michel Ocelot, <a rel=\"noreferrer noopener\" href=\"https:\/\/www.brut.media\/fr\/entertainment\/michel-ocelot-raconte-tout-sur-son-personnage-kirikou-afcfaf62-47d6-4937-890e-b260b3142f81\" target=\"_blank\">interview\u00e9 sur Brut le 10 d\u00e9cembre 2022<\/a>. <span class=\"footnote-back-link-wrapper\"> [<a href=\"#identifier_6_10776\" class=\"footnote-link footnote-back-link\">&#8617;<\/a>]<\/span><\/li><li id=\"footnote_7_10776\" class=\"footnote\">Notion issue du jeu vid\u00e9o, le personnage non joueur (PNJ) est comme son nom l&rsquo;indique un personnage qui n&rsquo;est l\u00e0 que pour faire foule. Un figurant, quoi. <span class=\"footnote-back-link-wrapper\"> [<a href=\"#identifier_7_10776\" class=\"footnote-link footnote-back-link\">&#8617;<\/a>]<\/span><\/li><li id=\"footnote_8_10776\" class=\"footnote\">Mansplaining : lorsqu&rsquo;un homme explique avec condescendance \u00e0 une femme ce qu&rsquo;elle ressent, ce qu&rsquo;elle devrait dire ou penser&#8230; <span class=\"footnote-back-link-wrapper\"> [<a href=\"#identifier_8_10776\" class=\"footnote-link footnote-back-link\">&#8617;<\/a>]<\/span><\/li><li id=\"footnote_9_10776\" class=\"footnote\">Morris\/Goscinny : <em>Le Cavalier blanc<\/em>, 1975. <span class=\"footnote-back-link-wrapper\"> [<a href=\"#identifier_9_10776\" class=\"footnote-link footnote-back-link\">&#8617;<\/a>]<\/span><\/li><li id=\"footnote_10_10776\" class=\"footnote\">Un des d\u00e9bats les plus stupides dans le registre : des gens ont reproch\u00e9 \u00e0 Disney de faire une s\u00e9rie <em>She-Hulk<\/em>, en supposant qu&rsquo;il s&rsquo;agissait d&rsquo;une lubie \u00ab\u00a0woke\u00a0\u00bb&#8230; Alors que le personnage en question a \u00e9t\u00e9 cr\u00e9\u00e9 il y a plus de quarante ans ! <span class=\"footnote-back-link-wrapper\"> [<a href=\"#identifier_10_10776\" class=\"footnote-link footnote-back-link\">&#8617;<\/a>]<\/span><\/li><li id=\"footnote_11_10776\" class=\"footnote\">Le docteur David, ancien esclave, m\u00e9decin et surdou\u00e9, n&rsquo;est pas franchement typique des fictions des ann\u00e9es 1840 ! \u2014 rappelons que l&rsquo;esclavagisme avait \u00e9t\u00e9 r\u00e9tabli par Bonaparte dans les colonies et n&rsquo;a \u00e9t\u00e9 d\u00e9finitivement aboli qu&rsquo;en 1848. <span class=\"footnote-back-link-wrapper\"> [<a href=\"#identifier_11_10776\" class=\"footnote-link footnote-back-link\">&#8617;<\/a>]<\/span><\/li><li id=\"footnote_12_10776\" class=\"footnote\">Au fait, j&rsquo;ai lu quelqu&rsquo;un se lamenter que le Festival d&rsquo;Angoul\u00eame n&rsquo;exposait que des hommes, mais cette ann\u00e9e c&rsquo;est tr\u00e8s faux et j&rsquo;esp\u00e8re que les personnes qui s&rsquo;int\u00e9ressent au sujet iront voir les expositions consacr\u00e9es \u00e0 Julie Doucet (laur\u00e9ate du grand prix), Marguerite Abouet et Madeleine Riffaud ! Il est tristement paradoxal d&rsquo;ailleurs que Bastien Viv\u00e8s soit, avec une petite expo, le grand sujet de la 50e \u00e9dition du festival, alors que c&rsquo;est bien l&rsquo;exposition de Julie Doucet et son retour \u00e0 la bande dessin\u00e9e qui devrait nous passionner. <span class=\"footnote-back-link-wrapper\"> [<a href=\"#identifier_12_10776\" class=\"footnote-link footnote-back-link\">&#8617;<\/a>]<\/span><\/li><li id=\"footnote_13_10776\" class=\"footnote\">Dans la m\u00eame interview, on demande \u00e0 Emma si <em>\u00ab\u00a0il n&rsquo;y aurait pas un grand m\u00e9nage \u00e0 faire dans le monde de l&rsquo;\u00e9dition fran\u00e7ais\u00a0\u00bb<\/em>, \u00e0 quoi la jeune femme r\u00e9pond que, puisqu&rsquo;il est impossible que les gens en place se r\u00e9veillassent un matin frapp\u00e9s par la lumi\u00e8re, il faut les frapper au porte-monnaie, les attaquer m\u00e9diatiquement, et puis finalement, <em>\u00ab\u00a0la solution ce serait de changer toutes les \u00e9quipes <\/em>[en les rempla\u00e7ant]<em> par des gens qui sont ouverts \u00e0 ces questions-l\u00e0\u00a0\u00bb<\/em>.<br>Emma Clit est coutumi\u00e8re des propositions radicales, en 2018 elle avait publi\u00e9 <a rel=\"noreferrer noopener\" href=\"https:\/\/emmaclit.com\/2018\/03\/02\/un-ptit-coup-de-main\/\" target=\"_blank\">un billet de blog<\/a> pour demander \u00e0 ses lecteurs de faire pression pour faire retirer des librairies le livre \u00ab\u00a0On a chop\u00e9 la pubert\u00e9\u00a0\u00bb (Anne Guillard, S\u00e9verine Clochard, M\u00e9lissa Cont\u00e9), et une autre fois sur Twitter <a rel=\"noreferrer noopener\" href=\"https:\/\/twitter.com\/KerriganNuNue\/status\/1064105976440283136\" target=\"_blank\">elle a lanc\u00e9 l&rsquo;halali<\/a> contre \u00ab\u00a0La Guerre des bisous\u00a0\u00bb, de Vincent Cuvellier. Enfin, cette semaine, suite \u00e0 l&rsquo;annonce par Jean-Marc Rochette de son abandon du monde de la bd, elle s&rsquo;est content\u00e9e <a rel=\"noreferrer noopener\" href=\"https:\/\/twitter.com\/KerriganNuNue\/status\/1604832476006068224\" target=\"_blank\">d&rsquo;ironiser en r\u00e9pondant avec le \u00ab\u00a0au revoir\u00a0\u00bb de Valrey Giscard d&rsquo;Estaing<\/a>. J&rsquo;avoue que ce m\u00e9lange des genres entre un dessin gnangnan et une certaine violence dans le projet me semble, au fond, assez d\u00e9plaisante. <span class=\"footnote-back-link-wrapper\"> [<a href=\"#identifier_13_10776\" class=\"footnote-link footnote-back-link\">&#8617;<\/a>]<\/span><\/li><li id=\"footnote_14_10776\" class=\"footnote\">Article que le site LundiMatin avait publi\u00e9 puis, avec une certaine pleutrerie, d\u00e9publi\u00e9 !<span class=\"footnote-back-link-wrapper\"> [<a href=\"#identifier_14_10776\" class=\"footnote-link footnote-back-link\">&#8617;<\/a>]<\/span><\/li><\/ol>","protected":false},"excerpt":{"rendered":"<p>(contexte : apr\u00e8s quelques jours d&rsquo;agitation m\u00e9diatique cons\u00e9cutive \u00e0 l&rsquo;annonce de la tenue d&rsquo;une exposition laissant \u00ab\u00a0carte blanche\u00a0\u00bb \u00e0 Bastien Viv\u00e8s, accus\u00e9 de publications p\u00e9dopornographiques et de propos insultants et mena\u00e7ants envers une cons\u0153ur autrice de bande dessin\u00e9e, le Festival d&rsquo;Angoul\u00eame choisit de d\u00e9programmer l&rsquo;\u00e9v\u00e9nement) Une fois que les opinions sont s\u00e9diment\u00e9es sur un sujet, [&hellip;]<\/p>\n","protected":false},"author":1,"featured_media":0,"comment_status":"open","ping_status":"open","sticky":false,"template":"","format":"standard","meta":{"footnotes":""},"categories":[13,8,9],"tags":[],"class_list":["post-10776","post","type-post","status-publish","format-standard","hentry","category-dessin","category-education","category-sexisme"],"_links":{"self":[{"href":"https:\/\/hyperbate.fr\/castagne\/wp-json\/wp\/v2\/posts\/10776","targetHints":{"allow":["GET"]}}],"collection":[{"href":"https:\/\/hyperbate.fr\/castagne\/wp-json\/wp\/v2\/posts"}],"about":[{"href":"https:\/\/hyperbate.fr\/castagne\/wp-json\/wp\/v2\/types\/post"}],"author":[{"embeddable":true,"href":"https:\/\/hyperbate.fr\/castagne\/wp-json\/wp\/v2\/users\/1"}],"replies":[{"embeddable":true,"href":"https:\/\/hyperbate.fr\/castagne\/wp-json\/wp\/v2\/comments?post=10776"}],"version-history":[{"count":4,"href":"https:\/\/hyperbate.fr\/castagne\/wp-json\/wp\/v2\/posts\/10776\/revisions"}],"predecessor-version":[{"id":11030,"href":"https:\/\/hyperbate.fr\/castagne\/wp-json\/wp\/v2\/posts\/10776\/revisions\/11030"}],"wp:attachment":[{"href":"https:\/\/hyperbate.fr\/castagne\/wp-json\/wp\/v2\/media?parent=10776"}],"wp:term":[{"taxonomy":"category","embeddable":true,"href":"https:\/\/hyperbate.fr\/castagne\/wp-json\/wp\/v2\/categories?post=10776"},{"taxonomy":"post_tag","embeddable":true,"href":"https:\/\/hyperbate.fr\/castagne\/wp-json\/wp\/v2\/tags?post=10776"}],"curies":[{"name":"wp","href":"https:\/\/api.w.org\/{rel}","templated":true}]}}